{"id":3695,"date":"2019-03-02T16:35:01","date_gmt":"2019-03-02T15:35:01","guid":{"rendered":"http:\/\/agora.xtec.cat\/escgaspardeportola\/?p=3695"},"modified":"2019-03-02T16:35:01","modified_gmt":"2019-03-02T15:35:01","slug":"la-pocio-carnestoltica","status":"publish","type":"post","link":"https:\/\/agora.xtec.cat\/escgaspardeportola\/portada\/la-pocio-carnestoltica\/","title":{"rendered":"La Poci\u00f3 Carnest\u00f2ltica"},"content":{"rendered":"<p>Durant la setmana el Rei Carnestoltes ens ha manat un seguit d\u2019ordres d\u2019all\u00f2 m\u00e9s divertides. Alumnat i professorat les hem seguit de molt bon grat. Gr\u00e0cies a l\u2019AMPA amb \u00a0la \u201c Poci\u00f3 carnest\u00f2ltica\u201d de divendres hem acabat la setmana a l\u2019escola amb for\u00e7a gresca i xerinola. Per\u00f2 aix\u00f2 no \u00e9s tot, dem\u00e0 diumenge ho acabarem d\u2019arrodonir amb la fant\u00e0stica carrossa de LEGO! No us la podeu perdre.<\/p>\n<p>Fins diumenge!<\/p>\n<p>Fes clic a la imatge per a veure m\u00e9s fotografies<\/p>\n<p><a href=\"https:\/\/photos.google.com\/u\/2\/share\/AF1QipPlsW8o_Xi_rW24rXv3gK308-DvNa5ZgZsEVIv6JRQKnwxZBRgKVbJwQnvG45B0tA?key=SF9qLTBadVYzUEtubHNSNzZ1RmowaGlRLU9YMmxn\"><img loading=\"lazy\" decoding=\"async\" class=\"alignnone size-large\" src=\"https:\/\/lh3.googleusercontent.com\/tqe5RQQq3bJ3Tk9vhyFCZtgZMQ25sEfu4XghRMMBYwyo1KW29ji0AODBmW9ptIlJj_JU5TM8jURN5boLr4KXQsKrb1HXpfr9ppML6ands6BgESlikQr006gcGp0HH8LeQXgP_oD-dGltyOZRhcyuo6mJIPlPFTyNlv17Zm57eHgtNCoaC0mLaRpihUJ_QFzFDIsOG8-CwsSgS84sQ8xYLL4dXSu6hzVwxcUTa01J0ldx91uyCYLJTC1AMf2mQ2qrLLlRpc5rZbxQ3tPzRTs9UIVqiAY8LfpaiZ9bVG7BWzMLp3giEOrLGrw6Uz1fUyKvTZTxWYqg33jNOmEo5jjGrn_LcFORCG0hW1cvp4hv5-Owe89_KTgOnGw227gdZCIpYdZIeRxwp2OmHjjRZgPph21v_8FEOQEy5DoSaNTkvTd1DvwliMQe4lyUBIz-Z5XN1ZREAh5C2oKGRq2s8kUf0VbxShVUxjAluFyYE2mx3raHgZ8ELahB6C3M86_vzZ-ZkC_HvFRcO14Se9xY5D07MNVhGS_fTHzQprT79AysTyAkB9PpIDlh6MNcEBObYKe7rQTtbR0HwjeMTwq4KRPTP6wDKZS4wbaX0qWWtWy6keV6vLB5_9_pdIKhpk5DM5NtrxHNkT-IF5iLQnL9FB0Zf23ziqI5Y0fiujGiuI6JJ3J3Tg1-khwq57g-5_dOiiAhCV5hRR2aj7Vx6_lAs_ZXN2l3=w1116-h837-no\" width=\"1116\" height=\"837\" \/><\/a><\/p>\n<p>&nbsp;<\/p>\n","protected":false},"excerpt":{"rendered":"<p>Durant la setmana el Rei Carnestoltes ens ha manat un seguit d\u2019ordres d\u2019all\u00f2 m\u00e9s divertides. Alumnat i professorat les hem seguit de molt bon grat. Gr\u00e0cies a l\u2019AMPA amb \u00a0la \u201c Poci\u00f3 carnest\u00f2ltica\u201d de divendres hem acabat la setmana a l\u2019escola amb for\u00e7a gresca i xerinola. Per\u00f2 aix\u00f2 no \u00e9s tot, dem\u00e0 diumenge ho acabarem [&hellip;]<\/p>\n","protected":false},"author":1,"featured_media":0,"comment_status":"closed","ping_status":"closed","sticky":false,"template":"","format":"standard","meta":{"_bbp_topic_count":0,"_bbp_reply_count":0,"_bbp_total_topic_count":0,"_bbp_total_reply_count":0,"_bbp_voice_count":0,"_bbp_anonymous_reply_count":0,"_bbp_topic_count_hidden":0,"_bbp_reply_count_hidden":0,"_bbp_forum_subforum_count":0,"site-sidebar-layout":"default","site-content-layout":"","ast-site-content-layout":"","site-content-style":"default","site-sidebar-style":"default","ast-global-header-display":"","ast-banner-title-visibility":"","ast-main-header-display":"","ast-hfb-above-header-display":"","ast-hfb-below-header-display":"","ast-hfb-mobile-header-display":"","site-post-title":"","ast-breadcrumbs-content":"","ast-featured-img":"","footer-sml-layout":"","theme-transparent-header-meta":"","adv-header-id-meta":"","stick-header-meta":"","header-above-stick-meta":"","header-main-stick-meta":"","header-below-stick-meta":"","astra-migrate-meta-layouts":"default","ast-page-background-enabled":"default","ast-page-background-meta":{"desktop":{"background-color":"var(--ast-global-color-4)","background-image":"","background-repeat":"repeat","background-position":"center center","background-size":"auto","background-attachment":"scroll","background-type":"","background-media":"","overlay-type":"","overlay-color":"","overlay-opacity":"","overlay-gradient":""},"tablet":{"background-color":"","background-image":"","background-repeat":"repeat","background-position":"center center","background-size":"auto","background-attachment":"scroll","background-type":"","background-media":"","overlay-type":"","overlay-color":"","overlay-opacity":"","overlay-gradient":""},"mobile":{"background-color":"","background-image":"","background-repeat":"repeat","background-position":"center center","background-size":"auto","background-attachment":"scroll","background-type":"","background-media":"","overlay-type":"","overlay-color":"","overlay-opacity":"","overlay-gradient":""}},"ast-content-background-meta":{"desktop":{"background-color":"var(--ast-global-color-5)","background-image":"","background-repeat":"repeat","background-position":"center center","background-size":"auto","background-attachment":"scroll","background-type":"","background-media":"","overlay-type":"","overlay-color":"","overlay-opacity":"","overlay-gradient":""},"tablet":{"background-color":"var(--ast-global-color-5)","background-image":"","background-repeat":"repeat","background-position":"center center","background-size":"auto","background-attachment":"scroll","background-type":"","background-media":"","overlay-type":"","overlay-color":"","overlay-opacity":"","overlay-gradient":""},"mobile":{"background-color":"var(--ast-global-color-5)","background-image":"","background-repeat":"repeat","background-position":"center center","background-size":"auto","background-attachment":"scroll","background-type":"","background-media":"","overlay-type":"","overlay-color":"","overlay-opacity":"","overlay-gradient":""}},"footnotes":""},"categories":[266,4],"tags":[122,203],"class_list":["post-3695","post","type-post","status-publish","format-standard","hentry","category-afa","category-portada","tag-ampa","tag-carnestoltes"],"post_mailing_queue_ids":[],"_links":{"self":[{"href":"https:\/\/agora.xtec.cat\/escgaspardeportola\/wp-json\/wp\/v2\/posts\/3695","targetHints":{"allow":["GET"]}}],"collection":[{"href":"https:\/\/agora.xtec.cat\/escgaspardeportola\/wp-json\/wp\/v2\/posts"}],"about":[{"href":"https:\/\/agora.xtec.cat\/escgaspardeportola\/wp-json\/wp\/v2\/types\/post"}],"author":[{"embeddable":true,"href":"https:\/\/agora.xtec.cat\/escgaspardeportola\/wp-json\/wp\/v2\/users\/1"}],"replies":[{"embeddable":true,"href":"https:\/\/agora.xtec.cat\/escgaspardeportola\/wp-json\/wp\/v2\/comments?post=3695"}],"version-history":[{"count":1,"href":"https:\/\/agora.xtec.cat\/escgaspardeportola\/wp-json\/wp\/v2\/posts\/3695\/revisions"}],"predecessor-version":[{"id":3696,"href":"https:\/\/agora.xtec.cat\/escgaspardeportola\/wp-json\/wp\/v2\/posts\/3695\/revisions\/3696"}],"wp:attachment":[{"href":"https:\/\/agora.xtec.cat\/escgaspardeportola\/wp-json\/wp\/v2\/media?parent=3695"}],"wp:term":[{"taxonomy":"category","embeddable":true,"href":"https:\/\/agora.xtec.cat\/escgaspardeportola\/wp-json\/wp\/v2\/categories?post=3695"},{"taxonomy":"post_tag","embeddable":true,"href":"https:\/\/agora.xtec.cat\/escgaspardeportola\/wp-json\/wp\/v2\/tags?post=3695"}],"curies":[{"name":"wp","href":"https:\/\/api.w.org\/{rel}","templated":true}]}}