{"id":3689,"date":"2019-02-27T12:19:16","date_gmt":"2019-02-27T11:19:16","guid":{"rendered":"http:\/\/agora.xtec.cat\/escgaspardeportola\/?p=3689"},"modified":"2019-08-26T19:55:33","modified_gmt":"2019-08-26T17:55:33","slug":"preparats-musica-i-accio","status":"publish","type":"post","link":"https:\/\/agora.xtec.cat\/escgaspardeportola\/cicleinicial\/preparats-musica-i-accio\/","title":{"rendered":"PREPARATS, M\u00daSICA I ACCI\u00d3!"},"content":{"rendered":"<p>Els nens i nenes de primer i segon de cicle inicial estem preparant amb moltes ganes un espectacle de dansa, expressi\u00f3 i moviment. Per aquest motiu rebem assessorament de diversos professionals.<\/p>\n<p>Dimarts 26 l\u2019actriu Carme Brusau \u00a0va visitar als nens i nenes de primer per a fer un taller d\u2019expressi\u00f3 corporal. \u00a0L\u2019objectiu, ajudar-nos a situar i expressar els diversos personatges que representarem el dia 4 d\u2019abril al mat\u00ed al teatre municipal de Balaguer.<\/p>\n<p>No us podem avan\u00e7ar res m\u00e9s, nom\u00e9s que us reserveu el dia i us prepareu per a gaudir del que els vostres fills i filles us preparen amb molta il\u00b7lusi\u00f3.<\/p>\n<p>Feu clic a la imatge per a veure m\u00e9s fotografies.<\/p>\n<p><a href=\"https:\/\/photos.google.com\/share\/AF1QipMqRWFwxQdaWcucm4epjFmTfU24rAKYN3PpYsBbWD90SyVHqxabi1xUI44btcfaUQ?key=SFh1Q3hrbU81N19HU1lHeFBuMnlzcHA3YzFSdnR3\"><img loading=\"lazy\" decoding=\"async\" class=\"alignnone \" src=\"https:\/\/lh3.googleusercontent.com\/c4Xjch5jwNt8QU3F9YAfRWVtiHYmXGFmEksG9_iufjbmygUTwTkDoRT6IfhZaPVWKw6sC938zdc3TWo74JAVrK2YWl9ubBvhk8ujwLFXwmTpdRlcu-dk3FdUFu-SOgArpStn6a92Lezn-XXC_RlKcNrs25PyYMHDhJrygdZ7jS5mbbC7x3ougSGDGVoUvBXFT9VF_Y2wUwGk-R7FqK9iSJV6-elV3F0Vkmw0MwUqIjzyhyet5sX-e4WYV18MLxd-zHVJxhQgnFP7EbMFXut1J4UHZowN5gm8xVrtA4o2HLnwzSESZfqGMjGDAiYKfAWLleOcCph2pSqJvU4Ow2Nk68NrvT1RIE4LT9RVwm9ZvISbcZBPtKs1_I5364g_EqpLIQoBwasoftVrbONdSTQLiaP8nm6-JySZTuEnFfuJDwjO4_RuhpWJQOf08kdqeAqKEO5i-pWUcOtUHlhXWl0VHKfQK92cL-PE_Y3tjXIjun7lG5NdjVRow1tyxX5U8KM9ztB2IQEJQVRYtezH5OLpdFDlLi1IrC2oxdGSjKk7hwr1s6neu9LmmCwD9-3n1WUdA9WQBuxDBBeZhhVQok5-E1N0CaXTjwSpTfV7GABv3rori77YyxNZJMn_12vvyhBCOC5pdcbFI8VoKVcx0SMGHPL6uolgRq37SF_8PLmNX3Lv7OjuqSY2ZnGitxdEu1d2egUBDYOBm8zEOrJKNMg3opFC=w1116-h837-no\" width=\"814\" height=\"611\" \/><\/a><\/p>\n","protected":false},"excerpt":{"rendered":"<p>Els nens i nenes de primer i segon de cicle inicial estem preparant amb moltes ganes un espectacle de dansa, expressi\u00f3 i moviment. Per aquest motiu rebem assessorament de diversos professionals. Dimarts 26 l\u2019actriu Carme Brusau \u00a0va visitar als nens i nenes de primer per a fer un taller d\u2019expressi\u00f3 corporal. \u00a0L\u2019objectiu, ajudar-nos a situar [&hellip;]<\/p>\n","protected":false},"author":1,"featured_media":0,"comment_status":"closed","ping_status":"closed","sticky":false,"template":"","format":"standard","meta":{"_bbp_topic_count":0,"_bbp_reply_count":0,"_bbp_total_topic_count":0,"_bbp_total_reply_count":0,"_bbp_voice_count":0,"_bbp_anonymous_reply_count":0,"_bbp_topic_count_hidden":0,"_bbp_reply_count_hidden":0,"_bbp_forum_subforum_count":0,"site-sidebar-layout":"default","site-content-layout":"","ast-site-content-layout":"","site-content-style":"default","site-sidebar-style":"default","ast-global-header-display":"","ast-banner-title-visibility":"","ast-main-header-display":"","ast-hfb-above-header-display":"","ast-hfb-below-header-display":"","ast-hfb-mobile-header-display":"","site-post-title":"","ast-breadcrumbs-content":"","ast-featured-img":"","footer-sml-layout":"","theme-transparent-header-meta":"","adv-header-id-meta":"","stick-header-meta":"","header-above-stick-meta":"","header-main-stick-meta":"","header-below-stick-meta":"","astra-migrate-meta-layouts":"default","ast-page-background-enabled":"default","ast-page-background-meta":{"desktop":{"background-color":"var(--ast-global-color-4)","background-image":"","background-repeat":"repeat","background-position":"center center","background-size":"auto","background-attachment":"scroll","background-type":"","background-media":"","overlay-type":"","overlay-color":"","overlay-opacity":"","overlay-gradient":""},"tablet":{"background-color":"","background-image":"","background-repeat":"repeat","background-position":"center center","background-size":"auto","background-attachment":"scroll","background-type":"","background-media":"","overlay-type":"","overlay-color":"","overlay-opacity":"","overlay-gradient":""},"mobile":{"background-color":"","background-image":"","background-repeat":"repeat","background-position":"center center","background-size":"auto","background-attachment":"scroll","background-type":"","background-media":"","overlay-type":"","overlay-color":"","overlay-opacity":"","overlay-gradient":""}},"ast-content-background-meta":{"desktop":{"background-color":"var(--ast-global-color-5)","background-image":"","background-repeat":"repeat","background-position":"center center","background-size":"auto","background-attachment":"scroll","background-type":"","background-media":"","overlay-type":"","overlay-color":"","overlay-opacity":"","overlay-gradient":""},"tablet":{"background-color":"var(--ast-global-color-5)","background-image":"","background-repeat":"repeat","background-position":"center center","background-size":"auto","background-attachment":"scroll","background-type":"","background-media":"","overlay-type":"","overlay-color":"","overlay-opacity":"","overlay-gradient":""},"mobile":{"background-color":"var(--ast-global-color-5)","background-image":"","background-repeat":"repeat","background-position":"center center","background-size":"auto","background-attachment":"scroll","background-type":"","background-media":"","overlay-type":"","overlay-color":"","overlay-opacity":"","overlay-gradient":""}},"footnotes":""},"categories":[63,321],"tags":[],"class_list":["post-3689","post","type-post","status-publish","format-standard","hentry","category-cicleinicial","category-gaspartschool"],"post_mailing_queue_ids":[],"_links":{"self":[{"href":"https:\/\/agora.xtec.cat\/escgaspardeportola\/wp-json\/wp\/v2\/posts\/3689","targetHints":{"allow":["GET"]}}],"collection":[{"href":"https:\/\/agora.xtec.cat\/escgaspardeportola\/wp-json\/wp\/v2\/posts"}],"about":[{"href":"https:\/\/agora.xtec.cat\/escgaspardeportola\/wp-json\/wp\/v2\/types\/post"}],"author":[{"embeddable":true,"href":"https:\/\/agora.xtec.cat\/escgaspardeportola\/wp-json\/wp\/v2\/users\/1"}],"replies":[{"embeddable":true,"href":"https:\/\/agora.xtec.cat\/escgaspardeportola\/wp-json\/wp\/v2\/comments?post=3689"}],"version-history":[{"count":1,"href":"https:\/\/agora.xtec.cat\/escgaspardeportola\/wp-json\/wp\/v2\/posts\/3689\/revisions"}],"predecessor-version":[{"id":3690,"href":"https:\/\/agora.xtec.cat\/escgaspardeportola\/wp-json\/wp\/v2\/posts\/3689\/revisions\/3690"}],"wp:attachment":[{"href":"https:\/\/agora.xtec.cat\/escgaspardeportola\/wp-json\/wp\/v2\/media?parent=3689"}],"wp:term":[{"taxonomy":"category","embeddable":true,"href":"https:\/\/agora.xtec.cat\/escgaspardeportola\/wp-json\/wp\/v2\/categories?post=3689"},{"taxonomy":"post_tag","embeddable":true,"href":"https:\/\/agora.xtec.cat\/escgaspardeportola\/wp-json\/wp\/v2\/tags?post=3689"}],"curies":[{"name":"wp","href":"https:\/\/api.w.org\/{rel}","templated":true}]}}