{"id":3684,"date":"2019-02-22T22:30:49","date_gmt":"2019-02-22T21:30:49","guid":{"rendered":"http:\/\/agora.xtec.cat\/escgaspardeportola\/?p=3684"},"modified":"2019-02-22T22:30:49","modified_gmt":"2019-02-22T21:30:49","slug":"inici-de-robotica-a-p4-les-bee-bots","status":"publish","type":"post","link":"https:\/\/agora.xtec.cat\/escgaspardeportola\/educacioinfantil\/inici-de-robotica-a-p4-les-bee-bots\/","title":{"rendered":"Inici de rob\u00f2tica a P4. Les Bee Bots"},"content":{"rendered":"<p style=\"text-align: justify\">Durant aquesta setmana els alumnes de P4 han estat acompanyats d&#8217;uns robots molt especials\u2026 els <strong>Bee Bots<\/strong>!!! (abelles robots). Amb aquestes petites abelles ens hem proposat aconseguir els seg\u00fcents objectius:<\/p>\n<ul>\n<li style=\"text-align: justify\">Iniciar els m\u00e9s petits en la programaci\u00f3 d\u2019un robot.<\/li>\n<li style=\"text-align: justify\">Accedir a continguts curriculars d\u2019una manera diferent.<\/li>\n<li style=\"text-align: justify\">Superar reptes diaris posant en pr\u00e0ctica conceptes i habilitats cognitives relacionades amb diferents \u00e0rees curriculars.<\/li>\n<li style=\"text-align: justify\">Iniciar-se en el llenguatge de programaci\u00f3 de manera natural i l\u00fadica.<\/li>\n<li style=\"text-align: justify\">Desenvolupar l\u2019aprenentatge per indagaci\u00f3. Aprenentatge assaig-error.<\/li>\n<li style=\"text-align: justify\">Valorar la rob\u00f2tica educativa com a un recurs m\u00e9s per l\u2019aprenentatge.<\/li>\n<li style=\"text-align: justify\">Despertar la curiositat pel m\u00f3n de la rob\u00f2tica.<\/li>\n<\/ul>\n<p style=\"text-align: center\">Si voleu veure fotos de les activitats realitzades, cliqueu <a href=\"https:\/\/photos.app.goo.gl\/cwyJL5dkyAtt6yxn9\">AQU\u00cd<\/a><\/p>\n","protected":false},"excerpt":{"rendered":"<p>Durant aquesta setmana els alumnes de P4 han estat acompanyats d&#8217;uns robots molt especials\u2026 els Bee Bots!!! (abelles robots). Amb aquestes petites abelles ens hem proposat aconseguir els seg\u00fcents objectius: Iniciar els m\u00e9s petits en la programaci\u00f3 d\u2019un robot. Accedir a continguts curriculars d\u2019una manera diferent. Superar reptes diaris posant en pr\u00e0ctica conceptes i habilitats [&hellip;]<\/p>\n","protected":false},"author":1,"featured_media":0,"comment_status":"open","ping_status":"closed","sticky":false,"template":"","format":"standard","meta":{"_bbp_topic_count":0,"_bbp_reply_count":0,"_bbp_total_topic_count":0,"_bbp_total_reply_count":0,"_bbp_voice_count":0,"_bbp_anonymous_reply_count":0,"_bbp_topic_count_hidden":0,"_bbp_reply_count_hidden":0,"_bbp_forum_subforum_count":0,"site-sidebar-layout":"default","site-content-layout":"","ast-site-content-layout":"","site-content-style":"default","site-sidebar-style":"default","ast-global-header-display":"","ast-banner-title-visibility":"","ast-main-header-display":"","ast-hfb-above-header-display":"","ast-hfb-below-header-display":"","ast-hfb-mobile-header-display":"","site-post-title":"","ast-breadcrumbs-content":"","ast-featured-img":"","footer-sml-layout":"","theme-transparent-header-meta":"","adv-header-id-meta":"","stick-header-meta":"","header-above-stick-meta":"","header-main-stick-meta":"","header-below-stick-meta":"","astra-migrate-meta-layouts":"default","ast-page-background-enabled":"default","ast-page-background-meta":{"desktop":{"background-color":"var(--ast-global-color-4)","background-image":"","background-repeat":"repeat","background-position":"center center","background-size":"auto","background-attachment":"scroll","background-type":"","background-media":"","overlay-type":"","overlay-color":"","overlay-opacity":"","overlay-gradient":""},"tablet":{"background-color":"","background-image":"","background-repeat":"repeat","background-position":"center center","background-size":"auto","background-attachment":"scroll","background-type":"","background-media":"","overlay-type":"","overlay-color":"","overlay-opacity":"","overlay-gradient":""},"mobile":{"background-color":"","background-image":"","background-repeat":"repeat","background-position":"center center","background-size":"auto","background-attachment":"scroll","background-type":"","background-media":"","overlay-type":"","overlay-color":"","overlay-opacity":"","overlay-gradient":""}},"ast-content-background-meta":{"desktop":{"background-color":"var(--ast-global-color-5)","background-image":"","background-repeat":"repeat","background-position":"center center","background-size":"auto","background-attachment":"scroll","background-type":"","background-media":"","overlay-type":"","overlay-color":"","overlay-opacity":"","overlay-gradient":""},"tablet":{"background-color":"var(--ast-global-color-5)","background-image":"","background-repeat":"repeat","background-position":"center center","background-size":"auto","background-attachment":"scroll","background-type":"","background-media":"","overlay-type":"","overlay-color":"","overlay-opacity":"","overlay-gradient":""},"mobile":{"background-color":"var(--ast-global-color-5)","background-image":"","background-repeat":"repeat","background-position":"center center","background-size":"auto","background-attachment":"scroll","background-type":"","background-media":"","overlay-type":"","overlay-color":"","overlay-opacity":"","overlay-gradient":""}},"footnotes":""},"categories":[64],"tags":[],"class_list":["post-3684","post","type-post","status-publish","format-standard","hentry","category-educacioinfantil"],"post_mailing_queue_ids":[],"_links":{"self":[{"href":"https:\/\/agora.xtec.cat\/escgaspardeportola\/wp-json\/wp\/v2\/posts\/3684","targetHints":{"allow":["GET"]}}],"collection":[{"href":"https:\/\/agora.xtec.cat\/escgaspardeportola\/wp-json\/wp\/v2\/posts"}],"about":[{"href":"https:\/\/agora.xtec.cat\/escgaspardeportola\/wp-json\/wp\/v2\/types\/post"}],"author":[{"embeddable":true,"href":"https:\/\/agora.xtec.cat\/escgaspardeportola\/wp-json\/wp\/v2\/users\/1"}],"replies":[{"embeddable":true,"href":"https:\/\/agora.xtec.cat\/escgaspardeportola\/wp-json\/wp\/v2\/comments?post=3684"}],"version-history":[{"count":2,"href":"https:\/\/agora.xtec.cat\/escgaspardeportola\/wp-json\/wp\/v2\/posts\/3684\/revisions"}],"predecessor-version":[{"id":3688,"href":"https:\/\/agora.xtec.cat\/escgaspardeportola\/wp-json\/wp\/v2\/posts\/3684\/revisions\/3688"}],"wp:attachment":[{"href":"https:\/\/agora.xtec.cat\/escgaspardeportola\/wp-json\/wp\/v2\/media?parent=3684"}],"wp:term":[{"taxonomy":"category","embeddable":true,"href":"https:\/\/agora.xtec.cat\/escgaspardeportola\/wp-json\/wp\/v2\/categories?post=3684"},{"taxonomy":"post_tag","embeddable":true,"href":"https:\/\/agora.xtec.cat\/escgaspardeportola\/wp-json\/wp\/v2\/tags?post=3684"}],"curies":[{"name":"wp","href":"https:\/\/api.w.org\/{rel}","templated":true}]}}