{"id":3545,"date":"2019-01-31T09:53:37","date_gmt":"2019-01-31T08:53:37","guid":{"rendered":"http:\/\/agora.xtec.cat\/escgaspardeportola\/?p=3545"},"modified":"2019-01-31T09:53:37","modified_gmt":"2019-01-31T08:53:37","slug":"amb-ulls-de-pau","status":"publish","type":"post","link":"https:\/\/agora.xtec.cat\/escgaspardeportola\/general\/amb-ulls-de-pau\/","title":{"rendered":"AMB ULLS DE PAU"},"content":{"rendered":"<p>Els ulls de tots els nens i nenes de l\u2019escola han estat els protagonistes d\u2019aquesta tarda per a commemorar el dia de la Pau i la No viol\u00e8ncia. Durant el mat\u00ed cada curs ha elaborat diversos missatges i constru\u00eft unes lletres on hi havia enganxat els ulls de tots els nens i nenes del curs. A la tarda despr\u00e9s de la lectura dels missatges s\u2019ha anat penjant les lletres als porxos. La uni\u00f3 de totes elles ha estat el lema d\u2019aquest any. AMB ULLS DE PAU.<\/p>\n<p>Un cop acabat els nens i nenes de sis\u00e8 han realitzat una sessi\u00f3 d\u2019aer\u00f2bic que pr\u00e8viament s\u2019havia treballat a la classe d\u2019Educaci\u00f3 F\u00edsica. Fent ballar alumnes i professors per la PAU.<\/p>\n<p>El m\u00e9s dol\u00e7 ha estat al finalitzar la jornada quan els grans de l\u2019escola han repartit la xocolata amb melindros com a projecte d\u2019emprenedoria i recaptar diners per a les sortides. Una xocolata que han elaborat les fam\u00edlies del cicle superior i que era molt i molt bona.<\/p>\n<p>Feu clic a la imatge per a veure m\u00e9s fotografies<\/p>\n<p><a href=\"https:\/\/photos.google.com\/u\/1\/share\/AF1QipNjKsusAaKkxmZlP1-rYzGTSOrM68On3t4LDrhyqxZuCLXc0DuFVFEaXkuOzkiEQA?key=c21oUElCYnVCR2lXMkpvUU9GOTUxN2w1VjhEcEZB\"><img loading=\"lazy\" decoding=\"async\" class=\"alignnone size-large\" src=\"https:\/\/lh3.googleusercontent.com\/DYeaMEiGjNtSXKdUTLQpPEQkNpfmupOYU84KFW6f8tS-fNiX2EE1AD28103SvXveOEJYnryGk8B5fvE81p58z13eTez8PoeCCeTQko74u36sODE3aDiza1fGzwCt8GsTKi59WIulQSmcQmfwMqfDJvSnYw3kb8JvTdqKDxfuip0iZ8MD2I4llAUK443VoN6pr4QTagSm78JVuzGKtPDMe1dp26tQ1mK5oCqKuWwQFvZl9u14Pcng--U0HmSig4vETNM6JAoZURR6qIP9jLXCVzmH5oYvVIwX2vVwB2kNmx5_KdC22WlxYgLbNb_t4dkBJDzXrvloi8ygI1T0Tj4iZjo2oNiYYfwuG_KMnOeOHFtFBnArvHIVXsajWvUs5Nui2lAtRUF8y5rwNZRRbrlvNhlGPq0BeFnorRU6z0S6PD00CSrktJzo2XFwfV12IkdC1p75P8dIKHLvqIijI-QbpyBfjVQH7QQyiqSZFfiFAIXMTpvbhqv5hP0d9yT-GBf4f75Ud_1egjDkXy6XnteH0vEmubFGYR6NUc2ejCkEtTbyF4VjavHt4Bp8uX8httZQ_DmkST-6NBXmwqrCGO175LCxQKpwC_Okxo2CMnWuFA73WZwrTdirR0NxS9LrWsb4hGyjiisSAdIgAq2oZL3WSJmZBk3GQvgrneBTcg5q_W4_2fBXFxB0NZgtVHctk3vv_0IMomOTVy0BLry4Vw=w835-h626-no\" width=\"835\" height=\"626\" \/><\/a><\/p>\n","protected":false},"excerpt":{"rendered":"<p>Els ulls de tots els nens i nenes de l\u2019escola han estat els protagonistes d\u2019aquesta tarda per a commemorar el dia de la Pau i la No viol\u00e8ncia. Durant el mat\u00ed cada curs ha elaborat diversos missatges i constru\u00eft unes lletres on hi havia enganxat els ulls de tots els nens i nenes del curs. [&hellip;]<\/p>\n","protected":false},"author":1,"featured_media":0,"comment_status":"closed","ping_status":"closed","sticky":false,"template":"","format":"standard","meta":{"_bbp_topic_count":0,"_bbp_reply_count":0,"_bbp_total_topic_count":0,"_bbp_total_reply_count":0,"_bbp_voice_count":0,"_bbp_anonymous_reply_count":0,"_bbp_topic_count_hidden":0,"_bbp_reply_count_hidden":0,"_bbp_forum_subforum_count":0,"site-sidebar-layout":"default","site-content-layout":"","ast-site-content-layout":"","site-content-style":"default","site-sidebar-style":"default","ast-global-header-display":"","ast-banner-title-visibility":"","ast-main-header-display":"","ast-hfb-above-header-display":"","ast-hfb-below-header-display":"","ast-hfb-mobile-header-display":"","site-post-title":"","ast-breadcrumbs-content":"","ast-featured-img":"","footer-sml-layout":"","theme-transparent-header-meta":"","adv-header-id-meta":"","stick-header-meta":"","header-above-stick-meta":"","header-main-stick-meta":"","header-below-stick-meta":"","astra-migrate-meta-layouts":"default","ast-page-background-enabled":"default","ast-page-background-meta":{"desktop":{"background-color":"var(--ast-global-color-4)","background-image":"","background-repeat":"repeat","background-position":"center center","background-size":"auto","background-attachment":"scroll","background-type":"","background-media":"","overlay-type":"","overlay-color":"","overlay-opacity":"","overlay-gradient":""},"tablet":{"background-color":"","background-image":"","background-repeat":"repeat","background-position":"center center","background-size":"auto","background-attachment":"scroll","background-type":"","background-media":"","overlay-type":"","overlay-color":"","overlay-opacity":"","overlay-gradient":""},"mobile":{"background-color":"","background-image":"","background-repeat":"repeat","background-position":"center center","background-size":"auto","background-attachment":"scroll","background-type":"","background-media":"","overlay-type":"","overlay-color":"","overlay-opacity":"","overlay-gradient":""}},"ast-content-background-meta":{"desktop":{"background-color":"var(--ast-global-color-5)","background-image":"","background-repeat":"repeat","background-position":"center center","background-size":"auto","background-attachment":"scroll","background-type":"","background-media":"","overlay-type":"","overlay-color":"","overlay-opacity":"","overlay-gradient":""},"tablet":{"background-color":"var(--ast-global-color-5)","background-image":"","background-repeat":"repeat","background-position":"center center","background-size":"auto","background-attachment":"scroll","background-type":"","background-media":"","overlay-type":"","overlay-color":"","overlay-opacity":"","overlay-gradient":""},"mobile":{"background-color":"var(--ast-global-color-5)","background-image":"","background-repeat":"repeat","background-position":"center center","background-size":"auto","background-attachment":"scroll","background-type":"","background-media":"","overlay-type":"","overlay-color":"","overlay-opacity":"","overlay-gradient":""}},"footnotes":""},"categories":[1,4],"tags":[303],"class_list":["post-3545","post","type-post","status-publish","format-standard","hentry","category-general","category-portada","tag-pau-2019"],"post_mailing_queue_ids":[],"_links":{"self":[{"href":"https:\/\/agora.xtec.cat\/escgaspardeportola\/wp-json\/wp\/v2\/posts\/3545","targetHints":{"allow":["GET"]}}],"collection":[{"href":"https:\/\/agora.xtec.cat\/escgaspardeportola\/wp-json\/wp\/v2\/posts"}],"about":[{"href":"https:\/\/agora.xtec.cat\/escgaspardeportola\/wp-json\/wp\/v2\/types\/post"}],"author":[{"embeddable":true,"href":"https:\/\/agora.xtec.cat\/escgaspardeportola\/wp-json\/wp\/v2\/users\/1"}],"replies":[{"embeddable":true,"href":"https:\/\/agora.xtec.cat\/escgaspardeportola\/wp-json\/wp\/v2\/comments?post=3545"}],"version-history":[{"count":1,"href":"https:\/\/agora.xtec.cat\/escgaspardeportola\/wp-json\/wp\/v2\/posts\/3545\/revisions"}],"predecessor-version":[{"id":3561,"href":"https:\/\/agora.xtec.cat\/escgaspardeportola\/wp-json\/wp\/v2\/posts\/3545\/revisions\/3561"}],"wp:attachment":[{"href":"https:\/\/agora.xtec.cat\/escgaspardeportola\/wp-json\/wp\/v2\/media?parent=3545"}],"wp:term":[{"taxonomy":"category","embeddable":true,"href":"https:\/\/agora.xtec.cat\/escgaspardeportola\/wp-json\/wp\/v2\/categories?post=3545"},{"taxonomy":"post_tag","embeddable":true,"href":"https:\/\/agora.xtec.cat\/escgaspardeportola\/wp-json\/wp\/v2\/tags?post=3545"}],"curies":[{"name":"wp","href":"https:\/\/api.w.org\/{rel}","templated":true}]}}