{"id":3522,"date":"2019-01-26T20:43:48","date_gmt":"2019-01-26T19:43:48","guid":{"rendered":"http:\/\/agora.xtec.cat\/escgaspardeportola\/?p=3522"},"modified":"2019-01-26T20:45:46","modified_gmt":"2019-01-26T19:45:46","slug":"projectes-a-cicle-mitja","status":"publish","type":"post","link":"https:\/\/agora.xtec.cat\/escgaspardeportola\/general\/projectes-a-cicle-mitja\/","title":{"rendered":"Projectes a cicle mitj\u00e0!"},"content":{"rendered":"<h3 style=\"text-align: center;\">Aquest curs hem iniciat una nova metodologia per projectes a Cicle Mitj\u00e0.<\/h3>\n<p><img loading=\"lazy\" decoding=\"async\" class=\"SzDcob alignleft\" src=\"https:\/\/lh3.googleusercontent.com\/QEqdcrTox8yNbl0R4eRewnWqBZwnuJJI4dLbOMSIXYy_ndIGRf_wEcZC0RfgwKeXm1MzFzfTJBDXStETvewj0fKuRMf_5x2t3uElPX1Ms9l2MF_PB04n8rZxAETWihwCMS-0ZUBcYpP3Graz_bOPfrHxyFtdDnzFxZ_1ITspbWqmMMRE7WqQg1kPrd00DxgnxUsgCrAl7C02LDlE_9cACFePt4N82kEC03DujHKe7K5spjNffaq5t9nswotvMopkQpiWctr1IDICyngf0gEOJwjjQHVGpInYopWFwlua0fkfVO-cSnia497yotAe2ZtGxwfEph7FS2-7ohmgij_7k3KFvgrlnWnZEFajZCwX7AVdxej9AueY_s0DmcMwiQBUSDuA6jFaAV2oLIYzcCzXLOVtzekNEG1AydudsSDoe-KFPg-Map85Q3F2CrATgRpTkFi0VrzEInlEIPFpmHC6ddomLXObZFw6V1Rt3BaZhvh2VPm-2Cwqt2R_Ry5nNG486HYjRytCWVVc_akMdp20fvohpe2E0RXccLkLpQegk_YokjEZFMq9ccsbGs6Gv2iOsjcerF5lCS9WKVnctn8Wpt3U4W8Bxffo2MwR2_vlzZlNMPOo3Xuc5BUroPF6oXaQS3_WEqu_86upvUe1Kwd3SbHv=w806-h604-no\" width=\"315\" height=\"236\" aria-label=\"Foto - Paisatge - 21 d\u2019oct. 2018, 4:55:27\" \/>L\u2019alumnat de quart hem intentat resumir en qu\u00e8 consisteix el nostre treball.: resoldre una pregunta que sorgeix dels nostres interessos.<\/p>\n<p>Per aconseguir els objectius proposats la gran part del treball \u00e9s en grup. Tots els membres d\u2019aquest grup som importants, per aix\u00f2 cadasc\u00fa tenim un c\u00e0rrec. El desenvolupament d\u2019aquestes funcions s\u00f3n una de les diferents claus per aconseguir l\u2019\u00e8xit del projecte.<\/p>\n<p>Els projectes parteixen en una primera etapa d\u2019uns coneixements previs, d\u2019una pluja d\u2019idees.<\/p>\n<p>Una segona etapa d\u2019investigaci\u00f3 on\u00a0 utilitzem diferents fonts (bibliografia, internet, fam\u00edlies, viv\u00e8ncies,&#8230;.) per a\u00a0descobrir o ampliar nous coneixements. La posada en com\u00fa de totes aquestes troballes i la seva organitzaci\u00f3 serviran per a respondre la pregunta que ens hem plantejat a l\u2019inici del projecte.<\/p>\n<table style=\"border-collapse: collapse; width: 100%;\" border=\"1\">\n<tbody>\n<tr>\n<td style=\"width: 50%;\"><img loading=\"lazy\" decoding=\"async\" class=\"SzDcob alignleft\" src=\"https:\/\/lh3.googleusercontent.com\/tp9wU-vG6YRYwU6XChav_axqLfHWFaYRNOVj3NuApg7ujas7IVX2DkEN3i0kyNycE6yeFUjCdlbLli6hLa9HIHwDica57dAu6-sj6D3XIf0h7b3xJLbZuoVySXSSKVQd_2Upwf-XoDF3TAj5iYiW7yZFgXysi9aFnaAGSD7_LNjruQXFDe_Q0ccVixuslChBK4A91_dzC4YpeWSJsZO1ZcwfR4moKI24HiAQnmd2ycYFPGpWLWVWGVKGt3nWNk4MD3qHG0bjhmd0706BocCcAg9AMqW84Nt_8rCri6COYU5amojaS5QGpxFdtD3ObRWes1Es8NWhseujmmViGo84jBEQyM21jezTH-zkb9klFDJJY_4ok5Gz6zA-jlcxsWIDYsm4S9zl931EmPZy13ryk12-jIdeZDKazW3eTI3LG8GQMPANzh289p47aKMLNDiZn38Kgy3n0wiuQD7nWmuESh3eXTDhVBfePqxJSq-y5Zu29E4ZUZ5wzB4ZttN7lIIibHIKqywxv_XtUdGLGu_sMD3ED1k9lEmKUBIxgvgMbzLg7HpsZYZEQIUvPv1TYoSZ3qVKCcjuiNS8ZwYJoODosa--LtWyAhm8bPEG38aEBehhG-eXaaWZsoRAb8a9VfgPvfkB8X4A0eB9lOW3qO5Aj3ty=w806-h604-no\" width=\"368\" height=\"276\" aria-label=\"Foto - Paisatge - 22 d\u2019oct. 2018, 11:59:14\" \/><\/td>\n<td style=\"width: 50%;\"><img loading=\"lazy\" decoding=\"async\" class=\"SzDcob alignright\" src=\"https:\/\/lh3.googleusercontent.com\/1wz8txyng1JKk0SRUc8oR1jzDX0P5QyA7hOggeaRgBtUl8QynnaG4pqmswRDvRRPuvuWS_a_NB-SEEMaIu2LNHFHLFNBXPWl_oY7m3gbo9z2MqqnXzj3WXpzjI5ErmIRjJoDumSr1MtAerx7uoHi3ws38jrgVZKblPs7unWJndfw8u4ToNOqqXfH53zo-XZf5H87dF9zxX6V99t7ZaS1ICl2TYQN8mW6-_kYG0GDVniZ1zJK_RFJts6yTUHYMp2T3RePjqggMSApLC1gSP0rkiBRWqL8IrtB97jLlO6W38GU4-Wjqlz7j_8__YpUGIWLekWNmgLAJsIt33KhjEa_wNtJ_jJ7sJtMsfbo1g5Dam55hMcsmTvR4dWOh2oizvcwNI4LCWhAl4Q8AKoGfSzEPZ9MCMXaHldz49av0pW8vZyEpRixKT-TsGE1_q0zcHLCMOnu-U3SXEbl5whW2Qn-EXNAschZbacOYeqUSS94VUAUuBwmIf4dee8NH8KvaWZghPds0xf23JQ55rV51F6tAoOAtptiC8cZzsKhUH5WFLC2zSjc-uP-F6Livust0Xs7UvCgGrrI9UeCBk9Y1bER8AMmgk-XhWZEJGfIX6Yl3qCNk0dwMo79dWQvMM24VpPvEnE8OkeG495MrN_eO4iONtmb=w806-h604-no\" width=\"370\" height=\"278\" aria-label=\"Foto - Paisatge - 3 de nov. 2018, 13:36:10\" \/><\/td>\n<\/tr>\n<\/tbody>\n<\/table>\n<p>En la tercera etapa fem una presentaci\u00f3 per grups utilitzant diferents estrat\u00e8gies: murals, power points, v\u00eddeos, <img loading=\"lazy\" decoding=\"async\" class=\"SzDcob alignright\" src=\"https:\/\/lh3.googleusercontent.com\/dLWE_sTGjTat6wNlgiByYDKFLhevT3J1b8AMHEEepnzaPzlV-9LOD47Y85R_3LLHZRTUwSt1i_z8rt8gaKvsu15W6Yc2rLlcIQol7VN7kVnoncY0MunJwOVhAyDCcOfB1qjeuGOBSSCmhiFfcvOHRyeaoih__VhRyN1WQIp5P-aRIyjb5deMlI-hr5ztPGh19KAdTnoa-VBuxuY9wvV0mQIjzyQKT4axmT3mZW8HWvqqpF5klowBXj77pHK2SDCrn8b4O4Wl3VrfJ6qYXdEMC59S2bYBWu2FCdxGFKITbvfMzzab6T_xpUWvXS2F8DIlK_qYVwz76MhWgr1wDypZD01EaY6qOOU8jBu2JV6mpU-9qHL42P4WyVM6ppKy8ZNYkahSZ6g37bXdbQL5N1HNoNtMfWiUDqB-i1y1pu0OpGQRbZUjKBneQGUgZvf-yt_2egLPQHPFN-MDCEouw_4dzz_B3TT4nTbgII9RMgIMABzemQQd6dwnvXthVcZCkuXSKdTHaia2spkoGT301mx-VSbdavET7c4mQp3PIH29AlSXPqCcRg2pa6XJc-y-p0AImpTXBUwUKFclSpHt2c_Gl_lJzLrKeMuPI5OXdX3FANTMYGl5XSdrMKd8_RcMYtGnB5yIJXY4FG6Ag0qccZExYda3=w806-h604-no\" width=\"356\" height=\"267\" aria-label=\"Foto - Paisatge - 27 d\u2019oct. 2018, 12:24:14\" \/>petites representacions teatralitzades,&#8230; El p\u00fablic a qui van destinades les presentacions variar\u00e0 al llarg del curs, a\u00a0mesura que anem adquirint seguretat i experi\u00e8ncia en aquesta manera de treballar.<\/p>\n<p>En cada etapa hi ha una petita\u00a0 avaluaci\u00f3 per a reflexionar sobre les tasques realitzades fins el moment. Per\u00f2 en la quarta etapa l\u2019avaluaci\u00f3 i autoavaluaci\u00f3 servir\u00e0 per a recollir dades, analitzar-les, valorar-les i prendre decisions. Tot aix\u00f2 ens ajudar\u00e0, entre altres coses, en la preparaci\u00f3 del seg\u00fcent projecte.<\/p>\n<p>Al llarg del projecte, nosaltres som els protagonistes de l\u2019 aprenentatge i l\u2019avaluaci\u00f3 ens ajudar\u00e0 a reflexionar i ser m\u00e9s competents.<\/p>\n","protected":false},"excerpt":{"rendered":"<p>Aquest curs hem iniciat una nova metodologia per projectes a Cicle Mitj\u00e0. L\u2019alumnat de quart hem intentat resumir en qu\u00e8 consisteix el nostre treball.: resoldre una pregunta que sorgeix dels nostres interessos. Per aconseguir els objectius proposats la gran part del treball \u00e9s en grup. Tots els membres d\u2019aquest grup som importants, per aix\u00f2 cadasc\u00fa [&hellip;]<\/p>\n","protected":false},"author":1,"featured_media":0,"comment_status":"closed","ping_status":"closed","sticky":false,"template":"","format":"standard","meta":{"_bbp_topic_count":0,"_bbp_reply_count":0,"_bbp_total_topic_count":0,"_bbp_total_reply_count":0,"_bbp_voice_count":0,"_bbp_anonymous_reply_count":0,"_bbp_topic_count_hidden":0,"_bbp_reply_count_hidden":0,"_bbp_forum_subforum_count":0,"site-sidebar-layout":"default","site-content-layout":"","ast-site-content-layout":"","site-content-style":"default","site-sidebar-style":"default","ast-global-header-display":"","ast-banner-title-visibility":"","ast-main-header-display":"","ast-hfb-above-header-display":"","ast-hfb-below-header-display":"","ast-hfb-mobile-header-display":"","site-post-title":"","ast-breadcrumbs-content":"","ast-featured-img":"","footer-sml-layout":"","theme-transparent-header-meta":"","adv-header-id-meta":"","stick-header-meta":"","header-above-stick-meta":"","header-main-stick-meta":"","header-below-stick-meta":"","astra-migrate-meta-layouts":"default","ast-page-background-enabled":"default","ast-page-background-meta":{"desktop":{"background-color":"var(--ast-global-color-4)","background-image":"","background-repeat":"repeat","background-position":"center center","background-size":"auto","background-attachment":"scroll","background-type":"","background-media":"","overlay-type":"","overlay-color":"","overlay-opacity":"","overlay-gradient":""},"tablet":{"background-color":"","background-image":"","background-repeat":"repeat","background-position":"center center","background-size":"auto","background-attachment":"scroll","background-type":"","background-media":"","overlay-type":"","overlay-color":"","overlay-opacity":"","overlay-gradient":""},"mobile":{"background-color":"","background-image":"","background-repeat":"repeat","background-position":"center center","background-size":"auto","background-attachment":"scroll","background-type":"","background-media":"","overlay-type":"","overlay-color":"","overlay-opacity":"","overlay-gradient":""}},"ast-content-background-meta":{"desktop":{"background-color":"var(--ast-global-color-5)","background-image":"","background-repeat":"repeat","background-position":"center center","background-size":"auto","background-attachment":"scroll","background-type":"","background-media":"","overlay-type":"","overlay-color":"","overlay-opacity":"","overlay-gradient":""},"tablet":{"background-color":"var(--ast-global-color-5)","background-image":"","background-repeat":"repeat","background-position":"center center","background-size":"auto","background-attachment":"scroll","background-type":"","background-media":"","overlay-type":"","overlay-color":"","overlay-opacity":"","overlay-gradient":""},"mobile":{"background-color":"var(--ast-global-color-5)","background-image":"","background-repeat":"repeat","background-position":"center center","background-size":"auto","background-attachment":"scroll","background-type":"","background-media":"","overlay-type":"","overlay-color":"","overlay-opacity":"","overlay-gradient":""}},"footnotes":""},"categories":[290,1],"tags":[298],"class_list":["post-3522","post","type-post","status-publish","format-standard","hentry","category-cicle-superior","category-general","tag-activitats-i-projectes-escola"],"post_mailing_queue_ids":[],"_links":{"self":[{"href":"https:\/\/agora.xtec.cat\/escgaspardeportola\/wp-json\/wp\/v2\/posts\/3522","targetHints":{"allow":["GET"]}}],"collection":[{"href":"https:\/\/agora.xtec.cat\/escgaspardeportola\/wp-json\/wp\/v2\/posts"}],"about":[{"href":"https:\/\/agora.xtec.cat\/escgaspardeportola\/wp-json\/wp\/v2\/types\/post"}],"author":[{"embeddable":true,"href":"https:\/\/agora.xtec.cat\/escgaspardeportola\/wp-json\/wp\/v2\/users\/1"}],"replies":[{"embeddable":true,"href":"https:\/\/agora.xtec.cat\/escgaspardeportola\/wp-json\/wp\/v2\/comments?post=3522"}],"version-history":[{"count":3,"href":"https:\/\/agora.xtec.cat\/escgaspardeportola\/wp-json\/wp\/v2\/posts\/3522\/revisions"}],"predecessor-version":[{"id":3526,"href":"https:\/\/agora.xtec.cat\/escgaspardeportola\/wp-json\/wp\/v2\/posts\/3522\/revisions\/3526"}],"wp:attachment":[{"href":"https:\/\/agora.xtec.cat\/escgaspardeportola\/wp-json\/wp\/v2\/media?parent=3522"}],"wp:term":[{"taxonomy":"category","embeddable":true,"href":"https:\/\/agora.xtec.cat\/escgaspardeportola\/wp-json\/wp\/v2\/categories?post=3522"},{"taxonomy":"post_tag","embeddable":true,"href":"https:\/\/agora.xtec.cat\/escgaspardeportola\/wp-json\/wp\/v2\/tags?post=3522"}],"curies":[{"name":"wp","href":"https:\/\/api.w.org\/{rel}","templated":true}]}}