{"id":3460,"date":"2019-01-26T10:42:42","date_gmt":"2019-01-26T09:42:42","guid":{"rendered":"http:\/\/agora.xtec.cat\/escgaspardeportola\/?p=3460"},"modified":"2019-01-26T10:42:42","modified_gmt":"2019-01-26T09:42:42","slug":"bibliogaspar-recomanem-llibres","status":"publish","type":"post","link":"https:\/\/agora.xtec.cat\/escgaspardeportola\/cicle-superior\/bibliogaspar-recomanem-llibres\/","title":{"rendered":"BiblioGaspar.  Recomanem llibres."},"content":{"rendered":"<p>&nbsp;<\/p>\n<table style=\"border-collapse: collapse; width: 100%; height: 423px;\" border=\"1\">\n<tbody>\n<tr style=\"height: 130px;\">\n<td style=\"width: 58.3436%; height: 130px;\">\n<h6><strong><img loading=\"lazy\" decoding=\"async\" class=\"size-full wp-image-3465 alignleft\" src=\"https:\/\/agora.xtec.cat\/escgaspardeportola\/wp-content\/uploads\/usu555\/2019\/01\/L\u2019erugueta-goluda.jpg\" alt=\"\" width=\"154\" height=\"111\" \/><\/strong>T\u00edtol: L\u2019erugueta goluda<\/h6>\n<h6>Autoria: Eric Carle<\/h6>\n<h6>Editorial: Kokinos<\/h6>\n<h6>ISBN: 978-84-161-2682-8<\/h6>\n<h6><strong>\u00a0<\/strong><\/h6>\n<\/td>\n<td style=\"width: 41.4432%; height: 130px;\"><strong>L\u2019oruga \u00e9s molt petita, per\u00f2 t\u00e9 molta gana, aix\u00ed que es passa tot el conte travessant p\u00e0gina a p\u00e0gina, fins que a la f\u00ed es converteix, com totes les orugues \u00a0en una papallona. Fins a 5 anys<\/strong><strong>\u00a0<\/strong><\/td>\n<\/tr>\n<tr style=\"height: 32px;\">\n<td style=\"width: 99.7868%; height: 48px;\" colspan=\"2\"><\/td>\n<\/tr>\n<tr style=\"height: 189px;\">\n<td style=\"width: 58.3436%; height: 189px;\">\n<h6><strong><img loading=\"lazy\" decoding=\"async\" class=\"size-full wp-image-3468 alignleft\" src=\"https:\/\/agora.xtec.cat\/escgaspardeportola\/wp-content\/uploads\/usu555\/2019\/01\/Un-lle\u00f3-a-dins.jpg\" alt=\"\" width=\"139\" height=\"170\" \/><\/strong><\/h6>\n<h6><\/h6>\n<h6>T\u00edtol: Un lle\u00f3 a dins<\/h6>\n<h6>Autoria: Rachel Bright<\/h6>\n<h6>Il\u00b7lustracions: Jim Field<\/h6>\n<h6>Editorial: Takatua<\/h6>\n<h6>ISBN: 978-84-479-3548-2<\/h6>\n<p><strong>\u00a0<\/strong><\/td>\n<td style=\"width: 41.4432%; height: 189px;\"><strong>No cal ser GROS I VALENT per poder RUGIR. El ratol\u00ed d\u2019aquest conte creu que ser petit pot ser complicat de vegades i per aix\u00f2 vol aprendre a RUGIR. Aviat descobrir\u00e0 que fins i tot la criatura m\u00e9s menuda pot tenir un LLE\u00d3 a dins. A partir de 4 anys.<\/strong><\/td>\n<\/tr>\n<tr style=\"height: 32px;\">\n<td style=\"width: 99.7868%; height: 48px;\" colspan=\"2\"><strong>\u00a0<\/strong><\/td>\n<\/tr>\n<tr style=\"height: 253px;\">\n<td style=\"width: 58.3436%; height: 253px;\"><strong><img loading=\"lazy\" decoding=\"async\" class=\"size-full wp-image-3461 alignleft\" src=\"https:\/\/agora.xtec.cat\/escgaspardeportola\/wp-content\/uploads\/usu555\/2019\/01\/Dolent.jpg\" alt=\"\" width=\"165\" height=\"211\" \/><\/strong><\/p>\n<h6><\/h6>\n<h6>T\u00edtol: Dolent<\/h6>\n<h6>Autoria: Lorenz Pauli i Kathrin Sch\u00e4rer<\/h6>\n<h6>Editorial: Takatua<\/h6>\n<h6>ISBN: 978-84-17383-03-9<\/h6>\n<\/td>\n<td style=\"width: 41.4432%; height: 253px;\"><strong>Els animals de la granja acostumen a ser amables i respectuosos els uns amb els altres, per\u00f2 avui, per divertir-se, han decidit fer entremaliadures. Per\u00f2 quan apareix el ratol\u00ed i el gat demana el seu torn per poder fer una dolenteria, tots reaccionen amb por: quina en dur\u00e0 de cap? El que no s\u2019esperaven era la reacci\u00f3 de l\u2019animal m\u00e9s bon jan de la granja, el cavall, que acaba aixafant \u2014aparentment\u2014 el ratol\u00ed amb la pota. Una hist\u00f2ria sobre els l\u00edmits del b\u00e9 i el mal, sobre bones i males intencions, i sobre el pes de les aparences. A partir de 6 anys.<\/strong><strong>\u00a0<\/strong><\/td>\n<\/tr>\n<tr style=\"height: 32px;\">\n<td style=\"width: 99.7868%; height: 48px;\" colspan=\"2\"><strong>\u00a0<\/strong><\/td>\n<\/tr>\n<tr style=\"height: 222px;\">\n<td style=\"width: 58.3436%; height: 222px;\"><strong><img loading=\"lazy\" decoding=\"async\" class=\" wp-image-3463 alignleft\" src=\"https:\/\/agora.xtec.cat\/escgaspardeportola\/wp-content\/uploads\/usu555\/2019\/01\/Els-contes-de-la-mare-ossa.jpg\" alt=\"\" width=\"157\" height=\"191\" \/><\/strong><\/p>\n<h6><\/h6>\n<h6>T\u00edtol: Els contes de la Mare Ossa<\/h6>\n<h6>Autoria: Kitty Crowther<\/h6>\n<h6>Editorial: Libros del Zorro RojoI<\/h6>\n<h6>ISBN: 978-84-946743-9-6<\/h6>\n<\/td>\n<td style=\"width: 41.4432%; height: 222px;\"><strong>S\u2019ha fet fosc i, ficat al llit i amb els ulls encara oberts, l\u2019osset li diu a la Mare Ossa: \u00abMare, explica\u2019m tres contes\u00bb, i ella els hi explica fil per randa. En aquest ritual les rondalles, que recorden les que es narraven a la vora del foc, el fan viatjar fins al bosc tenebr\u00f3s que hi ha a prop, on habiten b\u00e8sties, animals i criatures fant\u00e0stiques. . La mare parla de la guardiana de la son, que cada vespre fa sonar el gong i els diu als animalons que \u00e9s hora d\u2019anar a dormir. A partir de 6 anys.<\/strong><\/td>\n<\/tr>\n<tr style=\"height: 32px;\">\n<td style=\"width: 58.3436%; height: 48px;\" colspan=\"2\"><strong>\u00a0<\/strong><\/td>\n<\/tr>\n<tr style=\"height: 224px;\">\n<td style=\"width: 58.3436%; height: 224px;\"><strong><img loading=\"lazy\" decoding=\"async\" class=\"size-full wp-image-3464 alignleft\" src=\"https:\/\/agora.xtec.cat\/escgaspardeportola\/wp-content\/uploads\/usu555\/2019\/01\/Inventari-dinosaures.jpg\" alt=\"\" width=\"139\" height=\"193\" \/><\/strong><strong>\u00a0<\/strong><\/p>\n<h6>T\u00edtol: Inventari de dinosaures<\/h6>\n<h6>Autoria: Virginie Aladjidi<\/h6>\n<h6>Il\u00b7lustracions: Emmanuelle Tchoukriel<\/h6>\n<h6>Editorial: Kalandraka Catalunya<\/h6>\n<h6>ISBN: 978-84-16804-44-3<\/h6>\n<\/td>\n<td style=\"width: 41.4432%; height: 224px;\"><strong>Un llibre que presenta fins a 47 esp\u00e8cies de dinosaures, agrupades en tres blocs que corresponen als per\u00edodes geol\u00f2gics, de les quals es detallen les categories taxon\u00f2miques i el lloc de descobriment del primer exemplar i se\u2019n fa una descripci\u00f3 que inclou el significat del nom cient\u00edfic, el r\u00e8gim alimentari i les seves dimensions. Les il\u00b7lustracions mostren els detalls i la descripci\u00f3 dels trets m\u00e9s caracter\u00edstics. A partir de 8 anys.<\/strong><\/td>\n<\/tr>\n<tr style=\"height: 32px;\">\n<td style=\"width: 58.3436%; height: 48px;\" colspan=\"2\"><strong>\u00a0<\/strong><\/td>\n<\/tr>\n<tr style=\"height: 267px;\">\n<td style=\"width: 58.3436%; height: 267px;\"><strong>\u00a0<\/strong><\/p>\n<h6><strong><img loading=\"lazy\" decoding=\"async\" class=\"size-full wp-image-3467 alignleft\" src=\"https:\/\/agora.xtec.cat\/escgaspardeportola\/wp-content\/uploads\/usu555\/2019\/01\/L\u00f3s-que-volia-deixar-de-ser-petit.jpg\" alt=\"\" width=\"166\" height=\"221\" \/><\/strong><strong>\u00a0<\/strong><\/h6>\n<h6>T\u00edtol: L\u2019\u00f3s que volia deixar de ser petit<\/h6>\n<h6>Autoria: Ricardo Alc\u00e1ntara Sgarbi<\/h6>\n<h6>Il\u00b7lustracions:Judit Morales i Adri\u00e0 G\u00f2dia<\/h6>\n<h6>Editorial: Pag\u00e8s editors<\/h6>\n<h6>ISBN: 978-84-9975-732-2<\/h6>\n<\/td>\n<td style=\"width: 41.4432%; height: 267px;\"><strong>En el clar del bosc hi ha un gran enrenou. \u00c9s el moment de decidir si els animals m\u00e9s joves inicien el seu cam\u00ed en solitari. El bosc pot resultar molt perill\u00f3s per a aquell que no estigui preparat. Tot i aix\u00f2, l&#8217;osset Granc\u00fa ha decidit presentar-se a la dura prova. Ser\u00e0 capa\u00e7 de superar-la?. A partir de 8 anys.<\/strong><\/td>\n<\/tr>\n<tr style=\"height: 32px;\">\n<td style=\"width: 58.3436%; height: 48px;\" colspan=\"2\"><\/td>\n<\/tr>\n<tr style=\"height: 244px;\">\n<td style=\"width: 58.3436%; height: 244px;\">\n<h6><strong><img loading=\"lazy\" decoding=\"async\" class=\"size-full wp-image-3466 alignleft\" src=\"https:\/\/agora.xtec.cat\/escgaspardeportola\/wp-content\/uploads\/usu555\/2019\/01\/La-nena-que-es-va-convertir-en-mobil.jpg\" alt=\"\" width=\"147\" height=\"213\" \/><\/strong><\/h6>\n<h6><\/h6>\n<h6>T\u00edtol: La nena que es va convertir en m\u00f2bil<\/h6>\n<h6>Autoria: Francesc Puigpelat<\/h6>\n<h6>Il\u00b7lustracions: Ona Caussa<\/h6>\n<h6>Editorial: La Galera<\/h6>\n<h6>ISBN: 978-84-246-5784-0<\/h6>\n<\/td>\n<td style=\"width: 41.4432%; height: 244px;\"><strong>La Mukele viu a l&#8217;\u00c0frica, als peus del Kilimanjaro, en un poble molt petit que no t\u00e9 nom. \u00c9s filla de pastors i la seva vida est\u00e0 encaminada a conduir el ramat per la Sabana. I a obeir amb temor les paraules del bruixot, l&#8217;Amwilu, tot i que ja ning\u00fa no creu en la bruixeria: se l&#8217;escolten per tradici\u00f3. Per\u00f2 l&#8217;Amwilu s\u00ed que t\u00e9 un cert poder&#8230; i el poder en mans de persones dolentes no porta res de bo. La Mukele patir\u00e0 un malefici que nom\u00e9s podr\u00e0 desfer amb esfor\u00e7 i sort. Molta sort. A partir de 10 anys.<\/strong><\/td>\n<\/tr>\n<tr style=\"height: 32px;\">\n<td style=\"width: 58.3436%; height: 48px;\" colspan=\"2\"><strong>\u00a0<\/strong><\/td>\n<\/tr>\n<tr style=\"height: 215px;\">\n<td style=\"width: 58.3436%; height: 215px;\">\n<h6><strong><img loading=\"lazy\" decoding=\"async\" class=\"size-full wp-image-3462 alignleft\" src=\"https:\/\/agora.xtec.cat\/escgaspardeportola\/wp-content\/uploads\/usu555\/2019\/01\/El-refugi-del-Tarek.jpg\" alt=\"\" width=\"116\" height=\"184\" \/><\/strong><\/h6>\n<h6><\/h6>\n<h6>T\u00edtol: El refugi del Tarek<\/h6>\n<h6>Autoria: Muriel Villanueva<\/h6>\n<h6>Il\u00b7lustracions: Bruno Hidalgo<\/h6>\n<h6>Editorial: Cru\u00eflla<\/h6>\n<h6>ISBN: 978-84-661-4533-6<\/h6>\n<\/td>\n<td style=\"width: 41.4432%; height: 215px;\"><strong>L\u2019Ariadna s\u2019amaga al cami\u00f3 de la seva mare i empr\u00e8n un viatge fins a l\u2019altra punta d\u2019Europa. Els dies de conviv\u00e8ncia faran que millori la relaci\u00f3 entre mare i filla. Per\u00f2 el viatge tamb\u00e9 els far\u00e0 descobrir el drama dels refugiats quan troben el Tarek, un nen siri\u00e0 que fuig de la guerra i que tamb\u00e9 s\u2019ha amagat al cami\u00f3. A partir d\u201911 anys.<\/strong><\/td>\n<\/tr>\n<tr style=\"height: 32px;\">\n<td style=\"width: 99.7868%; height: 43px;\" colspan=\"2\"><strong>\u00a0<\/strong><\/td>\n<\/tr>\n<\/tbody>\n<\/table>\n","protected":false},"excerpt":{"rendered":"<p>&nbsp; T\u00edtol: L\u2019erugueta goluda Autoria: Eric Carle Editorial: Kokinos ISBN: 978-84-161-2682-8 \u00a0 L\u2019oruga \u00e9s molt petita, per\u00f2 t\u00e9 molta gana, aix\u00ed que es passa tot el conte travessant p\u00e0gina a p\u00e0gina, fins que a la f\u00ed es converteix, com totes les orugues \u00a0en una papallona. Fins a 5 anys\u00a0 T\u00edtol: Un lle\u00f3 a dins Autoria: [&hellip;]<\/p>\n","protected":false},"author":27,"featured_media":0,"comment_status":"closed","ping_status":"closed","sticky":false,"template":"","format":"standard","meta":{"_bbp_topic_count":0,"_bbp_reply_count":0,"_bbp_total_topic_count":0,"_bbp_total_reply_count":0,"_bbp_voice_count":0,"_bbp_anonymous_reply_count":0,"_bbp_topic_count_hidden":0,"_bbp_reply_count_hidden":0,"_bbp_forum_subforum_count":0,"site-sidebar-layout":"default","site-content-layout":"","ast-site-content-layout":"","site-content-style":"default","site-sidebar-style":"default","ast-global-header-display":"","ast-banner-title-visibility":"","ast-main-header-display":"","ast-hfb-above-header-display":"","ast-hfb-below-header-display":"","ast-hfb-mobile-header-display":"","site-post-title":"","ast-breadcrumbs-content":"","ast-featured-img":"","footer-sml-layout":"","theme-transparent-header-meta":"","adv-header-id-meta":"","stick-header-meta":"","header-above-stick-meta":"","header-main-stick-meta":"","header-below-stick-meta":"","astra-migrate-meta-layouts":"default","ast-page-background-enabled":"default","ast-page-background-meta":{"desktop":{"background-color":"var(--ast-global-color-4)","background-image":"","background-repeat":"repeat","background-position":"center center","background-size":"auto","background-attachment":"scroll","background-type":"","background-media":"","overlay-type":"","overlay-color":"","overlay-opacity":"","overlay-gradient":""},"tablet":{"background-color":"","background-image":"","background-repeat":"repeat","background-position":"center center","background-size":"auto","background-attachment":"scroll","background-type":"","background-media":"","overlay-type":"","overlay-color":"","overlay-opacity":"","overlay-gradient":""},"mobile":{"background-color":"","background-image":"","background-repeat":"repeat","background-position":"center center","background-size":"auto","background-attachment":"scroll","background-type":"","background-media":"","overlay-type":"","overlay-color":"","overlay-opacity":"","overlay-gradient":""}},"ast-content-background-meta":{"desktop":{"background-color":"var(--ast-global-color-5)","background-image":"","background-repeat":"repeat","background-position":"center center","background-size":"auto","background-attachment":"scroll","background-type":"","background-media":"","overlay-type":"","overlay-color":"","overlay-opacity":"","overlay-gradient":""},"tablet":{"background-color":"var(--ast-global-color-5)","background-image":"","background-repeat":"repeat","background-position":"center center","background-size":"auto","background-attachment":"scroll","background-type":"","background-media":"","overlay-type":"","overlay-color":"","overlay-opacity":"","overlay-gradient":""},"mobile":{"background-color":"var(--ast-global-color-5)","background-image":"","background-repeat":"repeat","background-position":"center center","background-size":"auto","background-attachment":"scroll","background-type":"","background-media":"","overlay-type":"","overlay-color":"","overlay-opacity":"","overlay-gradient":""}},"footnotes":""},"categories":[290],"tags":[298],"class_list":["post-3460","post","type-post","status-publish","format-standard","hentry","category-cicle-superior","tag-activitats-i-projectes-escola"],"post_mailing_queue_ids":[],"_links":{"self":[{"href":"https:\/\/agora.xtec.cat\/escgaspardeportola\/wp-json\/wp\/v2\/posts\/3460","targetHints":{"allow":["GET"]}}],"collection":[{"href":"https:\/\/agora.xtec.cat\/escgaspardeportola\/wp-json\/wp\/v2\/posts"}],"about":[{"href":"https:\/\/agora.xtec.cat\/escgaspardeportola\/wp-json\/wp\/v2\/types\/post"}],"author":[{"embeddable":true,"href":"https:\/\/agora.xtec.cat\/escgaspardeportola\/wp-json\/wp\/v2\/users\/27"}],"replies":[{"embeddable":true,"href":"https:\/\/agora.xtec.cat\/escgaspardeportola\/wp-json\/wp\/v2\/comments?post=3460"}],"version-history":[{"count":3,"href":"https:\/\/agora.xtec.cat\/escgaspardeportola\/wp-json\/wp\/v2\/posts\/3460\/revisions"}],"predecessor-version":[{"id":3487,"href":"https:\/\/agora.xtec.cat\/escgaspardeportola\/wp-json\/wp\/v2\/posts\/3460\/revisions\/3487"}],"wp:attachment":[{"href":"https:\/\/agora.xtec.cat\/escgaspardeportola\/wp-json\/wp\/v2\/media?parent=3460"}],"wp:term":[{"taxonomy":"category","embeddable":true,"href":"https:\/\/agora.xtec.cat\/escgaspardeportola\/wp-json\/wp\/v2\/categories?post=3460"},{"taxonomy":"post_tag","embeddable":true,"href":"https:\/\/agora.xtec.cat\/escgaspardeportola\/wp-json\/wp\/v2\/tags?post=3460"}],"curies":[{"name":"wp","href":"https:\/\/api.w.org\/{rel}","templated":true}]}}