{"id":3451,"date":"2019-01-26T11:48:12","date_gmt":"2019-01-26T10:48:12","guid":{"rendered":"http:\/\/agora.xtec.cat\/escgaspardeportola\/?p=3451"},"modified":"2019-01-26T20:22:52","modified_gmt":"2019-01-26T19:22:52","slug":"el-nostre-sr-paer-en-cap","status":"publish","type":"post","link":"https:\/\/agora.xtec.cat\/escgaspardeportola\/cicle-superior\/el-nostre-sr-paer-en-cap\/","title":{"rendered":"El nostre Sr. Paer en Cap"},"content":{"rendered":"<p>Transcripci\u00f3 escrita de la nostra entrevista amb les corresponents preguntes i respostes:<\/p>\n<h4 style=\"text-align: center;\"><a href=\"https:\/\/drive.google.com\/file\/d\/1ZVMqSZgNFmtk2dTFJ5H0hr4jnhZFq5Ib\/view?usp=sharing\">\u00c0udio de l&#8217;entrevista<\/a><\/h4>\n<p><strong><u>ENTREVISTA AL SENYOR JORDI IGNASI VIDAL GIN\u00c9, PAER EN CAP DE LA CIUTAT DE BALAGUER<\/u><\/strong><\/p>\n<p><strong>T\u2019agrada la teva feina? Treballes cada dia?<\/strong> S\u00ed, m\u2019agrada molt la meva feina i gaudeixo fent-la. Treballo cada dia, fins i tot, moltes vegades al cap de setmana perqu\u00e8 he d\u2019anar a algunes activitats que es fan a Balaguer.<br \/>\nSi poguessis fer una altra feina, quina seria? Enginyer agr\u00f2nom, perqu\u00e8 tinc aquesta carrera i aix\u00ed, tractaria temes de medi ambient.<br \/>\n<strong>Com \u00e9s la vida d\u2019un alcalde?<\/strong> Una mica m\u00e9s lligada que la de la gent que treballa en llocs m\u00e9s convencionals, que comencen a una hora i acaben en un altra. Normalment els alcaldes aquest horari no el tenim aix\u00ed, tenim reunions, a vegades quedem amb gent m\u00e9s tard&#8230; has de trobar forats per a fer altres coses.<br \/>\n<strong>Tu tamb\u00e9 has de pagar els impostos com tothom?<\/strong> S\u00ed, clar, clar. Tothom ha de pagar els impostos. Jo s\u00f3c un m\u00e9s que fa d\u2019alcalde, per\u00f2 tots els alcaldes paguen impostos.<br \/>\n<strong>Com pots dirigir a tanta gent diferent?<\/strong> Has d\u2019estar molt acostumat perqu\u00e8 \u00e9s dif\u00edcil. Al principi costa una mica de manar a tothom, per\u00f2 s\u2019ha de tenir en compte que dirigeixo molt per\u00f2 tamb\u00e9 tinc moltes persones com els regidors, que s\u2019encarreguen de dirigir als seus treballadors. Per exemple, el regidor de festes, organitza a les persones que treballen per ell i organitzen festes. El regidor d\u2019esports, doncs el mateix i aix\u00ed anar fent perqu\u00e8 sin\u00f3 jo no podria amb tot.<br \/>\n<strong>Quan est\u00e0s malalt, qui fa la teva feina?<\/strong> El tinent alcalde, que \u00e9s el segon de la llista. Llavors estar\u00e0 ell fins que jo no torni de vacances o torni d\u2019estar malalt. Si aquest tamb\u00e9 es posa malalt, llavors ho far\u00e0 el tercer de la llista. De moment, no ens ha passat mai que haguem acabat la llista.<br \/>\n<strong>Quines coses noves has fet des de que ets paer?<\/strong> Coses que no s\u2019hagin fet abans per exemple tindr\u00edem \u201cEls encontats\u201d, la fira de contes infantils, tamb\u00e9 \u201cEls Emboirats\u201d que s\u00f3n unes activitats per a nens que es fan en aquesta \u00e8poca que fa fred i \u00e9s on es fan activitats de m\u00fasica, titelles, circ&#8230;Una altra cosa nova que no s\u2019havia fet mai \u00e9s el \u201cPosa\u2019t la gorra\u201d. I despr\u00e9s, hi ha coses que hem anat canviant perqu\u00e8 cr\u00e8iem que podrien ser millors, per exemple el dimarts que ve presentarem com ser\u00e0 el nou Parc de Nadal o fins i tot, una novetat d\u2019aquest Nadal \u00e9s que hi haur\u00e0 una pista de gel a la Pla\u00e7a Mercadal i aquest any tamb\u00e9 hi hauran tres patgesses que tindran una oficina a uns baixos d\u2019una casa perqu\u00e8 hi aneu a parlar.<br \/>\nSi ho veieu, estem fent coses noves pels nens, perqu\u00e8 cr\u00e8iem que no es feien massa coses.<br \/>\n<strong>Per qu\u00e8 el paer t\u00e9 un bast\u00f3 de ferro?<\/strong><br \/>\nNo \u00e9s de ferro, \u00e9s de fusta i a dalt hi ha l\u2019escut de l\u2019Ajuntament. Aix\u00f2 abans era per anar pel carrer i que tothom s\u00e0pigues que tu erets l\u2019autoritat, que tothom s\u00e0pigues qui manava.<br \/>\n<strong>Per qu\u00e8 a Balaguer es diu \u201cpaer\u201d i a altres llocs \u201calcalde\u201d?<\/strong><br \/>\nEl 1311 a Balaguer, ens van atorgar la paeria, que eren com els primers ajuntaments que hi van haver i all\u00ed hi treballaven unes persones que vigilaven els camins, posaven el preu de les coses que es venien al mercat&#8230; i aquestes persones es triaven a sorteig. El primer nom que sortia era el paer.<br \/>\nLlavors hi va haver un rei cap a l\u2019any 600 que va anul\u00b7lar tot aix\u00f2 i va posar un vigilant del poble, i \u00e9s qui es diria alcalde.<br \/>\nPer aix\u00f2 ara nosaltres, tornem a posar-nos el nom que ten\u00edem abans.<br \/>\n<strong>Qu\u00e8 feu per canviar d\u2019alcalde?<\/strong><br \/>\nEs fan unes votacions. Per exemple, el 27 de maig de 2019 hi ha eleccions municipals. Llavors, totes les persones m\u00e9s grans de 18 anys, podran anar a votar.<br \/>\nLes persones que volem estar a l\u2019Ajuntament, ens agrupem per grups i la gent vota el qui li agrada m\u00e9s i quan contem els vots, han de sortir 17 persones. Si no surten m\u00e9s de 9 persones d\u2019aquell grup per ser els que manin, doncs llavors, ens hem d\u2019agrupar amb un altre grup que vulgui coses semblants a nosaltres per Balaguer i aix\u00ed, sumar 9 persones per fer majoria.<br \/>\n<strong>Per qu\u00e8 quan voteu un alcalde dura 4 anys?<\/strong><br \/>\nPerqu\u00e8 ho diu la llei. Nosaltres creiem que hauria de durar 5 anys perqu\u00e8 quan tu entres nou a un Ajuntament, has de fer uns pressupostos i al principi, \u00e9s una miqueta dif\u00edcil fer-los i llavors quan ja en comences a saber, ja gaireb\u00e9 has de marxar i totes aquelles coses que volies fer pot ser que no t\u2019hagi donat temps a fer-les totes.<br \/>\nSi teniu els mateixos representants, per qu\u00e8 van elegir el representant del teu grup?<br \/>\nPerqu\u00e8 cap grup vam tenir majoria i llavors, vam pactar amb els que volien coses semblants a nosaltres i ens vam ajuntar.<br \/>\n<strong>D\u2019on traieu els diners per pagar els treballadors de l\u2019Ajuntament?<\/strong><br \/>\nDels impostos. Per exemple, a casa vostra pagueu per tenir un pis, per tenir un cotxe, per les bassures, quan vas al teatre&#8230; \u00e9s a dir, vas pagant per tots els serveis i llavors, d\u2019aqu\u00ed surten els diners per pagar moltes coses que s\u2019han de fer a Balaguer. Ens hem d\u2019imaginar que a la nit si no pagu\u00e9ssim la llum, pels carrers no hi podr\u00edem veure, per exemple.<br \/>\n<strong>Com decideixen el que faran si a un del grup no li agrada i no est\u00e0 d\u2019acord?<\/strong><br \/>\nEn principi ho fem votant. Si volem arreglar per exemple un carrer, fem votacions i si som m\u00e9s de 9 aquell carrer s\u2019arreglar\u00e0 per\u00f2 si som menys de 9, llavors em de negociar i pot ser arribar a l\u2019acord que arreglarem un trosset d\u2019aquell carrer i un trosset d\u2019un altre, aix\u00ed tots estem m\u00e9s o menys contents.<br \/>\n<strong>Podria ser que tots els camps de futbol fossin de gespa?<\/strong><br \/>\nS\u00ed que es podria, per\u00f2 canviar la gespa del camp de futbol i el camp annex que vam fer, va valdre molts diners i hem de pensar que no tot \u00e9s el futbols sin\u00f3 que s\u2019han de destinar els diners per molts tipus d\u2019esports perqu\u00e8 s\u2019ha de pensar una mica a tothom i fer un equilibri.<br \/>\n<strong>Qui d\u00f3na menjar als \u00e0necs del riu?<\/strong><br \/>\nUn voluntari, tot i que aquells \u00e0necs ara perqu\u00e8 ja hi s\u00f3n, per\u00f2 no hi haurien de ser perqu\u00e8 no s\u00f3n fauna d\u2019aqu\u00ed. D\u2019aqu\u00ed ara hi ha de nou per exemple, una ll\u00fadriga.<\/p>\n","protected":false},"excerpt":{"rendered":"<p>Transcripci\u00f3 escrita de la nostra entrevista amb les corresponents preguntes i respostes: \u00c0udio de l&#8217;entrevista ENTREVISTA AL SENYOR JORDI IGNASI VIDAL GIN\u00c9, PAER EN CAP DE LA CIUTAT DE BALAGUER T\u2019agrada la teva feina? Treballes cada dia? S\u00ed, m\u2019agrada molt la meva feina i gaudeixo fent-la. Treballo cada dia, fins i tot, moltes vegades al [&hellip;]<\/p>\n","protected":false},"author":27,"featured_media":0,"comment_status":"closed","ping_status":"closed","sticky":false,"template":"","format":"standard","meta":{"_bbp_topic_count":0,"_bbp_reply_count":0,"_bbp_total_topic_count":0,"_bbp_total_reply_count":0,"_bbp_voice_count":0,"_bbp_anonymous_reply_count":0,"_bbp_topic_count_hidden":0,"_bbp_reply_count_hidden":0,"_bbp_forum_subforum_count":0,"site-sidebar-layout":"default","site-content-layout":"","ast-site-content-layout":"","site-content-style":"default","site-sidebar-style":"default","ast-global-header-display":"","ast-banner-title-visibility":"","ast-main-header-display":"","ast-hfb-above-header-display":"","ast-hfb-below-header-display":"","ast-hfb-mobile-header-display":"","site-post-title":"","ast-breadcrumbs-content":"","ast-featured-img":"","footer-sml-layout":"","theme-transparent-header-meta":"","adv-header-id-meta":"","stick-header-meta":"","header-above-stick-meta":"","header-main-stick-meta":"","header-below-stick-meta":"","astra-migrate-meta-layouts":"default","ast-page-background-enabled":"default","ast-page-background-meta":{"desktop":{"background-color":"var(--ast-global-color-4)","background-image":"","background-repeat":"repeat","background-position":"center center","background-size":"auto","background-attachment":"scroll","background-type":"","background-media":"","overlay-type":"","overlay-color":"","overlay-opacity":"","overlay-gradient":""},"tablet":{"background-color":"","background-image":"","background-repeat":"repeat","background-position":"center center","background-size":"auto","background-attachment":"scroll","background-type":"","background-media":"","overlay-type":"","overlay-color":"","overlay-opacity":"","overlay-gradient":""},"mobile":{"background-color":"","background-image":"","background-repeat":"repeat","background-position":"center center","background-size":"auto","background-attachment":"scroll","background-type":"","background-media":"","overlay-type":"","overlay-color":"","overlay-opacity":"","overlay-gradient":""}},"ast-content-background-meta":{"desktop":{"background-color":"var(--ast-global-color-5)","background-image":"","background-repeat":"repeat","background-position":"center center","background-size":"auto","background-attachment":"scroll","background-type":"","background-media":"","overlay-type":"","overlay-color":"","overlay-opacity":"","overlay-gradient":""},"tablet":{"background-color":"var(--ast-global-color-5)","background-image":"","background-repeat":"repeat","background-position":"center center","background-size":"auto","background-attachment":"scroll","background-type":"","background-media":"","overlay-type":"","overlay-color":"","overlay-opacity":"","overlay-gradient":""},"mobile":{"background-color":"var(--ast-global-color-5)","background-image":"","background-repeat":"repeat","background-position":"center center","background-size":"auto","background-attachment":"scroll","background-type":"","background-media":"","overlay-type":"","overlay-color":"","overlay-opacity":"","overlay-gradient":""}},"footnotes":""},"categories":[290],"tags":[240,299],"class_list":["post-3451","post","type-post","status-publish","format-standard","hentry","category-cicle-superior","tag-entrevistes","tag-lentrevista"],"post_mailing_queue_ids":[],"_links":{"self":[{"href":"https:\/\/agora.xtec.cat\/escgaspardeportola\/wp-json\/wp\/v2\/posts\/3451","targetHints":{"allow":["GET"]}}],"collection":[{"href":"https:\/\/agora.xtec.cat\/escgaspardeportola\/wp-json\/wp\/v2\/posts"}],"about":[{"href":"https:\/\/agora.xtec.cat\/escgaspardeportola\/wp-json\/wp\/v2\/types\/post"}],"author":[{"embeddable":true,"href":"https:\/\/agora.xtec.cat\/escgaspardeportola\/wp-json\/wp\/v2\/users\/27"}],"replies":[{"embeddable":true,"href":"https:\/\/agora.xtec.cat\/escgaspardeportola\/wp-json\/wp\/v2\/comments?post=3451"}],"version-history":[{"count":5,"href":"https:\/\/agora.xtec.cat\/escgaspardeportola\/wp-json\/wp\/v2\/posts\/3451\/revisions"}],"predecessor-version":[{"id":3529,"href":"https:\/\/agora.xtec.cat\/escgaspardeportola\/wp-json\/wp\/v2\/posts\/3451\/revisions\/3529"}],"wp:attachment":[{"href":"https:\/\/agora.xtec.cat\/escgaspardeportola\/wp-json\/wp\/v2\/media?parent=3451"}],"wp:term":[{"taxonomy":"category","embeddable":true,"href":"https:\/\/agora.xtec.cat\/escgaspardeportola\/wp-json\/wp\/v2\/categories?post=3451"},{"taxonomy":"post_tag","embeddable":true,"href":"https:\/\/agora.xtec.cat\/escgaspardeportola\/wp-json\/wp\/v2\/tags?post=3451"}],"curies":[{"name":"wp","href":"https:\/\/api.w.org\/{rel}","templated":true}]}}