{"id":3447,"date":"2019-01-25T10:33:11","date_gmt":"2019-01-25T09:33:11","guid":{"rendered":"http:\/\/agora.xtec.cat\/escgaspardeportola\/?p=3447"},"modified":"2020-02-11T09:52:38","modified_gmt":"2020-02-11T08:52:38","slug":"concurs-nom-revista-escolar-digital","status":"publish","type":"post","link":"https:\/\/agora.xtec.cat\/escgaspardeportola\/general\/concurs-nom-revista-escolar-digital\/","title":{"rendered":"CONCURS NOM REVISTA ESCOLAR DIGITAL."},"content":{"rendered":"<p><img loading=\"lazy\" decoding=\"async\" class=\"alignnone \" src=\"https:\/\/lh3.googleusercontent.com\/mhFxlNY-PGvRi9cfZrTVP7tMarQCEftEYisr7hs8IEsdcGrsdzhGnSGe71zMi6J1ohiDbur0PXbE2kIJLHfwQwyzVbcAgxN72yy0z7r1vVLYhAPEx9TqcUTnfegsaD-c7gU52Q3gVzonoXboh2VibgJnWZunVuqZPy0Y2-ZrpUWV4W27AThQxG7A2OKLUEwkIZMUGkZci2KP6OL1U5o5Us3NyQG9D4p8srvtja0dGdOxYnYGWsVaBrKeR1SvXyunP8mNXJnnbRwKhYHzFN0TtNn2u7FbLGF5RqQ540efDVG51WxOVXnC9eDR86bJCDKwBDRWJMz4awUZjprjV7jw_n1EJev3ny0bbAZ3KDJLEoKNKaReX56CnSwKUL05GJ4Bb4bRnNPWguYDNHiASb5rWMxG5w9JH4ryntlC1R8w_ZHPIh5N-3OYyj2NH9NeEXZmkffj0Gg9OHxamEEYj7tRZ0YjaonMqWpbcnyIZGVYWYdF12izsyXcFZdqKF5u4LRR8HnXD46vfGcRaUYW8H8IIhxK1tI5P3CRDybVFKgqul21WKz5i25mYAcqVmY1zsRKeKRZnivUMuGBHD0faeXtO4y3iyB6losfK33PdL-E1gGLB8Xs7OIz52nSd7T427yhRgmJqv11vYg3OvLx9lMzi2ew39aA72C0enbdTeT7EtBvV94uw505xboypaxK1C06JG70HldPYgthJZG8ew=w305-h165-no\" width=\"691\" height=\"374\" \/><\/p>\n<p>Ep, com b\u00e9 sabras la nostra revista escolar encara no t\u00e9 nom. \u00c9s per aix\u00f2 que hem pensat fer un concurs on tothom hi pugui dir la seva. Que et sembla? T&#8217;hi apuntes?<\/p>\n<p>Es tracta de que entre tots i totes surti un nom ben original i divertit i puguem posar-li cara a la nostra revista escolar digital.<\/p>\n<p>Entre tots els participants farem un sorteig de productes fets en l&#8217;emprenedoria que poden ser vostres nom\u00e9s per participar! El guanyador o guanyadora tindran un premi especial i sortiran publicats en la nostra web escolar. Que us sembla? B\u00e9 oi?<\/p>\n<p>Doncs ara nom\u00e9s cal barrinar, ser originals i omplir el formulari que tens a continuaci\u00f3 amb el nom que proposes i el teu nom i cognoms.<\/p>\n<p>Molta Sort!<\/p>\n","protected":false},"excerpt":{"rendered":"<p>Ep, com b\u00e9 sabras la nostra revista escolar encara no t\u00e9 nom. \u00c9s per aix\u00f2 que hem pensat fer un concurs on tothom hi pugui dir la seva. Que et sembla? T&#8217;hi apuntes? Es tracta de que entre tots i totes surti un nom ben original i divertit i puguem posar-li cara a la nostra [&hellip;]<\/p>\n","protected":false},"author":24,"featured_media":0,"comment_status":"closed","ping_status":"closed","sticky":false,"template":"","format":"standard","meta":{"_bbp_topic_count":0,"_bbp_reply_count":0,"_bbp_total_topic_count":0,"_bbp_total_reply_count":0,"_bbp_voice_count":0,"_bbp_anonymous_reply_count":0,"_bbp_topic_count_hidden":0,"_bbp_reply_count_hidden":0,"_bbp_forum_subforum_count":0,"site-sidebar-layout":"default","site-content-layout":"","ast-site-content-layout":"","site-content-style":"default","site-sidebar-style":"default","ast-global-header-display":"","ast-banner-title-visibility":"","ast-main-header-display":"","ast-hfb-above-header-display":"","ast-hfb-below-header-display":"","ast-hfb-mobile-header-display":"","site-post-title":"","ast-breadcrumbs-content":"","ast-featured-img":"","footer-sml-layout":"","theme-transparent-header-meta":"","adv-header-id-meta":"","stick-header-meta":"","header-above-stick-meta":"","header-main-stick-meta":"","header-below-stick-meta":"","astra-migrate-meta-layouts":"default","ast-page-background-enabled":"default","ast-page-background-meta":{"desktop":{"background-color":"var(--ast-global-color-4)","background-image":"","background-repeat":"repeat","background-position":"center center","background-size":"auto","background-attachment":"scroll","background-type":"","background-media":"","overlay-type":"","overlay-color":"","overlay-opacity":"","overlay-gradient":""},"tablet":{"background-color":"","background-image":"","background-repeat":"repeat","background-position":"center center","background-size":"auto","background-attachment":"scroll","background-type":"","background-media":"","overlay-type":"","overlay-color":"","overlay-opacity":"","overlay-gradient":""},"mobile":{"background-color":"","background-image":"","background-repeat":"repeat","background-position":"center center","background-size":"auto","background-attachment":"scroll","background-type":"","background-media":"","overlay-type":"","overlay-color":"","overlay-opacity":"","overlay-gradient":""}},"ast-content-background-meta":{"desktop":{"background-color":"var(--ast-global-color-5)","background-image":"","background-repeat":"repeat","background-position":"center center","background-size":"auto","background-attachment":"scroll","background-type":"","background-media":"","overlay-type":"","overlay-color":"","overlay-opacity":"","overlay-gradient":""},"tablet":{"background-color":"var(--ast-global-color-5)","background-image":"","background-repeat":"repeat","background-position":"center center","background-size":"auto","background-attachment":"scroll","background-type":"","background-media":"","overlay-type":"","overlay-color":"","overlay-opacity":"","overlay-gradient":""},"mobile":{"background-color":"var(--ast-global-color-5)","background-image":"","background-repeat":"repeat","background-position":"center center","background-size":"auto","background-attachment":"scroll","background-type":"","background-media":"","overlay-type":"","overlay-color":"","overlay-opacity":"","overlay-gradient":""}},"footnotes":""},"categories":[290,1],"tags":[302],"class_list":["post-3447","post","type-post","status-publish","format-standard","hentry","category-cicle-superior","category-general","tag-concurs"],"post_mailing_queue_ids":[],"_links":{"self":[{"href":"https:\/\/agora.xtec.cat\/escgaspardeportola\/wp-json\/wp\/v2\/posts\/3447","targetHints":{"allow":["GET"]}}],"collection":[{"href":"https:\/\/agora.xtec.cat\/escgaspardeportola\/wp-json\/wp\/v2\/posts"}],"about":[{"href":"https:\/\/agora.xtec.cat\/escgaspardeportola\/wp-json\/wp\/v2\/types\/post"}],"author":[{"embeddable":true,"href":"https:\/\/agora.xtec.cat\/escgaspardeportola\/wp-json\/wp\/v2\/users\/24"}],"replies":[{"embeddable":true,"href":"https:\/\/agora.xtec.cat\/escgaspardeportola\/wp-json\/wp\/v2\/comments?post=3447"}],"version-history":[{"count":3,"href":"https:\/\/agora.xtec.cat\/escgaspardeportola\/wp-json\/wp\/v2\/posts\/3447\/revisions"}],"predecessor-version":[{"id":3453,"href":"https:\/\/agora.xtec.cat\/escgaspardeportola\/wp-json\/wp\/v2\/posts\/3447\/revisions\/3453"}],"wp:attachment":[{"href":"https:\/\/agora.xtec.cat\/escgaspardeportola\/wp-json\/wp\/v2\/media?parent=3447"}],"wp:term":[{"taxonomy":"category","embeddable":true,"href":"https:\/\/agora.xtec.cat\/escgaspardeportola\/wp-json\/wp\/v2\/categories?post=3447"},{"taxonomy":"post_tag","embeddable":true,"href":"https:\/\/agora.xtec.cat\/escgaspardeportola\/wp-json\/wp\/v2\/tags?post=3447"}],"curies":[{"name":"wp","href":"https:\/\/api.w.org\/{rel}","templated":true}]}}