{"id":3429,"date":"2019-01-26T10:50:10","date_gmt":"2019-01-26T09:50:10","guid":{"rendered":"http:\/\/agora.xtec.cat\/escgaspardeportola\/?p=3429"},"modified":"2019-02-16T09:19:21","modified_gmt":"2019-02-16T08:19:21","slug":"el-projecte-interdisciplinar-sobre-gaudi-i-el-modernisme","status":"publish","type":"post","link":"https:\/\/agora.xtec.cat\/escgaspardeportola\/cicle-superior\/el-projecte-interdisciplinar-sobre-gaudi-i-el-modernisme\/","title":{"rendered":"El Projecte interdisciplinar sobre Gaud\u00ed i el Modernisme."},"content":{"rendered":"<p style=\"text-align: right;\"><img loading=\"lazy\" decoding=\"async\" class=\"wp-image-3430 alignright\" src=\"https:\/\/agora.xtec.cat\/escgaspardeportola\/wp-content\/uploads\/usu555\/2019\/01\/Llangardaix-Park-G\u00fcell-497x1024.jpg\" alt=\"\" width=\"139\" height=\"287\" srcset=\"https:\/\/agora.xtec.cat\/escgaspardeportola\/wp-content\/uploads\/usu555\/2019\/01\/Llangardaix-Park-G\u00fcell-497x1024.jpg 497w, https:\/\/agora.xtec.cat\/escgaspardeportola\/wp-content\/uploads\/usu555\/2019\/01\/Llangardaix-Park-G\u00fcell-146x300.jpg 146w, https:\/\/agora.xtec.cat\/escgaspardeportola\/wp-content\/uploads\/usu555\/2019\/01\/Llangardaix-Park-G\u00fcell-768x1581.jpg 768w, https:\/\/agora.xtec.cat\/escgaspardeportola\/wp-content\/uploads\/usu555\/2019\/01\/Llangardaix-Park-G\u00fcell.jpg 777w\" sizes=\"auto, (max-width: 139px) 100vw, 139px\" \/>S\u00edlvia, Adri\u00e0, Ivan i Mouaad<\/p>\n<h3>Per fi ha arribat el projecte interdisciplinar.<\/h3>\n<p>Tots els alumnes de cicle superior ho est\u00e0vem esperant perqu\u00e8 vol\u00edem anar a l\u2019excursi\u00f3 de Barcelona.<\/p>\n<p>Els dies 29 i 30 d\u2019octubre vam fer el projecte interdisciplinar. El projecte el f\u00e8iem en grups de 4 o 5 alumnes. \u00a0Ens vam deixar portar els nostres ordinadors i les tablets.<\/p>\n<p>El projecte era sobre un tema motivant. El vam fer sobre Gaud\u00ed, el modernisme, la Sagrada Fam\u00edlia i el Park G\u00fcell. El podeu veure <a href=\"http:\/\/ves.cat\/eovT\" target=\"_blank\" rel=\"noopener\">aqu\u00ed<\/a>.<\/p>\n<p>Hav\u00edem de \u00a0buscar informaci\u00f3 sobre Gaud\u00ed i les seves obres. Vam saber que el Park G\u00fcell no havia de ser un parc si no una zona residencial per a rics. Tamb\u00e9 vam saber que la Sagrada Fam\u00edlia quan estigui acabada tindr\u00e0 18 torres.<\/p>\n<p>Fins aqu\u00ed la noticia sobre Gaud\u00ed, el modernisme, el Park G\u00fcell i la Sagrada Fam\u00edlia!<\/p>\n","protected":false},"excerpt":{"rendered":"<p>S\u00edlvia, Adri\u00e0, Ivan i Mouaad Per fi ha arribat el projecte interdisciplinar. Tots els alumnes de cicle superior ho est\u00e0vem esperant perqu\u00e8 vol\u00edem anar a l\u2019excursi\u00f3 de Barcelona. Els dies 29 i 30 d\u2019octubre vam fer el projecte interdisciplinar. El projecte el f\u00e8iem en grups de 4 o 5 alumnes. \u00a0Ens vam deixar portar els [&hellip;]<\/p>\n","protected":false},"author":27,"featured_media":0,"comment_status":"closed","ping_status":"closed","sticky":false,"template":"","format":"standard","meta":{"_bbp_topic_count":0,"_bbp_reply_count":0,"_bbp_total_topic_count":0,"_bbp_total_reply_count":0,"_bbp_voice_count":0,"_bbp_anonymous_reply_count":0,"_bbp_topic_count_hidden":0,"_bbp_reply_count_hidden":0,"_bbp_forum_subforum_count":0,"site-sidebar-layout":"default","site-content-layout":"","ast-site-content-layout":"","site-content-style":"default","site-sidebar-style":"default","ast-global-header-display":"","ast-banner-title-visibility":"","ast-main-header-display":"","ast-hfb-above-header-display":"","ast-hfb-below-header-display":"","ast-hfb-mobile-header-display":"","site-post-title":"","ast-breadcrumbs-content":"","ast-featured-img":"","footer-sml-layout":"","theme-transparent-header-meta":"","adv-header-id-meta":"","stick-header-meta":"","header-above-stick-meta":"","header-main-stick-meta":"","header-below-stick-meta":"","astra-migrate-meta-layouts":"default","ast-page-background-enabled":"default","ast-page-background-meta":{"desktop":{"background-color":"var(--ast-global-color-4)","background-image":"","background-repeat":"repeat","background-position":"center center","background-size":"auto","background-attachment":"scroll","background-type":"","background-media":"","overlay-type":"","overlay-color":"","overlay-opacity":"","overlay-gradient":""},"tablet":{"background-color":"","background-image":"","background-repeat":"repeat","background-position":"center center","background-size":"auto","background-attachment":"scroll","background-type":"","background-media":"","overlay-type":"","overlay-color":"","overlay-opacity":"","overlay-gradient":""},"mobile":{"background-color":"","background-image":"","background-repeat":"repeat","background-position":"center center","background-size":"auto","background-attachment":"scroll","background-type":"","background-media":"","overlay-type":"","overlay-color":"","overlay-opacity":"","overlay-gradient":""}},"ast-content-background-meta":{"desktop":{"background-color":"var(--ast-global-color-5)","background-image":"","background-repeat":"repeat","background-position":"center center","background-size":"auto","background-attachment":"scroll","background-type":"","background-media":"","overlay-type":"","overlay-color":"","overlay-opacity":"","overlay-gradient":""},"tablet":{"background-color":"var(--ast-global-color-5)","background-image":"","background-repeat":"repeat","background-position":"center center","background-size":"auto","background-attachment":"scroll","background-type":"","background-media":"","overlay-type":"","overlay-color":"","overlay-opacity":"","overlay-gradient":""},"mobile":{"background-color":"var(--ast-global-color-5)","background-image":"","background-repeat":"repeat","background-position":"center center","background-size":"auto","background-attachment":"scroll","background-type":"","background-media":"","overlay-type":"","overlay-color":"","overlay-opacity":"","overlay-gradient":""}},"footnotes":""},"categories":[290],"tags":[298],"class_list":["post-3429","post","type-post","status-publish","format-standard","hentry","category-cicle-superior","tag-activitats-i-projectes-escola"],"post_mailing_queue_ids":[],"_links":{"self":[{"href":"https:\/\/agora.xtec.cat\/escgaspardeportola\/wp-json\/wp\/v2\/posts\/3429","targetHints":{"allow":["GET"]}}],"collection":[{"href":"https:\/\/agora.xtec.cat\/escgaspardeportola\/wp-json\/wp\/v2\/posts"}],"about":[{"href":"https:\/\/agora.xtec.cat\/escgaspardeportola\/wp-json\/wp\/v2\/types\/post"}],"author":[{"embeddable":true,"href":"https:\/\/agora.xtec.cat\/escgaspardeportola\/wp-json\/wp\/v2\/users\/27"}],"replies":[{"embeddable":true,"href":"https:\/\/agora.xtec.cat\/escgaspardeportola\/wp-json\/wp\/v2\/comments?post=3429"}],"version-history":[{"count":4,"href":"https:\/\/agora.xtec.cat\/escgaspardeportola\/wp-json\/wp\/v2\/posts\/3429\/revisions"}],"predecessor-version":[{"id":3636,"href":"https:\/\/agora.xtec.cat\/escgaspardeportola\/wp-json\/wp\/v2\/posts\/3429\/revisions\/3636"}],"wp:attachment":[{"href":"https:\/\/agora.xtec.cat\/escgaspardeportola\/wp-json\/wp\/v2\/media?parent=3429"}],"wp:term":[{"taxonomy":"category","embeddable":true,"href":"https:\/\/agora.xtec.cat\/escgaspardeportola\/wp-json\/wp\/v2\/categories?post=3429"},{"taxonomy":"post_tag","embeddable":true,"href":"https:\/\/agora.xtec.cat\/escgaspardeportola\/wp-json\/wp\/v2\/tags?post=3429"}],"curies":[{"name":"wp","href":"https:\/\/api.w.org\/{rel}","templated":true}]}}