{"id":3379,"date":"2019-03-28T19:59:51","date_gmt":"2019-03-28T18:59:51","guid":{"rendered":"http:\/\/agora.xtec.cat\/escgaspardeportola\/?p=3379"},"modified":"2019-03-28T20:01:24","modified_gmt":"2019-03-28T19:01:24","slug":"tecnologia-al-poder","status":"publish","type":"post","link":"https:\/\/agora.xtec.cat\/escgaspardeportola\/cicle-superior\/tecnologia-al-poder\/","title":{"rendered":"Tecnologia al poder!"},"content":{"rendered":"<p><img loading=\"lazy\" decoding=\"async\" class=\"wp-image-3810 alignleft\" src=\"https:\/\/agora.xtec.cat\/escgaspardeportola\/wp-content\/uploads\/usu555\/2019\/01\/tecno-1024x724.jpg\" alt=\"\" width=\"395\" height=\"280\" srcset=\"https:\/\/agora.xtec.cat\/escgaspardeportola\/wp-content\/uploads\/usu555\/2019\/01\/tecno.jpg 1024w, https:\/\/agora.xtec.cat\/escgaspardeportola\/wp-content\/uploads\/usu555\/2019\/01\/tecno-300x212.jpg 300w, https:\/\/agora.xtec.cat\/escgaspardeportola\/wp-content\/uploads\/usu555\/2019\/01\/tecno-768x543.jpg 768w\" sizes=\"auto, (max-width: 395px) 100vw, 395px\" \/>La nostra escola, Gaspar de Portol\u00e0, \u00e9s una de les cinc escoles de la prov\u00edncia de Lleida que tindr\u00e0 un nou equipament tecnol\u00f2gic.<\/p>\n<p>Aquest equipament TAC, que ha d&#8217;arribar, \u00e9s el que acompanya al projecte de transformaci\u00f3 digital dels centres educatius, que ajuda als nens i nenes a aprendre d\u2019una manera m\u00e9s divertida o din\u00e0mica.<\/p>\n<p>La dotaci\u00f3 consisteix en, per a cada classe, una Tablet de \u201c65\u201d polsades i, per a l\u2019escola, 13 tablets, 50 chromebooks, 4 kits de rob\u00f2tica i 1 impressora 3D.<\/p>\n<p>Tot aix\u00f2, es gr\u00e0cies al Departament d\u2019Ensenyament de la Generalitat de Catalunya.<\/p>\n<p>Aquest projecte va comen\u00e7ar fa un temps, amb un nou sistema de connexi\u00f3 a wifi d&#8217;alta densitat, molt m\u00e9s \u201cpotent\u201d que el sistema convencional.<\/p>\n<p>Segons ens han fet saber, el nou material ja est\u00e0 arribant al centre.<\/p>\n<p>Esperem poder gaudir d\u2019ell, a partir del proper trimestre.<\/p>\n<p style=\"text-align: right;\">Jana Trellis\u00f3, Nerea Amut, Pol L\u00f3pez, Jose A. Rom\u00e1n, Judit Camps i Rayane Semmane<\/p>\n","protected":false},"excerpt":{"rendered":"<p>La nostra escola, Gaspar de Portol\u00e0, \u00e9s una de les cinc escoles de la prov\u00edncia de Lleida que tindr\u00e0 un nou equipament tecnol\u00f2gic. Aquest equipament TAC, que ha d&#8217;arribar, \u00e9s el que acompanya al projecte de transformaci\u00f3 digital dels centres educatius, que ajuda als nens i nenes a aprendre d\u2019una manera m\u00e9s divertida o din\u00e0mica. [&hellip;]<\/p>\n","protected":false},"author":1,"featured_media":0,"comment_status":"closed","ping_status":"closed","sticky":false,"template":"","format":"standard","meta":{"_bbp_topic_count":0,"_bbp_reply_count":0,"_bbp_total_topic_count":0,"_bbp_total_reply_count":0,"_bbp_voice_count":0,"_bbp_anonymous_reply_count":0,"_bbp_topic_count_hidden":0,"_bbp_reply_count_hidden":0,"_bbp_forum_subforum_count":0,"site-sidebar-layout":"default","site-content-layout":"","ast-site-content-layout":"","site-content-style":"default","site-sidebar-style":"default","ast-global-header-display":"","ast-banner-title-visibility":"","ast-main-header-display":"","ast-hfb-above-header-display":"","ast-hfb-below-header-display":"","ast-hfb-mobile-header-display":"","site-post-title":"","ast-breadcrumbs-content":"","ast-featured-img":"","footer-sml-layout":"","theme-transparent-header-meta":"","adv-header-id-meta":"","stick-header-meta":"","header-above-stick-meta":"","header-main-stick-meta":"","header-below-stick-meta":"","astra-migrate-meta-layouts":"default","ast-page-background-enabled":"default","ast-page-background-meta":{"desktop":{"background-color":"var(--ast-global-color-4)","background-image":"","background-repeat":"repeat","background-position":"center center","background-size":"auto","background-attachment":"scroll","background-type":"","background-media":"","overlay-type":"","overlay-color":"","overlay-opacity":"","overlay-gradient":""},"tablet":{"background-color":"","background-image":"","background-repeat":"repeat","background-position":"center center","background-size":"auto","background-attachment":"scroll","background-type":"","background-media":"","overlay-type":"","overlay-color":"","overlay-opacity":"","overlay-gradient":""},"mobile":{"background-color":"","background-image":"","background-repeat":"repeat","background-position":"center center","background-size":"auto","background-attachment":"scroll","background-type":"","background-media":"","overlay-type":"","overlay-color":"","overlay-opacity":"","overlay-gradient":""}},"ast-content-background-meta":{"desktop":{"background-color":"var(--ast-global-color-5)","background-image":"","background-repeat":"repeat","background-position":"center center","background-size":"auto","background-attachment":"scroll","background-type":"","background-media":"","overlay-type":"","overlay-color":"","overlay-opacity":"","overlay-gradient":""},"tablet":{"background-color":"var(--ast-global-color-5)","background-image":"","background-repeat":"repeat","background-position":"center center","background-size":"auto","background-attachment":"scroll","background-type":"","background-media":"","overlay-type":"","overlay-color":"","overlay-opacity":"","overlay-gradient":""},"mobile":{"background-color":"var(--ast-global-color-5)","background-image":"","background-repeat":"repeat","background-position":"center center","background-size":"auto","background-attachment":"scroll","background-type":"","background-media":"","overlay-type":"","overlay-color":"","overlay-opacity":"","overlay-gradient":""}},"footnotes":""},"categories":[290],"tags":[300],"class_list":["post-3379","post","type-post","status-publish","format-standard","hentry","category-cicle-superior","tag-projectes-escola"],"post_mailing_queue_ids":[],"_links":{"self":[{"href":"https:\/\/agora.xtec.cat\/escgaspardeportola\/wp-json\/wp\/v2\/posts\/3379","targetHints":{"allow":["GET"]}}],"collection":[{"href":"https:\/\/agora.xtec.cat\/escgaspardeportola\/wp-json\/wp\/v2\/posts"}],"about":[{"href":"https:\/\/agora.xtec.cat\/escgaspardeportola\/wp-json\/wp\/v2\/types\/post"}],"author":[{"embeddable":true,"href":"https:\/\/agora.xtec.cat\/escgaspardeportola\/wp-json\/wp\/v2\/users\/1"}],"replies":[{"embeddable":true,"href":"https:\/\/agora.xtec.cat\/escgaspardeportola\/wp-json\/wp\/v2\/comments?post=3379"}],"version-history":[{"count":2,"href":"https:\/\/agora.xtec.cat\/escgaspardeportola\/wp-json\/wp\/v2\/posts\/3379\/revisions"}],"predecessor-version":[{"id":3811,"href":"https:\/\/agora.xtec.cat\/escgaspardeportola\/wp-json\/wp\/v2\/posts\/3379\/revisions\/3811"}],"wp:attachment":[{"href":"https:\/\/agora.xtec.cat\/escgaspardeportola\/wp-json\/wp\/v2\/media?parent=3379"}],"wp:term":[{"taxonomy":"category","embeddable":true,"href":"https:\/\/agora.xtec.cat\/escgaspardeportola\/wp-json\/wp\/v2\/categories?post=3379"},{"taxonomy":"post_tag","embeddable":true,"href":"https:\/\/agora.xtec.cat\/escgaspardeportola\/wp-json\/wp\/v2\/tags?post=3379"}],"curies":[{"name":"wp","href":"https:\/\/api.w.org\/{rel}","templated":true}]}}