{"id":3377,"date":"2018-11-28T20:23:19","date_gmt":"2018-11-28T19:23:19","guid":{"rendered":"http:\/\/agora.xtec.cat\/escgaspardeportola\/?p=3377"},"modified":"2019-03-29T09:48:15","modified_gmt":"2019-03-29T08:48:15","slug":"viatgem-a-la-prehistoria","status":"publish","type":"post","link":"https:\/\/agora.xtec.cat\/escgaspardeportola\/cicle-superior\/viatgem-a-la-prehistoria\/","title":{"rendered":"Viatgem a la Prehist\u00f2ria !!!"},"content":{"rendered":"<p>El passat 5 de novembre els nens i nenes de 5\u00e8 de l\u2019escola Gaspar de Portol\u00e0, vam anar al Camp d\u2019Aprenentatge de la Noguera, situat al costat de l\u2019estaci\u00f3 de ferrocarril de Sant Lloren\u00e7 de Montgai. Hi havia nens i nenes, companys nostres, que estaven molt emocionats perqu\u00e8 era la primera vegada que viatjaven en tren.<\/p>\n<p>Vam anar-hi perqu\u00e8 la Prehist\u00f2ria forma part del curr\u00edculum que hem de treballar a l\u2019escola al llarg dels dos cursos del cicle superior d\u2019educaci\u00f3 prim\u00e0ria.<\/p>\n<p>Un cop arribats i esmorzats, durant el mat\u00ed vam fer una visita de reconeixement d&#8217;una r\u00e8plica d&#8217;un campament prehist\u00f2ric i vam fer d\u2019arque\u00f2legs en una excavaci\u00f3 del terreny; per la tarda, despr\u00e9s d&#8217;haver reposat forces, vam fer un taller de talla de s\u00edlex i vam pintar com ho feien els nostres avantpassats prehist\u00f2rics.<\/p>\n<p>Ens ho vam passar molt b\u00e9, tot i que va ploure. Vam aprendre molt, de forma diferent a com ho fem a l&#8217;escola, on els nostres professors ja ens havien parlat profundament de l&#8217;\u00e8poca prehist\u00f2rica.<\/p>\n<p>Gr\u00e0cies per haver-nos ensenyat m\u00e9s coses sobre la prehist\u00f2ria.<\/p>\n<p style=\"text-align: right;\">\u00cdker Sanz, \u00c8lia Sanmart\u00edn, Naila Navarra, Carlota Salvad\u00f3, Maria Meler i Ainoa Montoliu<\/p>\n","protected":false},"excerpt":{"rendered":"<p>El passat 5 de novembre els nens i nenes de 5\u00e8 de l\u2019escola Gaspar de Portol\u00e0, vam anar al Camp d\u2019Aprenentatge de la Noguera, situat al costat de l\u2019estaci\u00f3 de ferrocarril de Sant Lloren\u00e7 de Montgai. Hi havia nens i nenes, companys nostres, que estaven molt emocionats perqu\u00e8 era la primera vegada que viatjaven en [&hellip;]<\/p>\n","protected":false},"author":1,"featured_media":0,"comment_status":"closed","ping_status":"closed","sticky":false,"template":"","format":"standard","meta":{"_bbp_topic_count":0,"_bbp_reply_count":0,"_bbp_total_topic_count":0,"_bbp_total_reply_count":0,"_bbp_voice_count":0,"_bbp_anonymous_reply_count":0,"_bbp_topic_count_hidden":0,"_bbp_reply_count_hidden":0,"_bbp_forum_subforum_count":0,"site-sidebar-layout":"default","site-content-layout":"","ast-site-content-layout":"","site-content-style":"default","site-sidebar-style":"default","ast-global-header-display":"","ast-banner-title-visibility":"","ast-main-header-display":"","ast-hfb-above-header-display":"","ast-hfb-below-header-display":"","ast-hfb-mobile-header-display":"","site-post-title":"","ast-breadcrumbs-content":"","ast-featured-img":"","footer-sml-layout":"","theme-transparent-header-meta":"","adv-header-id-meta":"","stick-header-meta":"","header-above-stick-meta":"","header-main-stick-meta":"","header-below-stick-meta":"","astra-migrate-meta-layouts":"default","ast-page-background-enabled":"default","ast-page-background-meta":{"desktop":{"background-color":"var(--ast-global-color-4)","background-image":"","background-repeat":"repeat","background-position":"center center","background-size":"auto","background-attachment":"scroll","background-type":"","background-media":"","overlay-type":"","overlay-color":"","overlay-opacity":"","overlay-gradient":""},"tablet":{"background-color":"","background-image":"","background-repeat":"repeat","background-position":"center center","background-size":"auto","background-attachment":"scroll","background-type":"","background-media":"","overlay-type":"","overlay-color":"","overlay-opacity":"","overlay-gradient":""},"mobile":{"background-color":"","background-image":"","background-repeat":"repeat","background-position":"center center","background-size":"auto","background-attachment":"scroll","background-type":"","background-media":"","overlay-type":"","overlay-color":"","overlay-opacity":"","overlay-gradient":""}},"ast-content-background-meta":{"desktop":{"background-color":"var(--ast-global-color-5)","background-image":"","background-repeat":"repeat","background-position":"center center","background-size":"auto","background-attachment":"scroll","background-type":"","background-media":"","overlay-type":"","overlay-color":"","overlay-opacity":"","overlay-gradient":""},"tablet":{"background-color":"var(--ast-global-color-5)","background-image":"","background-repeat":"repeat","background-position":"center center","background-size":"auto","background-attachment":"scroll","background-type":"","background-media":"","overlay-type":"","overlay-color":"","overlay-opacity":"","overlay-gradient":""},"mobile":{"background-color":"var(--ast-global-color-5)","background-image":"","background-repeat":"repeat","background-position":"center center","background-size":"auto","background-attachment":"scroll","background-type":"","background-media":"","overlay-type":"","overlay-color":"","overlay-opacity":"","overlay-gradient":""}},"footnotes":""},"categories":[290],"tags":[297],"class_list":["post-3377","post","type-post","status-publish","format-standard","hentry","category-cicle-superior","tag-sortides-escolars"],"post_mailing_queue_ids":[],"_links":{"self":[{"href":"https:\/\/agora.xtec.cat\/escgaspardeportola\/wp-json\/wp\/v2\/posts\/3377","targetHints":{"allow":["GET"]}}],"collection":[{"href":"https:\/\/agora.xtec.cat\/escgaspardeportola\/wp-json\/wp\/v2\/posts"}],"about":[{"href":"https:\/\/agora.xtec.cat\/escgaspardeportola\/wp-json\/wp\/v2\/types\/post"}],"author":[{"embeddable":true,"href":"https:\/\/agora.xtec.cat\/escgaspardeportola\/wp-json\/wp\/v2\/users\/1"}],"replies":[{"embeddable":true,"href":"https:\/\/agora.xtec.cat\/escgaspardeportola\/wp-json\/wp\/v2\/comments?post=3377"}],"version-history":[{"count":2,"href":"https:\/\/agora.xtec.cat\/escgaspardeportola\/wp-json\/wp\/v2\/posts\/3377\/revisions"}],"predecessor-version":[{"id":3812,"href":"https:\/\/agora.xtec.cat\/escgaspardeportola\/wp-json\/wp\/v2\/posts\/3377\/revisions\/3812"}],"wp:attachment":[{"href":"https:\/\/agora.xtec.cat\/escgaspardeportola\/wp-json\/wp\/v2\/media?parent=3377"}],"wp:term":[{"taxonomy":"category","embeddable":true,"href":"https:\/\/agora.xtec.cat\/escgaspardeportola\/wp-json\/wp\/v2\/categories?post=3377"},{"taxonomy":"post_tag","embeddable":true,"href":"https:\/\/agora.xtec.cat\/escgaspardeportola\/wp-json\/wp\/v2\/tags?post=3377"}],"curies":[{"name":"wp","href":"https:\/\/api.w.org\/{rel}","templated":true}]}}