{"id":3214,"date":"2018-12-14T23:52:02","date_gmt":"2018-12-14T22:52:02","guid":{"rendered":"http:\/\/agora.xtec.cat\/escgaspardeportola\/?p=3214"},"modified":"2018-12-15T22:58:37","modified_gmt":"2018-12-15T21:58:37","slug":"concert-de-nadal-2018","status":"publish","type":"post","link":"https:\/\/agora.xtec.cat\/escgaspardeportola\/portada\/concert-de-nadal-2018\/","title":{"rendered":"CONCERT DE NADAL 2018"},"content":{"rendered":"<p>Despr\u00e9s d&#8217;una setmana intensa d&#8217;assajos, la tarda del dijous i divendres hem viscut el concert de Nadal a trav\u00e9s de la Rosa. Una nena de sis\u00e8 que ha celebrat el seu \u00faltim concert a l&#8217;escola, recordant els concerts que ha anat vivint mentre feia el seu arbre de Nadal.<\/p>\n<p>Moltes gr\u00e0cies per la vostra assist\u00e8ncia i us desitgem que passeu un Nadal molt especial!<\/p>\n<p>Us deixem un tastet de fotografies del concert de divendres en breu acabarem d&#8217;afegir les de dijous. Ens veiem el dilluns amb les piles carregades per a la \u00faltima setmana de trimestre.<\/p>\n<p>&nbsp;<\/p>\n<p>Feu clic sobre la imatge<\/p>\n<p><a href=\"https:\/\/photos.google.com\/share\/AF1QipPBlXXh_kaLv6C9HpFF0u8XcjN2q6GiSJ31LLfnCSYxFjeaR6Qz2caKaQxyS7vHJA?key=ZEhyZHlvc0NCYnRva0RxcXB3WExuTGlvanpJcV9R\"><img loading=\"lazy\" decoding=\"async\" class=\"alignnone size-large\" src=\"https:\/\/lh3.googleusercontent.com\/27hDdoczPBMeEJd7qQqBFEtH6SogFlQe-m3e_Egpp7rQULTgEj29WP1oH_lF8MP9tOQI-oCkw2kbgBokarrHJYvUflq1izF_brga4lwFQb1Ts-mKZkAMINzPWJacjTp9Av5TWul8s7-Byhkql-uGav1ozNtQ4Ghk1TnRYjcckQYjI2mXIYaSwNkhmw4BDEWEuSbrAw3eEV8Y5ZtwcvERoSG-RH5VXVSzmJlXvayZP9DvCHQdFJL-kF93QM-He3Jq2s6MmlOhG6C0gFWmjE9pMld_qp50dmnilmm_ZEN5YIPobqQfprO3LbZcjXQwwifTykPU2ZE5oDXlyzhcPzVAQ0w2jNufQlye1YS6-ohb9sr4Qxr41JI_AN4Sscd5pI0o4eUxvQySGY1R3j5ANgjPI6_UfwYzvnBm5LTbIS8N7gaenWuVDSvCcw023DOM4GkrgB_bA0cR63h82tq0TSyadldoE8cddPML9XGHThl9HBb_EjxtzPzX2p3GPUsOBMZELP21VLDXjwDlHSCQuO_1vhNepYrU197tYs8uwnBcJ_qMSOBeOdG6Zd-7sLtnGJMZIKESnoj9ivlOEGXp7OrMjQtDzqg9ZV3MmabV37y0eoUDqbGB0N2IwItwVLWKYj7u7Y7flnCkLOhOPynogIqnbaEt=w1440-h700-no\" width=\"1440\" height=\"700\" \/><\/a><\/p>\n","protected":false},"excerpt":{"rendered":"<p>Despr\u00e9s d&#8217;una setmana intensa d&#8217;assajos, la tarda del dijous i divendres hem viscut el concert de Nadal a trav\u00e9s de la Rosa. Una nena de sis\u00e8 que ha celebrat el seu \u00faltim concert a l&#8217;escola, recordant els concerts que ha anat vivint mentre feia el seu arbre de Nadal. Moltes gr\u00e0cies per la vostra assist\u00e8ncia [&hellip;]<\/p>\n","protected":false},"author":1,"featured_media":0,"comment_status":"closed","ping_status":"closed","sticky":false,"template":"","format":"standard","meta":{"_bbp_topic_count":0,"_bbp_reply_count":0,"_bbp_total_topic_count":0,"_bbp_total_reply_count":0,"_bbp_voice_count":0,"_bbp_anonymous_reply_count":0,"_bbp_topic_count_hidden":0,"_bbp_reply_count_hidden":0,"_bbp_forum_subforum_count":0,"site-sidebar-layout":"default","site-content-layout":"","ast-site-content-layout":"","site-content-style":"default","site-sidebar-style":"default","ast-global-header-display":"","ast-banner-title-visibility":"","ast-main-header-display":"","ast-hfb-above-header-display":"","ast-hfb-below-header-display":"","ast-hfb-mobile-header-display":"","site-post-title":"","ast-breadcrumbs-content":"","ast-featured-img":"","footer-sml-layout":"","theme-transparent-header-meta":"","adv-header-id-meta":"","stick-header-meta":"","header-above-stick-meta":"","header-main-stick-meta":"","header-below-stick-meta":"","astra-migrate-meta-layouts":"default","ast-page-background-enabled":"default","ast-page-background-meta":{"desktop":{"background-color":"var(--ast-global-color-4)","background-image":"","background-repeat":"repeat","background-position":"center center","background-size":"auto","background-attachment":"scroll","background-type":"","background-media":"","overlay-type":"","overlay-color":"","overlay-opacity":"","overlay-gradient":""},"tablet":{"background-color":"","background-image":"","background-repeat":"repeat","background-position":"center center","background-size":"auto","background-attachment":"scroll","background-type":"","background-media":"","overlay-type":"","overlay-color":"","overlay-opacity":"","overlay-gradient":""},"mobile":{"background-color":"","background-image":"","background-repeat":"repeat","background-position":"center center","background-size":"auto","background-attachment":"scroll","background-type":"","background-media":"","overlay-type":"","overlay-color":"","overlay-opacity":"","overlay-gradient":""}},"ast-content-background-meta":{"desktop":{"background-color":"var(--ast-global-color-5)","background-image":"","background-repeat":"repeat","background-position":"center center","background-size":"auto","background-attachment":"scroll","background-type":"","background-media":"","overlay-type":"","overlay-color":"","overlay-opacity":"","overlay-gradient":""},"tablet":{"background-color":"var(--ast-global-color-5)","background-image":"","background-repeat":"repeat","background-position":"center center","background-size":"auto","background-attachment":"scroll","background-type":"","background-media":"","overlay-type":"","overlay-color":"","overlay-opacity":"","overlay-gradient":""},"mobile":{"background-color":"var(--ast-global-color-5)","background-image":"","background-repeat":"repeat","background-position":"center center","background-size":"auto","background-attachment":"scroll","background-type":"","background-media":"","overlay-type":"","overlay-color":"","overlay-opacity":"","overlay-gradient":""}},"footnotes":""},"categories":[4],"tags":[206,196],"class_list":["post-3214","post","type-post","status-publish","format-standard","hentry","category-portada","tag-206","tag-concert-de-nadal"],"post_mailing_queue_ids":[],"_links":{"self":[{"href":"https:\/\/agora.xtec.cat\/escgaspardeportola\/wp-json\/wp\/v2\/posts\/3214","targetHints":{"allow":["GET"]}}],"collection":[{"href":"https:\/\/agora.xtec.cat\/escgaspardeportola\/wp-json\/wp\/v2\/posts"}],"about":[{"href":"https:\/\/agora.xtec.cat\/escgaspardeportola\/wp-json\/wp\/v2\/types\/post"}],"author":[{"embeddable":true,"href":"https:\/\/agora.xtec.cat\/escgaspardeportola\/wp-json\/wp\/v2\/users\/1"}],"replies":[{"embeddable":true,"href":"https:\/\/agora.xtec.cat\/escgaspardeportola\/wp-json\/wp\/v2\/comments?post=3214"}],"version-history":[{"count":2,"href":"https:\/\/agora.xtec.cat\/escgaspardeportola\/wp-json\/wp\/v2\/posts\/3214\/revisions"}],"predecessor-version":[{"id":3219,"href":"https:\/\/agora.xtec.cat\/escgaspardeportola\/wp-json\/wp\/v2\/posts\/3214\/revisions\/3219"}],"wp:attachment":[{"href":"https:\/\/agora.xtec.cat\/escgaspardeportola\/wp-json\/wp\/v2\/media?parent=3214"}],"wp:term":[{"taxonomy":"category","embeddable":true,"href":"https:\/\/agora.xtec.cat\/escgaspardeportola\/wp-json\/wp\/v2\/categories?post=3214"},{"taxonomy":"post_tag","embeddable":true,"href":"https:\/\/agora.xtec.cat\/escgaspardeportola\/wp-json\/wp\/v2\/tags?post=3214"}],"curies":[{"name":"wp","href":"https:\/\/api.w.org\/{rel}","templated":true}]}}