{"id":3113,"date":"2018-11-21T11:56:07","date_gmt":"2018-11-21T10:56:07","guid":{"rendered":"http:\/\/agora.xtec.cat\/escgaspardeportola\/?p=3113"},"modified":"2018-11-21T11:56:07","modified_gmt":"2018-11-21T10:56:07","slug":"vet-aqui-un-apat","status":"publish","type":"post","link":"https:\/\/agora.xtec.cat\/escgaspardeportola\/portada\/vet-aqui-un-apat\/","title":{"rendered":"Vet aqu\u00ed un \u00e0pat&#8230;"},"content":{"rendered":"<p>Dilluns, en Marc nutricionista-dietista dins del programa &#8220;Vet aqu\u00ed un \u00e0pat&#8221;, ens va explicar la import\u00e0ncia del consum de fruites i hortalisses i llet als nens i nenes en edat escolar.<\/p>\n<p>La xerrada va iniciar-se amb una explicaci\u00f3 i recordatori de la pir\u00e0mide d\u2019alimentaci\u00f3. En tot moment va haver-hi feedback entre el ponent i els oients on s\u2019anava resolent dubtes de qualsevol tipus.<\/p>\n<p>Finalment ens va fer un show-cooking, una demostraci\u00f3 de com preparar un gaspatxo de remolatxa, un carpaccio de carbass\u00f3 i com decorar un plat de fruita per a fer un berenar d\u2019all\u00f2 m\u00e9s atractiu i saludable possible.<\/p>\n<p>El tastet dels plats preparats va ser el punt i final d\u2019aquesta xerrada on ens va fer pensar en la import\u00e0ncia de l\u2019alimentaci\u00f3 dels nostres fills i filles.<\/p>\n<p><a href=\"http:\/\/familiaiescola.gencat.cat\/ca\/educar-creixer-en-familia\/habits-saludables\/alimentacio\/\">Alimentaci\u00f3<\/a><\/p>\n<p><a href=\"https:\/\/photos.google.com\/u\/3\/share\/AF1QipMCMaiAI823QOhFRCbAP5dFbEvdxL_Qdqn9j1k_IMiFeaGp1yuLwmLa0hkfc-2u3A?key=NVg2VWdDRmVCei1yVmFWVGdxTjdzajdkcUFFNVlB\"><img loading=\"lazy\" decoding=\"async\" class=\"alignnone \" src=\"https:\/\/lh3.googleusercontent.com\/EuRC6QgFReyKufWAxp8G7VmnAViQYZl5GrNMGbmGZrSNk1Ljebww3e7tlVn1kZisi_JYIhf0tm8yK8g0uDJ0EnIKxutGLZfaneoppOti_ZgOxftYYFt0cLNeQvBNiUgE_F4-waag__AlQLOGDvGe9ZVg2CTE-07hD65Uv05NfUaS9MOd5bIeDM1r4VKqBjpBkTDUpyeFZ8jt01xBgV7kZxGBg7snEU7_hQvHzNaol-c3-I7cN_LMwC0TTHq7y7z0WIDyYrYdVb8Az5rR0gy_lFCX7bokTJZVtNXp588OoGEqZy6dGGOFbQtXNo3qjNvsMBIqc--67CqFiPmIA-90hPOOw8BgSEWxCwsA0_AN_d82CIeDli0pCowlxSLKy0FpqN3AUnc4YzMdWteqhm9_zaIME2KoAPE61JWVxvUfK_aRL0sy4QWH6mjG2WLai7qW6KRS7ek27AprltJQfdOAv1PSaB87XpPi1MtUSbYFPZh3tlWAe6RNxJiEER2c0nMvruZ-4uTkqAXuEKj1xr0AJTyBaABHhykOOepHU5dclfNhCUDCZVluu_n0jvIAThIsWcaGf632Vc3--sR1UWTPRzyKkIWANcgeKalwbxGpgfSjOcXr8gTQYlD2cng8qpsXIsDm1v9BIplNbVQsn8P4GRE-c-iG9hByYdRH0SPLrcc3dFt3RjpsvqnjsCE8iVHso6HfIDqAQTbshybgNw=w955-h716-no\" width=\"562\" height=\"421\" \/><\/a><\/p>\n<p>Fes clic a la imatge per a veure m\u00e9s fotografies<\/p>\n","protected":false},"excerpt":{"rendered":"<p>Dilluns, en Marc nutricionista-dietista dins del programa &#8220;Vet aqu\u00ed un \u00e0pat&#8221;, ens va explicar la import\u00e0ncia del consum de fruites i hortalisses i llet als nens i nenes en edat escolar. La xerrada va iniciar-se amb una explicaci\u00f3 i recordatori de la pir\u00e0mide d\u2019alimentaci\u00f3. En tot moment va haver-hi feedback entre el ponent i els [&hellip;]<\/p>\n","protected":false},"author":1,"featured_media":0,"comment_status":"closed","ping_status":"closed","sticky":false,"template":"","format":"standard","meta":{"_bbp_topic_count":0,"_bbp_reply_count":0,"_bbp_total_topic_count":0,"_bbp_total_reply_count":0,"_bbp_voice_count":0,"_bbp_anonymous_reply_count":0,"_bbp_topic_count_hidden":0,"_bbp_reply_count_hidden":0,"_bbp_forum_subforum_count":0,"site-sidebar-layout":"default","site-content-layout":"","ast-site-content-layout":"","site-content-style":"default","site-sidebar-style":"default","ast-global-header-display":"","ast-banner-title-visibility":"","ast-main-header-display":"","ast-hfb-above-header-display":"","ast-hfb-below-header-display":"","ast-hfb-mobile-header-display":"","site-post-title":"","ast-breadcrumbs-content":"","ast-featured-img":"","footer-sml-layout":"","theme-transparent-header-meta":"","adv-header-id-meta":"","stick-header-meta":"","header-above-stick-meta":"","header-main-stick-meta":"","header-below-stick-meta":"","astra-migrate-meta-layouts":"default","ast-page-background-enabled":"default","ast-page-background-meta":{"desktop":{"background-color":"var(--ast-global-color-4)","background-image":"","background-repeat":"repeat","background-position":"center center","background-size":"auto","background-attachment":"scroll","background-type":"","background-media":"","overlay-type":"","overlay-color":"","overlay-opacity":"","overlay-gradient":""},"tablet":{"background-color":"","background-image":"","background-repeat":"repeat","background-position":"center center","background-size":"auto","background-attachment":"scroll","background-type":"","background-media":"","overlay-type":"","overlay-color":"","overlay-opacity":"","overlay-gradient":""},"mobile":{"background-color":"","background-image":"","background-repeat":"repeat","background-position":"center center","background-size":"auto","background-attachment":"scroll","background-type":"","background-media":"","overlay-type":"","overlay-color":"","overlay-opacity":"","overlay-gradient":""}},"ast-content-background-meta":{"desktop":{"background-color":"var(--ast-global-color-5)","background-image":"","background-repeat":"repeat","background-position":"center center","background-size":"auto","background-attachment":"scroll","background-type":"","background-media":"","overlay-type":"","overlay-color":"","overlay-opacity":"","overlay-gradient":""},"tablet":{"background-color":"var(--ast-global-color-5)","background-image":"","background-repeat":"repeat","background-position":"center center","background-size":"auto","background-attachment":"scroll","background-type":"","background-media":"","overlay-type":"","overlay-color":"","overlay-opacity":"","overlay-gradient":""},"mobile":{"background-color":"var(--ast-global-color-5)","background-image":"","background-repeat":"repeat","background-position":"center center","background-size":"auto","background-attachment":"scroll","background-type":"","background-media":"","overlay-type":"","overlay-color":"","overlay-opacity":"","overlay-gradient":""}},"footnotes":""},"categories":[110,4],"tags":[],"class_list":["post-3113","post","type-post","status-publish","format-standard","hentry","category-escola-verda","category-portada"],"post_mailing_queue_ids":[],"_links":{"self":[{"href":"https:\/\/agora.xtec.cat\/escgaspardeportola\/wp-json\/wp\/v2\/posts\/3113","targetHints":{"allow":["GET"]}}],"collection":[{"href":"https:\/\/agora.xtec.cat\/escgaspardeportola\/wp-json\/wp\/v2\/posts"}],"about":[{"href":"https:\/\/agora.xtec.cat\/escgaspardeportola\/wp-json\/wp\/v2\/types\/post"}],"author":[{"embeddable":true,"href":"https:\/\/agora.xtec.cat\/escgaspardeportola\/wp-json\/wp\/v2\/users\/1"}],"replies":[{"embeddable":true,"href":"https:\/\/agora.xtec.cat\/escgaspardeportola\/wp-json\/wp\/v2\/comments?post=3113"}],"version-history":[{"count":1,"href":"https:\/\/agora.xtec.cat\/escgaspardeportola\/wp-json\/wp\/v2\/posts\/3113\/revisions"}],"predecessor-version":[{"id":3114,"href":"https:\/\/agora.xtec.cat\/escgaspardeportola\/wp-json\/wp\/v2\/posts\/3113\/revisions\/3114"}],"wp:attachment":[{"href":"https:\/\/agora.xtec.cat\/escgaspardeportola\/wp-json\/wp\/v2\/media?parent=3113"}],"wp:term":[{"taxonomy":"category","embeddable":true,"href":"https:\/\/agora.xtec.cat\/escgaspardeportola\/wp-json\/wp\/v2\/categories?post=3113"},{"taxonomy":"post_tag","embeddable":true,"href":"https:\/\/agora.xtec.cat\/escgaspardeportola\/wp-json\/wp\/v2\/tags?post=3113"}],"curies":[{"name":"wp","href":"https:\/\/api.w.org\/{rel}","templated":true}]}}