{"id":3060,"date":"2018-10-31T20:50:18","date_gmt":"2018-10-31T19:50:18","guid":{"rendered":"http:\/\/agora.xtec.cat\/escgaspardeportola\/?p=3060"},"modified":"2018-10-31T20:50:18","modified_gmt":"2018-10-31T19:50:18","slug":"tarda-de-castanyada","status":"publish","type":"post","link":"https:\/\/agora.xtec.cat\/escgaspardeportola\/portada\/tarda-de-castanyada\/","title":{"rendered":"Tarda de Castanyada!"},"content":{"rendered":"<p>Tot i que la pluja ens ha fet una mica la guitza finalment hem celebrat la castanyada. Hem pogut coure les castanyes, repartir-les a tots els nens i nenes i gaudit de l\u2019espectacle. Tamb\u00e9 hem recollit unes quantes firmes m\u00e9s per demanar les millores al parc. Amb dies com avui \u00e9s com es veu m\u00e9s el mal estat en que es troba.<\/p>\n<p>Si encara no heu signat demaneu els fulls a l\u2019escola.<\/p>\n<p>Bona castanyada a tothom i gr\u00e0cies a totes les fam\u00edlies que ens heu vingut a ajudar!<\/p>\n<p>AMPA GASPAR DE PORTOL\u00c0<\/p>\n<p><a href=\"https:\/\/photos.google.com\/u\/2\/share\/AF1QipOwWz1SezO7xLqoFO4sCNP4yUibkXoZk3Zia7jS1GttsM6EpDCSDS8gYCVTJLOXNg?key=UEk5emh0Vm45MUtWa2VWT0FNWU5IRXRlbXFKZDdB\"><img loading=\"lazy\" decoding=\"async\" class=\"alignnone size-large\" src=\"https:\/\/lh3.googleusercontent.com\/K4FGWaX46MqaNt4DjNkFPuY9o7pVOPRHU63D3127099GyQzejC0zeBeOTJ00DAdGe9Rhcm18ZeSKJ6VGhjas6Y9twhxaqF289kXnLYWFg1xSXix_8qMvXHYaCcHd8uEIlS8A1tYfQBIlhJQXzdY2p5KJpGXUuKpxogG9C5NcT6cwn-ue8zT5sViHXoN1Aar9fBJmu_2ikbKx1223b2zdrvjfS1f-8DVwUeEYbxI_OUgzCO5bWnL5VV5gGesJbg2XSTxzpMKxvCUEFNiAaWfhF6QxnpeDRfF2vWqRSxauRhH_UA61xXi-zDtpKgWo7XDAcMtZVJYPonJH4BI6tIcIHCvsWR2T6AeDywnPYqwycXyscbBnD8S-x1P5C7LO96rBXiCxfqM3hSVsKSWwCo8tWIfnAxQpWOGI1UTS9QsM9WSKWxsNCTcOevtx_Unj3F-5LXyUnMOA6j4ZGn7H1cgwv5zJxq8gR_uqgWPtimtgGIMlsc4PXs7r3x4oMxR3yJZBrojW9DHLuZt4l1mRUxm7nNKwAXkWqcMFpCsQCAzGen44hrF8yYiBGU0beE1di73LtChPUpwZ5liGgEnKcsJ0K-p9K2xC2J_X-_lVQINtKiW877giE2Y_OMMB4e95BOy9pbzBLJSDsgiDV_yHOkYOkvC7mahJV9XYL6_uFD2N12wTRYlCcDJtKPfWadRn0Ovk8KBGrAU8L43Yz5aS=w991-h743-no\" width=\"991\" height=\"743\" \/><\/a><\/p>\n<p>Feu clic a la imatge per a veure m\u00e9s fotografies<\/p>\n","protected":false},"excerpt":{"rendered":"<p>Tot i que la pluja ens ha fet una mica la guitza finalment hem celebrat la castanyada. Hem pogut coure les castanyes, repartir-les a tots els nens i nenes i gaudit de l\u2019espectacle. Tamb\u00e9 hem recollit unes quantes firmes m\u00e9s per demanar les millores al parc. Amb dies com avui \u00e9s com es veu m\u00e9s [&hellip;]<\/p>\n","protected":false},"author":1,"featured_media":0,"comment_status":"closed","ping_status":"closed","sticky":false,"template":"","format":"standard","meta":{"_bbp_topic_count":0,"_bbp_reply_count":0,"_bbp_total_topic_count":0,"_bbp_total_reply_count":0,"_bbp_voice_count":0,"_bbp_anonymous_reply_count":0,"_bbp_topic_count_hidden":0,"_bbp_reply_count_hidden":0,"_bbp_forum_subforum_count":0,"site-sidebar-layout":"default","site-content-layout":"","ast-site-content-layout":"","site-content-style":"default","site-sidebar-style":"default","ast-global-header-display":"","ast-banner-title-visibility":"","ast-main-header-display":"","ast-hfb-above-header-display":"","ast-hfb-below-header-display":"","ast-hfb-mobile-header-display":"","site-post-title":"","ast-breadcrumbs-content":"","ast-featured-img":"","footer-sml-layout":"","theme-transparent-header-meta":"","adv-header-id-meta":"","stick-header-meta":"","header-above-stick-meta":"","header-main-stick-meta":"","header-below-stick-meta":"","astra-migrate-meta-layouts":"default","ast-page-background-enabled":"default","ast-page-background-meta":{"desktop":{"background-color":"var(--ast-global-color-4)","background-image":"","background-repeat":"repeat","background-position":"center center","background-size":"auto","background-attachment":"scroll","background-type":"","background-media":"","overlay-type":"","overlay-color":"","overlay-opacity":"","overlay-gradient":""},"tablet":{"background-color":"","background-image":"","background-repeat":"repeat","background-position":"center center","background-size":"auto","background-attachment":"scroll","background-type":"","background-media":"","overlay-type":"","overlay-color":"","overlay-opacity":"","overlay-gradient":""},"mobile":{"background-color":"","background-image":"","background-repeat":"repeat","background-position":"center center","background-size":"auto","background-attachment":"scroll","background-type":"","background-media":"","overlay-type":"","overlay-color":"","overlay-opacity":"","overlay-gradient":""}},"ast-content-background-meta":{"desktop":{"background-color":"var(--ast-global-color-5)","background-image":"","background-repeat":"repeat","background-position":"center center","background-size":"auto","background-attachment":"scroll","background-type":"","background-media":"","overlay-type":"","overlay-color":"","overlay-opacity":"","overlay-gradient":""},"tablet":{"background-color":"var(--ast-global-color-5)","background-image":"","background-repeat":"repeat","background-position":"center center","background-size":"auto","background-attachment":"scroll","background-type":"","background-media":"","overlay-type":"","overlay-color":"","overlay-opacity":"","overlay-gradient":""},"mobile":{"background-color":"var(--ast-global-color-5)","background-image":"","background-repeat":"repeat","background-position":"center center","background-size":"auto","background-attachment":"scroll","background-type":"","background-media":"","overlay-type":"","overlay-color":"","overlay-opacity":"","overlay-gradient":""}},"footnotes":""},"categories":[266,4],"tags":[122,104],"class_list":["post-3060","post","type-post","status-publish","format-standard","hentry","category-afa","category-portada","tag-ampa","tag-castanyada"],"post_mailing_queue_ids":[],"_links":{"self":[{"href":"https:\/\/agora.xtec.cat\/escgaspardeportola\/wp-json\/wp\/v2\/posts\/3060","targetHints":{"allow":["GET"]}}],"collection":[{"href":"https:\/\/agora.xtec.cat\/escgaspardeportola\/wp-json\/wp\/v2\/posts"}],"about":[{"href":"https:\/\/agora.xtec.cat\/escgaspardeportola\/wp-json\/wp\/v2\/types\/post"}],"author":[{"embeddable":true,"href":"https:\/\/agora.xtec.cat\/escgaspardeportola\/wp-json\/wp\/v2\/users\/1"}],"replies":[{"embeddable":true,"href":"https:\/\/agora.xtec.cat\/escgaspardeportola\/wp-json\/wp\/v2\/comments?post=3060"}],"version-history":[{"count":1,"href":"https:\/\/agora.xtec.cat\/escgaspardeportola\/wp-json\/wp\/v2\/posts\/3060\/revisions"}],"predecessor-version":[{"id":3061,"href":"https:\/\/agora.xtec.cat\/escgaspardeportola\/wp-json\/wp\/v2\/posts\/3060\/revisions\/3061"}],"wp:attachment":[{"href":"https:\/\/agora.xtec.cat\/escgaspardeportola\/wp-json\/wp\/v2\/media?parent=3060"}],"wp:term":[{"taxonomy":"category","embeddable":true,"href":"https:\/\/agora.xtec.cat\/escgaspardeportola\/wp-json\/wp\/v2\/categories?post=3060"},{"taxonomy":"post_tag","embeddable":true,"href":"https:\/\/agora.xtec.cat\/escgaspardeportola\/wp-json\/wp\/v2\/tags?post=3060"}],"curies":[{"name":"wp","href":"https:\/\/api.w.org\/{rel}","templated":true}]}}