{"id":2969,"date":"2018-10-20T20:50:50","date_gmt":"2018-10-20T18:50:50","guid":{"rendered":"http:\/\/agora.xtec.cat\/escgaspardeportola\/?p=2969"},"modified":"2018-10-20T20:50:50","modified_gmt":"2018-10-20T18:50:50","slug":"preparem-una-gimcana","status":"publish","type":"post","link":"https:\/\/agora.xtec.cat\/escgaspardeportola\/cicleinicial\/preparem-una-gimcana\/","title":{"rendered":"Preparem una gimcana?"},"content":{"rendered":"<p>Els nens i nenes de segon hem iniciat el trimestre, a Educaci\u00f3 F\u00edsica, preparant una gimcana als nens i nenes de primer. Som els grans del cicle i calia explicar b\u00e9 als de primer com funciona els jocs i les zones a l\u2019hora del pati.<\/p>\n<p>Abans de preparar-la calia con\u00e8ixer que \u00e9s una gimcana aix\u00ed que ells van experimentar una gimcana que se\u2019ls havia preparat pel pati d\u2019educaci\u00f3 infantil i de prim\u00e0ria. Despr\u00e9s d\u2019una unitat de jocs d\u2019espai a la tornada a la calma de cada sessi\u00f3 s\u2019anava preparant la gimcana pels de primer.<\/p>\n<ul>\n<li>Fer equips.<\/li>\n<li>Marcar un espai al mapa.<\/li>\n<li>Buscar una pregunta referent al projecte pati.<\/li>\n<li>Buscar una prova segons la zona triada.<\/li>\n<li>Provar els jocs si realment funcionaven.<\/li>\n<\/ul>\n<p>Finalment va arribar el gran dia. Fer venir als de primer per a que facin la gimcana. I la veritat que va funcionar for\u00e7a b\u00e9 i van estar molt contents, uns de poder-la fer i els altres de preparar-la.<\/p>\n<p><a href=\"https:\/\/photos.google.com\/u\/3\/share\/AF1QipNkfC0HJ1JORBS8iHPVzT56Ahnn5EhGqst_LHJX6H2Em6CE0ZPcHOyN2j-NIESbkQ?key=cFRxZ2o4V1RKNzdDeC05NmlIdkJTeld0Y1l5NF93\"><img loading=\"lazy\" decoding=\"async\" class=\"aligncenter size-full wp-image-2970\" src=\"https:\/\/agora.xtec.cat\/escgaspardeportola\/wp-content\/uploads\/usu555\/2018\/10\/IMG_4719.jpg\" alt=\"\" width=\"991\" height=\"743\" srcset=\"https:\/\/agora.xtec.cat\/escgaspardeportola\/wp-content\/uploads\/usu555\/2018\/10\/IMG_4719.jpg 991w, https:\/\/agora.xtec.cat\/escgaspardeportola\/wp-content\/uploads\/usu555\/2018\/10\/IMG_4719-300x225.jpg 300w, https:\/\/agora.xtec.cat\/escgaspardeportola\/wp-content\/uploads\/usu555\/2018\/10\/IMG_4719-768x576.jpg 768w, https:\/\/agora.xtec.cat\/escgaspardeportola\/wp-content\/uploads\/usu555\/2018\/10\/IMG_4719-200x150.jpg 200w\" sizes=\"auto, (max-width: 991px) 100vw, 991px\" \/><\/a><\/p>\n<p>Feu clic a la imatge per a veure m\u00e9s fotogragies<\/p>\n","protected":false},"excerpt":{"rendered":"<p>Els nens i nenes de segon hem iniciat el trimestre, a Educaci\u00f3 F\u00edsica, preparant una gimcana als nens i nenes de primer. Som els grans del cicle i calia explicar b\u00e9 als de primer com funciona els jocs i les zones a l\u2019hora del pati. Abans de preparar-la calia con\u00e8ixer que \u00e9s una gimcana aix\u00ed [&hellip;]<\/p>\n","protected":false},"author":1,"featured_media":0,"comment_status":"closed","ping_status":"closed","sticky":false,"template":"","format":"standard","meta":{"_bbp_topic_count":0,"_bbp_reply_count":0,"_bbp_total_topic_count":0,"_bbp_total_reply_count":0,"_bbp_voice_count":0,"_bbp_anonymous_reply_count":0,"_bbp_topic_count_hidden":0,"_bbp_reply_count_hidden":0,"_bbp_forum_subforum_count":0,"site-sidebar-layout":"default","site-content-layout":"","ast-site-content-layout":"","site-content-style":"default","site-sidebar-style":"default","ast-global-header-display":"","ast-banner-title-visibility":"","ast-main-header-display":"","ast-hfb-above-header-display":"","ast-hfb-below-header-display":"","ast-hfb-mobile-header-display":"","site-post-title":"","ast-breadcrumbs-content":"","ast-featured-img":"","footer-sml-layout":"","theme-transparent-header-meta":"","adv-header-id-meta":"","stick-header-meta":"","header-above-stick-meta":"","header-main-stick-meta":"","header-below-stick-meta":"","astra-migrate-meta-layouts":"default","ast-page-background-enabled":"default","ast-page-background-meta":{"desktop":{"background-color":"var(--ast-global-color-4)","background-image":"","background-repeat":"repeat","background-position":"center center","background-size":"auto","background-attachment":"scroll","background-type":"","background-media":"","overlay-type":"","overlay-color":"","overlay-opacity":"","overlay-gradient":""},"tablet":{"background-color":"","background-image":"","background-repeat":"repeat","background-position":"center center","background-size":"auto","background-attachment":"scroll","background-type":"","background-media":"","overlay-type":"","overlay-color":"","overlay-opacity":"","overlay-gradient":""},"mobile":{"background-color":"","background-image":"","background-repeat":"repeat","background-position":"center center","background-size":"auto","background-attachment":"scroll","background-type":"","background-media":"","overlay-type":"","overlay-color":"","overlay-opacity":"","overlay-gradient":""}},"ast-content-background-meta":{"desktop":{"background-color":"var(--ast-global-color-5)","background-image":"","background-repeat":"repeat","background-position":"center center","background-size":"auto","background-attachment":"scroll","background-type":"","background-media":"","overlay-type":"","overlay-color":"","overlay-opacity":"","overlay-gradient":""},"tablet":{"background-color":"var(--ast-global-color-5)","background-image":"","background-repeat":"repeat","background-position":"center center","background-size":"auto","background-attachment":"scroll","background-type":"","background-media":"","overlay-type":"","overlay-color":"","overlay-opacity":"","overlay-gradient":""},"mobile":{"background-color":"var(--ast-global-color-5)","background-image":"","background-repeat":"repeat","background-position":"center center","background-size":"auto","background-attachment":"scroll","background-type":"","background-media":"","overlay-type":"","overlay-color":"","overlay-opacity":"","overlay-gradient":""}},"footnotes":""},"categories":[63],"tags":[74,166],"class_list":["post-2969","post","type-post","status-publish","format-standard","hentry","category-cicleinicial","tag-cicle-inicial","tag-educacio-fisica"],"post_mailing_queue_ids":[],"_links":{"self":[{"href":"https:\/\/agora.xtec.cat\/escgaspardeportola\/wp-json\/wp\/v2\/posts\/2969","targetHints":{"allow":["GET"]}}],"collection":[{"href":"https:\/\/agora.xtec.cat\/escgaspardeportola\/wp-json\/wp\/v2\/posts"}],"about":[{"href":"https:\/\/agora.xtec.cat\/escgaspardeportola\/wp-json\/wp\/v2\/types\/post"}],"author":[{"embeddable":true,"href":"https:\/\/agora.xtec.cat\/escgaspardeportola\/wp-json\/wp\/v2\/users\/1"}],"replies":[{"embeddable":true,"href":"https:\/\/agora.xtec.cat\/escgaspardeportola\/wp-json\/wp\/v2\/comments?post=2969"}],"version-history":[{"count":1,"href":"https:\/\/agora.xtec.cat\/escgaspardeportola\/wp-json\/wp\/v2\/posts\/2969\/revisions"}],"predecessor-version":[{"id":2971,"href":"https:\/\/agora.xtec.cat\/escgaspardeportola\/wp-json\/wp\/v2\/posts\/2969\/revisions\/2971"}],"wp:attachment":[{"href":"https:\/\/agora.xtec.cat\/escgaspardeportola\/wp-json\/wp\/v2\/media?parent=2969"}],"wp:term":[{"taxonomy":"category","embeddable":true,"href":"https:\/\/agora.xtec.cat\/escgaspardeportola\/wp-json\/wp\/v2\/categories?post=2969"},{"taxonomy":"post_tag","embeddable":true,"href":"https:\/\/agora.xtec.cat\/escgaspardeportola\/wp-json\/wp\/v2\/tags?post=2969"}],"curies":[{"name":"wp","href":"https:\/\/api.w.org\/{rel}","templated":true}]}}