{"id":2796,"date":"2018-09-20T21:53:01","date_gmt":"2018-09-20T19:53:01","guid":{"rendered":"http:\/\/agora.xtec.cat\/escgaspardeportola\/?p=2796"},"modified":"2018-09-20T21:53:01","modified_gmt":"2018-09-20T19:53:01","slug":"reunio-de-pares-i-mares-dinici-de-curs-2018-19","status":"publish","type":"post","link":"https:\/\/agora.xtec.cat\/escgaspardeportola\/portada\/reunio-de-pares-i-mares-dinici-de-curs-2018-19\/","title":{"rendered":"Reuni\u00f3 de pares i mares d&#8217;inici de curs 2018-19."},"content":{"rendered":"<p>Des de l\u2019escola Gaspar de Portol\u00e0 volem tornar a donar-vos la benvinguda al nou curs escolar 2018-2019. Un curs on s\u00f3n\u00a0 molts els reptes educatius\u00a0 plantejats a fi d\u2019aconseguir els millors \u00e8xits educatius dels\u00a0 vostres fills i filles. Estem molt il.lusionats i esperem tamb\u00e9 la vostra col.laboraci\u00f3 i implicaci\u00f3; nom\u00e9s aix\u00ed aconseguirem els millors resultats desitjats.<\/p>\n<p>Us avancem les dates de reunions de pares a fi de tenir un primer contacte i informar-vos de la din\u00e0mica i funcionament dels diferents nivells per part de l\u2019equip de mestres de cada cicle i dels projectes previstos d\u2019aplicar aquest curs. Donada la import\u00e0ncia dels temes a tractar esperem la vostra assist\u00e8ncia.<\/p>\n<p>Salutacions i fins aviat!<\/p>\n<p><strong><u>Reunions de pares i mares<\/u><\/strong><strong>:<\/strong><\/p>\n<ul>\n<li><strong>P4-P5: <\/strong>dia 27\/09\/18 a les\u00a0 16:45 h.<\/li>\n<li><strong>1r i 2n:<\/strong> dia 25\/09\/18\u00a0 a les\u00a0 16:45 h.<\/li>\n<li><strong>3r i 4rt:<\/strong> \u00a0dia 04\/10\/18\u00a0a les\u00a0 16:45 h.<\/li>\n<li><strong>5\u00e8 i 6\u00e8:<\/strong> dia 01\/10\/18\u00a0 a les \u00a016:45 h.<\/li>\n<\/ul>\n<p><img loading=\"lazy\" decoding=\"async\" class=\"aligncenter  wp-image-2797\" src=\"http:\/\/agora.xtec.cat\/escgaspardeportola\/wp-content\/uploads\/usu555\/2018\/09\/back-to-school-conceptual-creativity-207658-1024x731.jpg\" alt=\"\" width=\"445\" height=\"318\" srcset=\"https:\/\/agora.xtec.cat\/escgaspardeportola\/wp-content\/uploads\/usu555\/2018\/09\/back-to-school-conceptual-creativity-207658-1024x731.jpg 1024w, https:\/\/agora.xtec.cat\/escgaspardeportola\/wp-content\/uploads\/usu555\/2018\/09\/back-to-school-conceptual-creativity-207658-300x214.jpg 300w, https:\/\/agora.xtec.cat\/escgaspardeportola\/wp-content\/uploads\/usu555\/2018\/09\/back-to-school-conceptual-creativity-207658-768x548.jpg 768w\" sizes=\"auto, (max-width: 445px) 100vw, 445px\" \/><\/p>\n","protected":false},"excerpt":{"rendered":"<p>Des de l\u2019escola Gaspar de Portol\u00e0 volem tornar a donar-vos la benvinguda al nou curs escolar 2018-2019. Un curs on s\u00f3n\u00a0 molts els reptes educatius\u00a0 plantejats a fi d\u2019aconseguir els millors \u00e8xits educatius dels\u00a0 vostres fills i filles. Estem molt il.lusionats i esperem tamb\u00e9 la vostra col.laboraci\u00f3 i implicaci\u00f3; nom\u00e9s aix\u00ed aconseguirem els millors resultats [&hellip;]<\/p>\n","protected":false},"author":1,"featured_media":0,"comment_status":"closed","ping_status":"closed","sticky":false,"template":"","format":"standard","meta":{"_bbp_topic_count":0,"_bbp_reply_count":0,"_bbp_total_topic_count":0,"_bbp_total_reply_count":0,"_bbp_voice_count":0,"_bbp_anonymous_reply_count":0,"_bbp_topic_count_hidden":0,"_bbp_reply_count_hidden":0,"_bbp_forum_subforum_count":0,"site-sidebar-layout":"default","site-content-layout":"","ast-site-content-layout":"","site-content-style":"default","site-sidebar-style":"default","ast-global-header-display":"","ast-banner-title-visibility":"","ast-main-header-display":"","ast-hfb-above-header-display":"","ast-hfb-below-header-display":"","ast-hfb-mobile-header-display":"","site-post-title":"","ast-breadcrumbs-content":"","ast-featured-img":"","footer-sml-layout":"","theme-transparent-header-meta":"","adv-header-id-meta":"","stick-header-meta":"","header-above-stick-meta":"","header-main-stick-meta":"","header-below-stick-meta":"","astra-migrate-meta-layouts":"default","ast-page-background-enabled":"default","ast-page-background-meta":{"desktop":{"background-color":"var(--ast-global-color-4)","background-image":"","background-repeat":"repeat","background-position":"center center","background-size":"auto","background-attachment":"scroll","background-type":"","background-media":"","overlay-type":"","overlay-color":"","overlay-opacity":"","overlay-gradient":""},"tablet":{"background-color":"","background-image":"","background-repeat":"repeat","background-position":"center center","background-size":"auto","background-attachment":"scroll","background-type":"","background-media":"","overlay-type":"","overlay-color":"","overlay-opacity":"","overlay-gradient":""},"mobile":{"background-color":"","background-image":"","background-repeat":"repeat","background-position":"center center","background-size":"auto","background-attachment":"scroll","background-type":"","background-media":"","overlay-type":"","overlay-color":"","overlay-opacity":"","overlay-gradient":""}},"ast-content-background-meta":{"desktop":{"background-color":"var(--ast-global-color-5)","background-image":"","background-repeat":"repeat","background-position":"center center","background-size":"auto","background-attachment":"scroll","background-type":"","background-media":"","overlay-type":"","overlay-color":"","overlay-opacity":"","overlay-gradient":""},"tablet":{"background-color":"var(--ast-global-color-5)","background-image":"","background-repeat":"repeat","background-position":"center center","background-size":"auto","background-attachment":"scroll","background-type":"","background-media":"","overlay-type":"","overlay-color":"","overlay-opacity":"","overlay-gradient":""},"mobile":{"background-color":"var(--ast-global-color-5)","background-image":"","background-repeat":"repeat","background-position":"center center","background-size":"auto","background-attachment":"scroll","background-type":"","background-media":"","overlay-type":"","overlay-color":"","overlay-opacity":"","overlay-gradient":""}},"footnotes":""},"categories":[4],"tags":[153],"class_list":["post-2796","post","type-post","status-publish","format-standard","hentry","category-portada","tag-reunio-pares"],"post_mailing_queue_ids":[],"_links":{"self":[{"href":"https:\/\/agora.xtec.cat\/escgaspardeportola\/wp-json\/wp\/v2\/posts\/2796","targetHints":{"allow":["GET"]}}],"collection":[{"href":"https:\/\/agora.xtec.cat\/escgaspardeportola\/wp-json\/wp\/v2\/posts"}],"about":[{"href":"https:\/\/agora.xtec.cat\/escgaspardeportola\/wp-json\/wp\/v2\/types\/post"}],"author":[{"embeddable":true,"href":"https:\/\/agora.xtec.cat\/escgaspardeportola\/wp-json\/wp\/v2\/users\/1"}],"replies":[{"embeddable":true,"href":"https:\/\/agora.xtec.cat\/escgaspardeportola\/wp-json\/wp\/v2\/comments?post=2796"}],"version-history":[{"count":1,"href":"https:\/\/agora.xtec.cat\/escgaspardeportola\/wp-json\/wp\/v2\/posts\/2796\/revisions"}],"predecessor-version":[{"id":2798,"href":"https:\/\/agora.xtec.cat\/escgaspardeportola\/wp-json\/wp\/v2\/posts\/2796\/revisions\/2798"}],"wp:attachment":[{"href":"https:\/\/agora.xtec.cat\/escgaspardeportola\/wp-json\/wp\/v2\/media?parent=2796"}],"wp:term":[{"taxonomy":"category","embeddable":true,"href":"https:\/\/agora.xtec.cat\/escgaspardeportola\/wp-json\/wp\/v2\/categories?post=2796"},{"taxonomy":"post_tag","embeddable":true,"href":"https:\/\/agora.xtec.cat\/escgaspardeportola\/wp-json\/wp\/v2\/tags?post=2796"}],"curies":[{"name":"wp","href":"https:\/\/api.w.org\/{rel}","templated":true}]}}