{"id":2740,"date":"2018-06-24T18:58:34","date_gmt":"2018-06-24T16:58:34","guid":{"rendered":"http:\/\/agora.xtec.cat\/escgaspardeportola\/?p=2740"},"modified":"2018-06-24T18:58:34","modified_gmt":"2018-06-24T16:58:34","slug":"comiats-i-celebracions","status":"publish","type":"post","link":"https:\/\/agora.xtec.cat\/escgaspardeportola\/portada\/comiats-i-celebracions\/","title":{"rendered":"Comiats i celebracions!"},"content":{"rendered":"<p>Divendres 22 de juny a l\u2019escola vam acabar el curs amb una gran festa i celebraci\u00f3. Vam iniciar-ho repartint les orles als nens i nenes de P5 on han acabat la seva etapa a l\u2019educaci\u00f3 Infantil. Els nens i nenes de sis\u00e8 es van acomiadar ballant els seus balls, on varen preparar amb gran dedicaci\u00f3. I van donar l\u2019orla emmarcada al director. L\u2019Iris i l\u2019Ariadna en representaci\u00f3 dels alumnes de sis\u00e8 van llegir un bonic escrit per a l\u2019escola donant les gr\u00e0cies per aquests anys sense deixar de recordar als tutors que varen tenir. Finalment es va cridar a cada nen i nena i se li va donar l\u2019orla per part del seu tutor\/a. No va faltar la tradicional volta a la pista acomiadant-se dels seus companys\/es i mestres.<\/p>\n<p>Aquest any per\u00f2 ten\u00edem un altra celebraci\u00f3. La senyoreta Carme Verg\u00e9 es va jubilar i li v\u00e0rem fer un petit homenatge. Els nens i nenes d\u2019educaci\u00f3 Infantil amb l\u2019ajuda d\u2019alguns nens i nenes de cinqu\u00e8 li van representar les emocions que un mestre viu cada dia a l\u2019escola. Un pintor anava plasmant els colors dels sentiments i cada grup de nens i nenes els anava representant fins que finalment hi va haver una explosi\u00f3 d\u2019emocions i colors. La sorpresa va ser el ball final per part de tots els mestres on la Carme s\u2019hi va afegir alegrement. Esperem que ens visitis sovint a l\u2019escola Carme.<\/p>\n<p><a href=\"https:\/\/photos.google.com\/u\/2\/share\/AF1QipMZcqgcI8TWRgPnwAou7eEjT59OdzrPMtU9mfeBXikXlUlNNPbLhxLUxqWBtA0T_w?key=dFVZdV9zMzJvbjhhNEFyV0NLV2l2OGhvOFlwaDN3\"><img loading=\"lazy\" decoding=\"async\" class=\"alignnone \" src=\"https:\/\/lh3.googleusercontent.com\/w6Rhg70j31NPF2GRtAnwVpYgsgJIdMugQU0mKronE_4Grx2gaAsuGRSVkUrWFpbgYXeNBH9mY9m8govKiLmL3k51b45zpcZvBed6d7CPbZT3mgTm91Ny4YDkKvewDf40rLqrKxj0bSX9wF6GEFBVpDbKYcf45sFMKDZfATvGWzs465tMY6hwJM_VqpptMqcYAuP3W76NbqdeOcCVo6HPxQc0ny4LH-9jF2ajDgTjwjc836qrbZWzUVDjxgUU7v9GLyAZhU6j25D4EAS3Kczdc2MvKu6p_Zlvw1MT87N4-USSOFCxPFfsveOkQsaLEZ2Iu6OvAP8-8r7Cn_96sZhIK-DSikfVmHWffdHOtjv5osR2A_caq0ZSK7Zoi8hNST0p--5W8QwCOzRq2Xp8SXxfDh-gw7vmeFfsLxMWO-njv9KcgbaB-12FL221h17B3bvJvrJy2djHFhpp08wG0heQOJGoaj_WOe6Dn90FCCW-_4GK7oWZ57FN9kdl-dPZIocBaknq8fSKuI8l3DtIRLt5djK3vid3x0Ay1k_W_hDdXQLIpkV5XefT_TU7iPcdMpYTWy0gNcBAWkWV-ejc2JThxiNqBeveJtn7D7MoV0BcpsrcQPDaDsVLXFwqN42rNdNvGtlwU95BNLD8UAQuz8mOMGTqrolq2Ox4=w1119-h839-no\" width=\"568\" height=\"426\" \/><\/a><\/p>\n<p><a href=\"https:\/\/photos.google.com\/u\/2\/share\/AF1QipMZcqgcI8TWRgPnwAou7eEjT59OdzrPMtU9mfeBXikXlUlNNPbLhxLUxqWBtA0T_w?key=dFVZdV9zMzJvbjhhNEFyV0NLV2l2OGhvOFlwaDN3\">Enlla\u00e7 Orles P5<\/a><\/p>\n<p><a href=\"https:\/\/photos.google.com\/u\/2\/share\/AF1QipM1ok0tLzO2ODoneuyv4_LSvACCfrKsQfmzi23fak8PC8E1vXoNXCC-eKn4584Gbg?key=NWYxcU0yeDhjN1gtYUxaMnFkNWlzeEFaTXo1UXFn\"><img loading=\"lazy\" decoding=\"async\" class=\"alignnone \" src=\"https:\/\/lh3.googleusercontent.com\/8AWZy27SZSDpQeAP-JdRfKElq_xYmGRVY2HEtaqgoGGskD05xh27-3vWQuQlkqHH9_IxQFmWvAFB-zzsyf37Amq3n3hiq8pXARD94iBmyjvP9d9gYlLOSz-jqWqsm8xmw3HmG_XiS45pldBiRHm6c8Vw0a0St1UnrBQAJ4MgM_NuUhLTWAEAPTi8wirD2U2vhRDOW10zuQcmaZWMgDnKuQ8Ul6AOF5wDeyiZQIgZm-ivPKv5ufG81xF41TC4SSD4ushVxb-TTaaApnZpe4hSC1-6nTj16jUkhJjA8mELntmdGzHOBheA6UI_9bx8hvZjmePzaCi6cb0N0WtYwtHNebXCH4pCF1rx3dBIvDuE_c0x3mkgY-KsxBAmTpAH9WYOxuwfrJVwh7Qb-Oym_bSieYhyh_fyquuQOUSl2a1DAwCIWEexcqpQHZNhiqv6e1rrPu8vtYylVveloVvlThSTEYGtu4M86r7FRxnUYj4No30QIHceV3f9I8qMSkMzO8i2Ia4nNmxwZizaxXny4HcepHKKFvZZiK1LI6HZMrlNgwf19lmqqogiylocvYZM9RDSv5TiE5B8UKwl1mKMqMHP0hDxDGoYvhf4bhtd0LW93O1bh8D0UZkhD3PT-bVZtPVVG6NDouSY-sU9A59t5I_nbpUBgwbtf__i=w1119-h839-no\" width=\"570\" height=\"428\" \/><\/a><\/p>\n<p><a href=\"https:\/\/photos.google.com\/u\/2\/share\/AF1QipM1ok0tLzO2ODoneuyv4_LSvACCfrKsQfmzi23fak8PC8E1vXoNXCC-eKn4584Gbg?key=NWYxcU0yeDhjN1gtYUxaMnFkNWlzeEFaTXo1UXFn\">Enlla\u00e7 Comiat sis\u00e8<\/a><br \/>\n<iframe loading=\"lazy\" src=\"https:\/\/www.youtube.com\/embed\/VoTdKgSb4z8\" width=\"560\" height=\"315\" frameborder=\"0\" allowfullscreen=\"allowfullscreen\"><\/iframe><\/p>\n<p>Ball sis\u00e8 A<br \/>\n<iframe loading=\"lazy\" src=\"https:\/\/www.youtube.com\/embed\/4sRrRdJFRyI\" width=\"560\" height=\"315\" frameborder=\"0\" allowfullscreen=\"allowfullscreen\"><\/iframe><\/p>\n<p>Ball sis\u00e8 B<br \/>\n<iframe loading=\"lazy\" src=\"https:\/\/www.youtube.com\/embed\/qobnra5HvVo\" width=\"560\" height=\"315\" frameborder=\"0\" allowfullscreen=\"allowfullscreen\"><\/iframe><\/p>\n<p>Fins aviat !<\/p>\n<p><iframe loading=\"lazy\" src=\"https:\/\/www.youtube.com\/embed\/C0TpeH5E7S4\" width=\"560\" height=\"315\" frameborder=\"0\" allowfullscreen=\"allowfullscreen\"><\/iframe><\/p>\n<p>Actuaci\u00f3<\/p>\n<p><a href=\"https:\/\/photos.google.com\/u\/2\/share\/AF1QipMS0Db18muQBeV2iGMRTPoZ9Mo76aNCJKl1EfM1nlXmQPljQucklRInkGhxBy1SbA?key=cXNTMlBhS1VVLXZPTUxvRlA1ZFlsRXp5ZnBCRnFB\"><img loading=\"lazy\" decoding=\"async\" class=\"alignnone \" src=\"https:\/\/lh3.googleusercontent.com\/-12r85FdaCO5HGYzzk2nGVjogcswSSFeRZtJ2DRHlOLQyfdPS_JmUpeSdha5Ogw4DKzoxBVXWUFPwsE7VnoRcekl9X65MrDUYerT1uyVOwQjVrm6WB0GQiBeFQ8HKYBXr9iK1GUilaJIZLZ0y5DYuN-CRjwL1NRdhvAMs-ZC2bgvUsglcsQV_jhNaziJQ8NIAM-4F_74N2NzclRfnqN-S2HGfLOWdGhafKGeXmtGzTU8KEEhgOLy-6SzonZg15ru2K0ich-UwyPqGjDUSqjGUg75k_XJlF5bAzYO0HSF4WA87Mh5YmLv8VPQ_JU0I7p59WXLp4wjwcYi7meH5Tc9AowkqsGJYJxD6mLdJCUKXKo_yYzIVOEO2RMRQvBk4BVi3j4d9IrAAatSSM2ZUy8zrNWce9RXH2hp2HwLXSSUvXFWuD1LB68q-t9ydXY5V6gEt7kGtqWxu44qOA7X4ipBSgEONCNTvkbtAlacJBFpYVJpXBMpOnjq-FpcpBYyMuH063Iog1heWOV_gqW2VxpV8yQA7mCd2NS1ZHb3UJBq8sn4bUR9WeOJ14xAUHpTEXf1xg787FHN2DermlylH_O2oDpjPjrNETkGOMKKg7r2YhB8H8V0b4s_MlKJ4ICTY3UN4aePPJef-hn1gkaTfpklZRNbB1VBvsUJ=w1119-h839-no\" width=\"571\" height=\"428\" \/><\/a><\/p>\n<p><a href=\"https:\/\/photos.google.com\/u\/2\/share\/AF1QipMS0Db18muQBeV2iGMRTPoZ9Mo76aNCJKl1EfM1nlXmQPljQucklRInkGhxBy1SbA?key=cXNTMlBhS1VVLXZPTUxvRlA1ZFlsRXp5ZnBCRnFB\">Enlla\u00e7 homenatge Carme<\/a><\/p>\n<p>&nbsp;<\/p>\n<p>&nbsp;<\/p>\n","protected":false},"excerpt":{"rendered":"<p>Divendres 22 de juny a l\u2019escola vam acabar el curs amb una gran festa i celebraci\u00f3. Vam iniciar-ho repartint les orles als nens i nenes de P5 on han acabat la seva etapa a l\u2019educaci\u00f3 Infantil. Els nens i nenes de sis\u00e8 es van acomiadar ballant els seus balls, on varen preparar amb gran dedicaci\u00f3. [&hellip;]<\/p>\n","protected":false},"author":1,"featured_media":0,"comment_status":"closed","ping_status":"closed","sticky":false,"template":"","format":"standard","meta":{"_bbp_topic_count":0,"_bbp_reply_count":0,"_bbp_total_topic_count":0,"_bbp_total_reply_count":0,"_bbp_voice_count":0,"_bbp_anonymous_reply_count":0,"_bbp_topic_count_hidden":0,"_bbp_reply_count_hidden":0,"_bbp_forum_subforum_count":0,"site-sidebar-layout":"default","site-content-layout":"","ast-site-content-layout":"","site-content-style":"default","site-sidebar-style":"default","ast-global-header-display":"","ast-banner-title-visibility":"","ast-main-header-display":"","ast-hfb-above-header-display":"","ast-hfb-below-header-display":"","ast-hfb-mobile-header-display":"","site-post-title":"","ast-breadcrumbs-content":"","ast-featured-img":"","footer-sml-layout":"","theme-transparent-header-meta":"","adv-header-id-meta":"","stick-header-meta":"","header-above-stick-meta":"","header-main-stick-meta":"","header-below-stick-meta":"","astra-migrate-meta-layouts":"default","ast-page-background-enabled":"default","ast-page-background-meta":{"desktop":{"background-color":"var(--ast-global-color-4)","background-image":"","background-repeat":"repeat","background-position":"center center","background-size":"auto","background-attachment":"scroll","background-type":"","background-media":"","overlay-type":"","overlay-color":"","overlay-opacity":"","overlay-gradient":""},"tablet":{"background-color":"","background-image":"","background-repeat":"repeat","background-position":"center center","background-size":"auto","background-attachment":"scroll","background-type":"","background-media":"","overlay-type":"","overlay-color":"","overlay-opacity":"","overlay-gradient":""},"mobile":{"background-color":"","background-image":"","background-repeat":"repeat","background-position":"center center","background-size":"auto","background-attachment":"scroll","background-type":"","background-media":"","overlay-type":"","overlay-color":"","overlay-opacity":"","overlay-gradient":""}},"ast-content-background-meta":{"desktop":{"background-color":"var(--ast-global-color-5)","background-image":"","background-repeat":"repeat","background-position":"center center","background-size":"auto","background-attachment":"scroll","background-type":"","background-media":"","overlay-type":"","overlay-color":"","overlay-opacity":"","overlay-gradient":""},"tablet":{"background-color":"var(--ast-global-color-5)","background-image":"","background-repeat":"repeat","background-position":"center center","background-size":"auto","background-attachment":"scroll","background-type":"","background-media":"","overlay-type":"","overlay-color":"","overlay-opacity":"","overlay-gradient":""},"mobile":{"background-color":"var(--ast-global-color-5)","background-image":"","background-repeat":"repeat","background-position":"center center","background-size":"auto","background-attachment":"scroll","background-type":"","background-media":"","overlay-type":"","overlay-color":"","overlay-opacity":"","overlay-gradient":""}},"footnotes":""},"categories":[64,4],"tags":[258,256,198,260,259,261,257],"class_list":["post-2740","post","type-post","status-publish","format-standard","hentry","category-educacioinfantil","category-portada","tag-carme-verge","tag-comiat","tag-educacio-infantil","tag-fi-de-curs","tag-jubilacio","tag-orles-p5","tag-sise-curs-2017-18"],"post_mailing_queue_ids":[],"_links":{"self":[{"href":"https:\/\/agora.xtec.cat\/escgaspardeportola\/wp-json\/wp\/v2\/posts\/2740","targetHints":{"allow":["GET"]}}],"collection":[{"href":"https:\/\/agora.xtec.cat\/escgaspardeportola\/wp-json\/wp\/v2\/posts"}],"about":[{"href":"https:\/\/agora.xtec.cat\/escgaspardeportola\/wp-json\/wp\/v2\/types\/post"}],"author":[{"embeddable":true,"href":"https:\/\/agora.xtec.cat\/escgaspardeportola\/wp-json\/wp\/v2\/users\/1"}],"replies":[{"embeddable":true,"href":"https:\/\/agora.xtec.cat\/escgaspardeportola\/wp-json\/wp\/v2\/comments?post=2740"}],"version-history":[{"count":1,"href":"https:\/\/agora.xtec.cat\/escgaspardeportola\/wp-json\/wp\/v2\/posts\/2740\/revisions"}],"predecessor-version":[{"id":2741,"href":"https:\/\/agora.xtec.cat\/escgaspardeportola\/wp-json\/wp\/v2\/posts\/2740\/revisions\/2741"}],"wp:attachment":[{"href":"https:\/\/agora.xtec.cat\/escgaspardeportola\/wp-json\/wp\/v2\/media?parent=2740"}],"wp:term":[{"taxonomy":"category","embeddable":true,"href":"https:\/\/agora.xtec.cat\/escgaspardeportola\/wp-json\/wp\/v2\/categories?post=2740"},{"taxonomy":"post_tag","embeddable":true,"href":"https:\/\/agora.xtec.cat\/escgaspardeportola\/wp-json\/wp\/v2\/tags?post=2740"}],"curies":[{"name":"wp","href":"https:\/\/api.w.org\/{rel}","templated":true}]}}