{"id":2738,"date":"2018-06-24T18:44:54","date_gmt":"2018-06-24T16:44:54","guid":{"rendered":"http:\/\/agora.xtec.cat\/escgaspardeportola\/?p=2738"},"modified":"2018-06-24T18:44:54","modified_gmt":"2018-06-24T16:44:54","slug":"poesia-i-teatre","status":"publish","type":"post","link":"https:\/\/agora.xtec.cat\/escgaspardeportola\/portada\/poesia-i-teatre\/","title":{"rendered":"Poesia i teatre"},"content":{"rendered":"<p>Dimecres 20 de juny al teatre municipal de Balaguer els alumnes de cicle mitj\u00e0 van representar l\u2019obra \u201cConte ve conte va del llibre m\u00e0gic sortir\u00e0\u201d. Durant tot el curs els nens i nenes de tercer dins el projecte GaspArtSchool han treballat les poesies i les han recitat als nens i nenes de P4 i els nens i nenes de 4t han representat contes tradicionals a P5, aix\u00ed doncs, vol\u00edem plasmar tot el treball realitzat durant el curs als companys i fam\u00edlies.<\/p>\n<p>Poesies que ambientaven i presentaven cada conte acompanyades d\u2019un muntatge audiovisual i varietat de t\u00e8cniques d\u2019art pl\u00e0stica que donava forma a la decoraci\u00f3 del teatre. Teatre acompanyat de m\u00fasica, petites coreografies i un gui\u00f3 amb llengua catalana on a cada conte no hi faltava un personatge amb llengua anglesa i un amb llengua castellana amb un toc d\u2019humor.<\/p>\n<p>Contents de que us hagu\u00e9s agradat us deixem l\u2019enregistrament de l\u2019obra i algunes fotografies.\u00a0 Tot aix\u00f2 no hagu\u00e9s estat possible sense les ganes i implicaci\u00f3 que van tenir els nens i nenes de tercer i quart.<\/p>\n<p>Volem agrair al senyor Joan Bellostas pels seus consells per les poesies de tercer i a l\u2019actor Llu\u00eds Niub\u00f3 pels seus consells per les obres de quart.<\/p>\n<p>Equip de cicle mitj\u00e0<\/p>\n<p><a href=\"https:\/\/photos.google.com\/u\/2\/share\/AF1QipMf6wt_yDWcHoD66LgZzHn3PzyeJ0f4pdihrbkSTjnYK2G3_hdggHkj1Ei4uPrpAA?key=d3Y2OWdVWGxjSnlmMTdoQjJNWGxPUlhkbkhGeF9B\"><img loading=\"lazy\" decoding=\"async\" class=\"alignnone size-large\" src=\"https:\/\/lh3.googleusercontent.com\/nkEZAZgYCGsWHyu3Ea61-Mo7QiP0p3xlzbETgYqVlBGi7aFNYe1lZMS72mRsvYZo6W0EOyjiKI4Qj80i1nhGwlt4meFwiqAcrQAghW_cZDuiB3Ek7MC5JS2cqWH1wIhGCpG7UhNyfkYTSbfeOexbIftkHgWe-atzduG3LtbQqrMp1j85UQaR1iCA4ubE4mKvc4-GME6Hl6c-NlNKjy1n4pMzz86uN_pRFSqhAZWYWPwDs5SjO1IO9JzGoe5YYXrBPv5kluqpFJHEM0j81Eynol3ytlW6dUGqf1rfKBGF5Ihthbjj1K3_KLfQmdtz8UvScYoyvpjNYnriL3JLtK1U5HEcTAvahg4-KMEYYdkdgAT_3nEc1NffqFbo5R_WJE_rFOzOSYHNBuIlP_6hk28L4BJ-Yy5asxQnwSeSjjcUtl8cbhcvuJ8kqrr1OY6fVXJxlfE6otcSJyGLNzdSZtIwThspQ3zmp88D-RdBvjKyceZEo3Y4Vfd87W2Pc1SnJOUXegYu_Tcw0PWS8ybZIPwxD_6qSCfSe3n_cCVFzfqtZ8V0wN-8BEuWdYlkoMn5x-eR3p7Iqp5l2HBiSjsyusf4UKQEUfiyGKD5mJzHcbURQocMru06y01QaUsrWuDhhlcQvd9KVsI28MhxOQfNTA6evmYo2-nYzfny=w487-h274-no\" width=\"487\" height=\"274\" \/><\/a><\/p>\n<p><a href=\"https:\/\/photos.google.com\/u\/2\/share\/AF1QipMf6wt_yDWcHoD66LgZzHn3PzyeJ0f4pdihrbkSTjnYK2G3_hdggHkj1Ei4uPrpAA?key=d3Y2OWdVWGxjSnlmMTdoQjJNWGxPUlhkbkhGeF9B\">Enlla\u00e7 a les fotografies<\/a><\/p>\n<p><iframe loading=\"lazy\" src=\"https:\/\/www.youtube.com\/embed\/8vEehUZdU44\" width=\"560\" height=\"315\" frameborder=\"0\" allowfullscreen=\"allowfullscreen\"><\/iframe><\/p>\n<p>1a part Inici m\u00e9s caputxeta vermella<\/p>\n<p><iframe loading=\"lazy\" src=\"https:\/\/www.youtube.com\/embed\/7wnTpadhs90\" width=\"560\" height=\"315\" frameborder=\"0\" allowfullscreen=\"allowfullscreen\"><\/iframe><\/p>\n<p>2a part la rateta m\u00e9s el patufet<\/p>\n<p><iframe loading=\"lazy\" src=\"https:\/\/www.youtube.com\/embed\/VV5xEgr_SyM\" width=\"560\" height=\"315\" frameborder=\"0\" allowfullscreen=\"allowfullscreen\"><\/iframe><\/p>\n<p>3a part els tres porquets m\u00e9s les set cabretes<\/p>\n<p><iframe loading=\"lazy\" src=\"https:\/\/www.youtube.com\/embed\/L6OIizDhdEU\" width=\"560\" height=\"315\" frameborder=\"0\" allowfullscreen=\"allowfullscreen\"><\/iframe><\/p>\n<p>4a part la Blancaneus i final<\/p>\n","protected":false},"excerpt":{"rendered":"<p>Dimecres 20 de juny al teatre municipal de Balaguer els alumnes de cicle mitj\u00e0 van representar l\u2019obra \u201cConte ve conte va del llibre m\u00e0gic sortir\u00e0\u201d. Durant tot el curs els nens i nenes de tercer dins el projecte GaspArtSchool han treballat les poesies i les han recitat als nens i nenes de P4 i els [&hellip;]<\/p>\n","protected":false},"author":1,"featured_media":0,"comment_status":"closed","ping_status":"closed","sticky":false,"template":"","format":"standard","meta":{"_bbp_topic_count":0,"_bbp_reply_count":0,"_bbp_total_topic_count":0,"_bbp_total_reply_count":0,"_bbp_voice_count":0,"_bbp_anonymous_reply_count":0,"_bbp_topic_count_hidden":0,"_bbp_reply_count_hidden":0,"_bbp_forum_subforum_count":0,"site-sidebar-layout":"default","site-content-layout":"","ast-site-content-layout":"","site-content-style":"default","site-sidebar-style":"default","ast-global-header-display":"","ast-banner-title-visibility":"","ast-main-header-display":"","ast-hfb-above-header-display":"","ast-hfb-below-header-display":"","ast-hfb-mobile-header-display":"","site-post-title":"","ast-breadcrumbs-content":"","ast-featured-img":"","footer-sml-layout":"","theme-transparent-header-meta":"","adv-header-id-meta":"","stick-header-meta":"","header-above-stick-meta":"","header-main-stick-meta":"","header-below-stick-meta":"","astra-migrate-meta-layouts":"default","ast-page-background-enabled":"default","ast-page-background-meta":{"desktop":{"background-color":"var(--ast-global-color-4)","background-image":"","background-repeat":"repeat","background-position":"center center","background-size":"auto","background-attachment":"scroll","background-type":"","background-media":"","overlay-type":"","overlay-color":"","overlay-opacity":"","overlay-gradient":""},"tablet":{"background-color":"","background-image":"","background-repeat":"repeat","background-position":"center center","background-size":"auto","background-attachment":"scroll","background-type":"","background-media":"","overlay-type":"","overlay-color":"","overlay-opacity":"","overlay-gradient":""},"mobile":{"background-color":"","background-image":"","background-repeat":"repeat","background-position":"center center","background-size":"auto","background-attachment":"scroll","background-type":"","background-media":"","overlay-type":"","overlay-color":"","overlay-opacity":"","overlay-gradient":""}},"ast-content-background-meta":{"desktop":{"background-color":"var(--ast-global-color-5)","background-image":"","background-repeat":"repeat","background-position":"center center","background-size":"auto","background-attachment":"scroll","background-type":"","background-media":"","overlay-type":"","overlay-color":"","overlay-opacity":"","overlay-gradient":""},"tablet":{"background-color":"var(--ast-global-color-5)","background-image":"","background-repeat":"repeat","background-position":"center center","background-size":"auto","background-attachment":"scroll","background-type":"","background-media":"","overlay-type":"","overlay-color":"","overlay-opacity":"","overlay-gradient":""},"mobile":{"background-color":"var(--ast-global-color-5)","background-image":"","background-repeat":"repeat","background-position":"center center","background-size":"auto","background-attachment":"scroll","background-type":"","background-media":"","overlay-type":"","overlay-color":"","overlay-opacity":"","overlay-gradient":""}},"footnotes":""},"categories":[60,4],"tags":[61,255,254,76],"class_list":["post-2738","post","type-post","status-publish","format-standard","hentry","category-ciclemitja","category-portada","tag-cicle-mitja","tag-gaspartschool","tag-poesia","tag-teatre"],"post_mailing_queue_ids":[],"_links":{"self":[{"href":"https:\/\/agora.xtec.cat\/escgaspardeportola\/wp-json\/wp\/v2\/posts\/2738","targetHints":{"allow":["GET"]}}],"collection":[{"href":"https:\/\/agora.xtec.cat\/escgaspardeportola\/wp-json\/wp\/v2\/posts"}],"about":[{"href":"https:\/\/agora.xtec.cat\/escgaspardeportola\/wp-json\/wp\/v2\/types\/post"}],"author":[{"embeddable":true,"href":"https:\/\/agora.xtec.cat\/escgaspardeportola\/wp-json\/wp\/v2\/users\/1"}],"replies":[{"embeddable":true,"href":"https:\/\/agora.xtec.cat\/escgaspardeportola\/wp-json\/wp\/v2\/comments?post=2738"}],"version-history":[{"count":1,"href":"https:\/\/agora.xtec.cat\/escgaspardeportola\/wp-json\/wp\/v2\/posts\/2738\/revisions"}],"predecessor-version":[{"id":2739,"href":"https:\/\/agora.xtec.cat\/escgaspardeportola\/wp-json\/wp\/v2\/posts\/2738\/revisions\/2739"}],"wp:attachment":[{"href":"https:\/\/agora.xtec.cat\/escgaspardeportola\/wp-json\/wp\/v2\/media?parent=2738"}],"wp:term":[{"taxonomy":"category","embeddable":true,"href":"https:\/\/agora.xtec.cat\/escgaspardeportola\/wp-json\/wp\/v2\/categories?post=2738"},{"taxonomy":"post_tag","embeddable":true,"href":"https:\/\/agora.xtec.cat\/escgaspardeportola\/wp-json\/wp\/v2\/tags?post=2738"}],"curies":[{"name":"wp","href":"https:\/\/api.w.org\/{rel}","templated":true}]}}