{"id":2730,"date":"2018-06-12T19:51:18","date_gmt":"2018-06-12T17:51:18","guid":{"rendered":"http:\/\/agora.xtec.cat\/escgaspardeportola\/?p=2730"},"modified":"2019-08-26T19:48:14","modified_gmt":"2019-08-26T17:48:14","slug":"conte-ve-conte-va-del-llibre-magic-sortira","status":"publish","type":"post","link":"https:\/\/agora.xtec.cat\/escgaspardeportola\/portada\/conte-ve-conte-va-del-llibre-magic-sortira\/","title":{"rendered":"Conte ve conte va del llibre m\u00e0gic sortir\u00e0!"},"content":{"rendered":"<p>Els nens i nenes de tercer i quart han preparat amb molta il\u00b7lusi\u00f3 una obra que representaran el dia 20 de juny al teatre municipal de Balaguer. A les 9:30 h comen\u00e7ar\u00e0 l&#8217;espectacle on hi assistiran els nenes i nenes de l&#8217;escola i les fam\u00edlies de cicle mitj\u00e0.<\/p>\n<p>A trav\u00e9s del seg\u00fcent v\u00eddeo podreu con\u00e8ixer l&#8217;inici d&#8217;una hist\u00f2ria que comen\u00e7a a la biblioteca i qui sap on acabar\u00e0. A trav\u00e9s de la poesia dels nens i nenes de tercer i del teatre dels nens i nenes de quart passarem per diversos contes tradicionals.<\/p>\n<p>Ens hi acompanyareu?<\/p>\n<p>Equip de Cicle Mitj\u00e0<\/p>\n<p><iframe loading=\"lazy\" src=\"https:\/\/www.youtube.com\/embed\/_lVgTn6KVXc\" width=\"560\" height=\"315\" frameborder=\"0\" allowfullscreen=\"allowfullscreen\"><\/iframe><br \/>\n<img loading=\"lazy\" decoding=\"async\" class=\"aligncenter wp-image-2731\" src=\"http:\/\/agora.xtec.cat\/escgaspardeportola\/wp-content\/uploads\/usu555\/2018\/06\/CONTE-VE-CONTE-VADEL-LLIBRE-M\u00c0GIC-SORTIR\u00c0-2-724x1024.jpg\" alt=\"\" width=\"630\" height=\"891\" srcset=\"https:\/\/agora.xtec.cat\/escgaspardeportola\/wp-content\/uploads\/usu555\/2018\/06\/CONTE-VE-CONTE-VADEL-LLIBRE-M\u00c0GIC-SORTIR\u00c0-2-724x1024.jpg 724w, https:\/\/agora.xtec.cat\/escgaspardeportola\/wp-content\/uploads\/usu555\/2018\/06\/CONTE-VE-CONTE-VADEL-LLIBRE-M\u00c0GIC-SORTIR\u00c0-2-212x300.jpg 212w, https:\/\/agora.xtec.cat\/escgaspardeportola\/wp-content\/uploads\/usu555\/2018\/06\/CONTE-VE-CONTE-VADEL-LLIBRE-M\u00c0GIC-SORTIR\u00c0-2-768x1086.jpg 768w, https:\/\/agora.xtec.cat\/escgaspardeportola\/wp-content\/uploads\/usu555\/2018\/06\/CONTE-VE-CONTE-VADEL-LLIBRE-M\u00c0GIC-SORTIR\u00c0-2.jpg 794w\" sizes=\"auto, (max-width: 630px) 100vw, 630px\" \/><\/p>\n","protected":false},"excerpt":{"rendered":"<p>Els nens i nenes de tercer i quart han preparat amb molta il\u00b7lusi\u00f3 una obra que representaran el dia 20 de juny al teatre municipal de Balaguer. A les 9:30 h comen\u00e7ar\u00e0 l&#8217;espectacle on hi assistiran els nenes i nenes de l&#8217;escola i les fam\u00edlies de cicle mitj\u00e0. A trav\u00e9s del seg\u00fcent v\u00eddeo podreu con\u00e8ixer [&hellip;]<\/p>\n","protected":false},"author":1,"featured_media":0,"comment_status":"closed","ping_status":"closed","sticky":false,"template":"","format":"standard","meta":{"_bbp_topic_count":0,"_bbp_reply_count":0,"_bbp_total_topic_count":0,"_bbp_total_reply_count":0,"_bbp_voice_count":0,"_bbp_anonymous_reply_count":0,"_bbp_topic_count_hidden":0,"_bbp_reply_count_hidden":0,"_bbp_forum_subforum_count":0,"site-sidebar-layout":"default","site-content-layout":"","ast-site-content-layout":"","site-content-style":"default","site-sidebar-style":"default","ast-global-header-display":"","ast-banner-title-visibility":"","ast-main-header-display":"","ast-hfb-above-header-display":"","ast-hfb-below-header-display":"","ast-hfb-mobile-header-display":"","site-post-title":"","ast-breadcrumbs-content":"","ast-featured-img":"","footer-sml-layout":"","theme-transparent-header-meta":"","adv-header-id-meta":"","stick-header-meta":"","header-above-stick-meta":"","header-main-stick-meta":"","header-below-stick-meta":"","astra-migrate-meta-layouts":"default","ast-page-background-enabled":"default","ast-page-background-meta":{"desktop":{"background-color":"var(--ast-global-color-4)","background-image":"","background-repeat":"repeat","background-position":"center center","background-size":"auto","background-attachment":"scroll","background-type":"","background-media":"","overlay-type":"","overlay-color":"","overlay-opacity":"","overlay-gradient":""},"tablet":{"background-color":"","background-image":"","background-repeat":"repeat","background-position":"center center","background-size":"auto","background-attachment":"scroll","background-type":"","background-media":"","overlay-type":"","overlay-color":"","overlay-opacity":"","overlay-gradient":""},"mobile":{"background-color":"","background-image":"","background-repeat":"repeat","background-position":"center center","background-size":"auto","background-attachment":"scroll","background-type":"","background-media":"","overlay-type":"","overlay-color":"","overlay-opacity":"","overlay-gradient":""}},"ast-content-background-meta":{"desktop":{"background-color":"var(--ast-global-color-5)","background-image":"","background-repeat":"repeat","background-position":"center center","background-size":"auto","background-attachment":"scroll","background-type":"","background-media":"","overlay-type":"","overlay-color":"","overlay-opacity":"","overlay-gradient":""},"tablet":{"background-color":"var(--ast-global-color-5)","background-image":"","background-repeat":"repeat","background-position":"center center","background-size":"auto","background-attachment":"scroll","background-type":"","background-media":"","overlay-type":"","overlay-color":"","overlay-opacity":"","overlay-gradient":""},"mobile":{"background-color":"var(--ast-global-color-5)","background-image":"","background-repeat":"repeat","background-position":"center center","background-size":"auto","background-attachment":"scroll","background-type":"","background-media":"","overlay-type":"","overlay-color":"","overlay-opacity":"","overlay-gradient":""}},"footnotes":""},"categories":[60,321,4],"tags":[61,255,254,76],"class_list":["post-2730","post","type-post","status-publish","format-standard","hentry","category-ciclemitja","category-gaspartschool","category-portada","tag-cicle-mitja","tag-gaspartschool","tag-poesia","tag-teatre"],"post_mailing_queue_ids":[],"_links":{"self":[{"href":"https:\/\/agora.xtec.cat\/escgaspardeportola\/wp-json\/wp\/v2\/posts\/2730","targetHints":{"allow":["GET"]}}],"collection":[{"href":"https:\/\/agora.xtec.cat\/escgaspardeportola\/wp-json\/wp\/v2\/posts"}],"about":[{"href":"https:\/\/agora.xtec.cat\/escgaspardeportola\/wp-json\/wp\/v2\/types\/post"}],"author":[{"embeddable":true,"href":"https:\/\/agora.xtec.cat\/escgaspardeportola\/wp-json\/wp\/v2\/users\/1"}],"replies":[{"embeddable":true,"href":"https:\/\/agora.xtec.cat\/escgaspardeportola\/wp-json\/wp\/v2\/comments?post=2730"}],"version-history":[{"count":1,"href":"https:\/\/agora.xtec.cat\/escgaspardeportola\/wp-json\/wp\/v2\/posts\/2730\/revisions"}],"predecessor-version":[{"id":2732,"href":"https:\/\/agora.xtec.cat\/escgaspardeportola\/wp-json\/wp\/v2\/posts\/2730\/revisions\/2732"}],"wp:attachment":[{"href":"https:\/\/agora.xtec.cat\/escgaspardeportola\/wp-json\/wp\/v2\/media?parent=2730"}],"wp:term":[{"taxonomy":"category","embeddable":true,"href":"https:\/\/agora.xtec.cat\/escgaspardeportola\/wp-json\/wp\/v2\/categories?post=2730"},{"taxonomy":"post_tag","embeddable":true,"href":"https:\/\/agora.xtec.cat\/escgaspardeportola\/wp-json\/wp\/v2\/tags?post=2730"}],"curies":[{"name":"wp","href":"https:\/\/api.w.org\/{rel}","templated":true}]}}