{"id":2697,"date":"2018-05-28T22:51:33","date_gmt":"2018-05-28T20:51:33","guid":{"rendered":"http:\/\/agora.xtec.cat\/escgaspardeportola\/?p=2697"},"modified":"2019-08-26T19:48:06","modified_gmt":"2019-08-26T17:48:06","slug":"presentacio-projecte-darts-a-lescola-gaspar-de-portola","status":"publish","type":"post","link":"https:\/\/agora.xtec.cat\/escgaspardeportola\/portada\/presentacio-projecte-darts-a-lescola-gaspar-de-portola\/","title":{"rendered":"PRESENTACI\u00d3 PROJECTE D\u2019ARTS A L\u2019ESCOLA GASPAR DE PORTOLA"},"content":{"rendered":"<p>El passat\u00a0divendres, dia 18 de maig va\u00a0\u00a0tenir\u00a0lloc a l\u2019escola Gaspar de Portol\u00e0 la\u00a0presentaci\u00f3 del projecte Gaspart School. Hi van assistir diferents autoritats educatives i\u00a0municipals, aix\u00ed com representants de pares, dels serveis educatius de la Noguera i\u00a0col.laboradors dels diferents \u00e0mbits art\u00edstics de la ciutat .<br \/>\nL\u2019equip directiu de l\u2019escola va\u00a0fer la presentaci\u00f3 i explicaci\u00f3 del projecte que s\u2019ha\u00a0dissenyat i posteriorment es va\u00a0\u00a0mostrar una s\u00e8rie d\u2019actuacions art\u00edstiques que els\u00a0alumnes van\u00a0dur a terme en diferents espais de l\u2019escola.<br \/>\nAquest \u00e9s un projecte que neix d\u2019una reflexi\u00f3 de l\u2019escola amb l\u2019objectiu d\u2019implementar\u00a0un projecte engrescador, ambici\u00f3s,din\u00e0mic i obert on l\u2019eix central s\u00f3n les arts en\u00a0general (pl\u00e0stiques, esc\u00e8niques, dansa, m\u00fasica), la comunicaci\u00f3 i el domini b\u00e0sic de\u00a0les eines audiovisuals.<br \/>\nAmb el desenvolupament d\u2019aquest projecte l\u2019escola pret\u00e9n fomentar, a part de les\u00a0habilitats art\u00edstiques, l\u2019espontane\u00eftat, la imaginaci\u00f3 i posar \u00e8mfasi en la creativitat dels\u00a0alumnes. Durant tota l\u2019etapa educativa els nens i nenes de l\u2019escola estaran exposats\u00a0freq\u00fcentment en activitats d\u2019ensenyament-aprenentatge de caire art\u00edstic on hauran de\u00a0realitzar un ampli ventall de produccions i exposicions art\u00edstiques.<br \/>\nEs considera un projecte de caire transversal, motivador i facilitador dels\u00a0aprenentatges i del desenvolupament competencial. Es pret\u00e9n potenciar la creativitat i\u00a0desenvolupar la sensibilitat art\u00edstica dels alumnes fent-los m\u00e9s participatius, oberts,\u00a0cr\u00edtics i flexibles davant de les diferents mostres art\u00edstiques que se\u2019ls presenta.<br \/>\nL\u2019escola aposta per a que aquest projecte s\u2019acabi convertint en un tret diferencial i i\u00a0dentificatiu que sigui capa\u00e7 d\u2019implica m\u00e9s en la participaci\u00f3 activa de les fam\u00edlies i que\u00a0arribi a ser un referent de l\u2019entorn de la ciutat de Balaguer.<br \/>\nPer aquest motiu l\u2019escola ja ha iniciat contactes amb diferents institucions (Fundaci\u00f3\u00a0Sorigu\u00e9), assessoraments i col\u00b7laboracions amb especialistes de l\u2019\u00e0mbit art\u00edstic,\u00a0comunicatiu i audiovisual a fi d\u2019aconseguir la seva consolidaci\u00f3 al llarg del propers\u00a0cursos aix\u00ed com una implementaci\u00f3 for\u00e7a exitosa.<\/p>\n<p>Cliqueu a la imatge per a m\u00e9s fotografies.<\/p>\n<p><a href=\"https:\/\/photos.google.com\/share\/AF1QipPvOa22w0al_PwrdQlodqZsdC0KxxRZc1AWYB2Obxe9eApDWG680atTMVfzCREe9g?key=Mm1tOXJHaGZOaFFJNjdZUnNhQWQ2MG1Rb3V4Zzl3\"><img loading=\"lazy\" decoding=\"async\" class=\"aligncenter wp-image-2698\" src=\"http:\/\/agora.xtec.cat\/escgaspardeportola\/wp-content\/uploads\/usu555\/2018\/05\/IMG_20180518_101801_604-1024x768.jpg\" alt=\"\" width=\"742\" height=\"557\" srcset=\"https:\/\/agora.xtec.cat\/escgaspardeportola\/wp-content\/uploads\/usu555\/2018\/05\/IMG_20180518_101801_604-1024x768.jpg 1024w, https:\/\/agora.xtec.cat\/escgaspardeportola\/wp-content\/uploads\/usu555\/2018\/05\/IMG_20180518_101801_604-300x225.jpg 300w, https:\/\/agora.xtec.cat\/escgaspardeportola\/wp-content\/uploads\/usu555\/2018\/05\/IMG_20180518_101801_604-768x576.jpg 768w, https:\/\/agora.xtec.cat\/escgaspardeportola\/wp-content\/uploads\/usu555\/2018\/05\/IMG_20180518_101801_604-200x150.jpg 200w, https:\/\/agora.xtec.cat\/escgaspardeportola\/wp-content\/uploads\/usu555\/2018\/05\/IMG_20180518_101801_604.jpg 1119w\" sizes=\"auto, (max-width: 742px) 100vw, 742px\" \/><\/a><\/p>\n","protected":false},"excerpt":{"rendered":"<p>El passat\u00a0divendres, dia 18 de maig va\u00a0\u00a0tenir\u00a0lloc a l\u2019escola Gaspar de Portol\u00e0 la\u00a0presentaci\u00f3 del projecte Gaspart School. Hi van assistir diferents autoritats educatives i\u00a0municipals, aix\u00ed com representants de pares, dels serveis educatius de la Noguera i\u00a0col.laboradors dels diferents \u00e0mbits art\u00edstics de la ciutat . L\u2019equip directiu de l\u2019escola va\u00a0fer la presentaci\u00f3 i explicaci\u00f3 del projecte [&hellip;]<\/p>\n","protected":false},"author":1,"featured_media":0,"comment_status":"closed","ping_status":"closed","sticky":false,"template":"","format":"standard","meta":{"_bbp_topic_count":0,"_bbp_reply_count":0,"_bbp_total_topic_count":0,"_bbp_total_reply_count":0,"_bbp_voice_count":0,"_bbp_anonymous_reply_count":0,"_bbp_topic_count_hidden":0,"_bbp_reply_count_hidden":0,"_bbp_forum_subforum_count":0,"site-sidebar-layout":"default","site-content-layout":"","ast-site-content-layout":"","site-content-style":"default","site-sidebar-style":"default","ast-global-header-display":"","ast-banner-title-visibility":"","ast-main-header-display":"","ast-hfb-above-header-display":"","ast-hfb-below-header-display":"","ast-hfb-mobile-header-display":"","site-post-title":"","ast-breadcrumbs-content":"","ast-featured-img":"","footer-sml-layout":"","theme-transparent-header-meta":"","adv-header-id-meta":"","stick-header-meta":"","header-above-stick-meta":"","header-main-stick-meta":"","header-below-stick-meta":"","astra-migrate-meta-layouts":"default","ast-page-background-enabled":"default","ast-page-background-meta":{"desktop":{"background-color":"var(--ast-global-color-4)","background-image":"","background-repeat":"repeat","background-position":"center center","background-size":"auto","background-attachment":"scroll","background-type":"","background-media":"","overlay-type":"","overlay-color":"","overlay-opacity":"","overlay-gradient":""},"tablet":{"background-color":"","background-image":"","background-repeat":"repeat","background-position":"center center","background-size":"auto","background-attachment":"scroll","background-type":"","background-media":"","overlay-type":"","overlay-color":"","overlay-opacity":"","overlay-gradient":""},"mobile":{"background-color":"","background-image":"","background-repeat":"repeat","background-position":"center center","background-size":"auto","background-attachment":"scroll","background-type":"","background-media":"","overlay-type":"","overlay-color":"","overlay-opacity":"","overlay-gradient":""}},"ast-content-background-meta":{"desktop":{"background-color":"var(--ast-global-color-5)","background-image":"","background-repeat":"repeat","background-position":"center center","background-size":"auto","background-attachment":"scroll","background-type":"","background-media":"","overlay-type":"","overlay-color":"","overlay-opacity":"","overlay-gradient":""},"tablet":{"background-color":"var(--ast-global-color-5)","background-image":"","background-repeat":"repeat","background-position":"center center","background-size":"auto","background-attachment":"scroll","background-type":"","background-media":"","overlay-type":"","overlay-color":"","overlay-opacity":"","overlay-gradient":""},"mobile":{"background-color":"var(--ast-global-color-5)","background-image":"","background-repeat":"repeat","background-position":"center center","background-size":"auto","background-attachment":"scroll","background-type":"","background-media":"","overlay-type":"","overlay-color":"","overlay-opacity":"","overlay-gradient":""}},"footnotes":""},"categories":[321,4],"tags":[],"class_list":["post-2697","post","type-post","status-publish","format-standard","hentry","category-gaspartschool","category-portada"],"post_mailing_queue_ids":[],"_links":{"self":[{"href":"https:\/\/agora.xtec.cat\/escgaspardeportola\/wp-json\/wp\/v2\/posts\/2697","targetHints":{"allow":["GET"]}}],"collection":[{"href":"https:\/\/agora.xtec.cat\/escgaspardeportola\/wp-json\/wp\/v2\/posts"}],"about":[{"href":"https:\/\/agora.xtec.cat\/escgaspardeportola\/wp-json\/wp\/v2\/types\/post"}],"author":[{"embeddable":true,"href":"https:\/\/agora.xtec.cat\/escgaspardeportola\/wp-json\/wp\/v2\/users\/1"}],"replies":[{"embeddable":true,"href":"https:\/\/agora.xtec.cat\/escgaspardeportola\/wp-json\/wp\/v2\/comments?post=2697"}],"version-history":[{"count":1,"href":"https:\/\/agora.xtec.cat\/escgaspardeportola\/wp-json\/wp\/v2\/posts\/2697\/revisions"}],"predecessor-version":[{"id":2699,"href":"https:\/\/agora.xtec.cat\/escgaspardeportola\/wp-json\/wp\/v2\/posts\/2697\/revisions\/2699"}],"wp:attachment":[{"href":"https:\/\/agora.xtec.cat\/escgaspardeportola\/wp-json\/wp\/v2\/media?parent=2697"}],"wp:term":[{"taxonomy":"category","embeddable":true,"href":"https:\/\/agora.xtec.cat\/escgaspardeportola\/wp-json\/wp\/v2\/categories?post=2697"},{"taxonomy":"post_tag","embeddable":true,"href":"https:\/\/agora.xtec.cat\/escgaspardeportola\/wp-json\/wp\/v2\/tags?post=2697"}],"curies":[{"name":"wp","href":"https:\/\/api.w.org\/{rel}","templated":true}]}}