{"id":2665,"date":"2018-05-15T09:54:58","date_gmt":"2018-05-15T07:54:58","guid":{"rendered":"http:\/\/agora.xtec.cat\/escgaspardeportola\/?p=2665"},"modified":"2019-08-26T19:47:09","modified_gmt":"2019-08-26T17:47:09","slug":"presentacio-projecte-gaspart-school","status":"publish","type":"post","link":"https:\/\/agora.xtec.cat\/escgaspardeportola\/portada\/presentacio-projecte-gaspart-school\/","title":{"rendered":"PRESENTACI\u00d3 PROJECTE GASPART SCHOOL"},"content":{"rendered":"<p>Tal com us vam avan\u00e7ar en les reunions de pares de principis d\u2019aquest curs, aquest\u00a0divendres, dia 18 de maig, farem la presentaci\u00f3 del projecte GASPART SCHOOL.<br \/>\nEn aquesta presentaci\u00f3 tenim previst que hi assisteixin diferents autoritats\u00a0d\u2019ensenyament a Lleida, l\u2019alcalde de Balaguer, representants de pares de l\u2019escola i\u00a0col.laboradors art\u00edstics.<br \/>\nEst\u00e0 previst fer una presentaci\u00f3 del projecte per part de l\u2019Equip Directiu i posteriorment\u00a0fer una ruta per l\u2019escola on tots els alumnes estaran realitzant diferents actuacions\u00a0art\u00edstiques i que podran mostrar als assistents.<br \/>\nAquest \u00e9s un projecte que hem iniciat amb molta il.lusi\u00f3 aquest curs i que esperem\u00a0segueixi creixent amb la implicaci\u00f3 i participaci\u00f3 de tota la comunitat educativa al llarg\u00a0de molts anys fins a convertir-se en un tret identificatiu de l\u2019escola.<br \/>\nPeri\u00f2dicament un anirem informant de les diferents actuacions i exposicions que es\u00a0vagin fent al llarg de cada curs a fi que les fam\u00edlies tamb\u00e9 hi pugueu participar\u00a0activament.<\/p>\n<p><img loading=\"lazy\" decoding=\"async\" class=\"aligncenter wp-image-2666\" src=\"http:\/\/agora.xtec.cat\/escgaspardeportola\/wp-content\/uploads\/usu555\/2018\/05\/9.jpg\" alt=\"\" width=\"324\" height=\"324\" srcset=\"https:\/\/agora.xtec.cat\/escgaspardeportola\/wp-content\/uploads\/usu555\/2018\/05\/9.jpg 500w, https:\/\/agora.xtec.cat\/escgaspardeportola\/wp-content\/uploads\/usu555\/2018\/05\/9-300x300.jpg 300w\" sizes=\"auto, (max-width: 324px) 100vw, 324px\" \/><\/p>\n","protected":false},"excerpt":{"rendered":"<p>Tal com us vam avan\u00e7ar en les reunions de pares de principis d\u2019aquest curs, aquest\u00a0divendres, dia 18 de maig, farem la presentaci\u00f3 del projecte GASPART SCHOOL. En aquesta presentaci\u00f3 tenim previst que hi assisteixin diferents autoritats\u00a0d\u2019ensenyament a Lleida, l\u2019alcalde de Balaguer, representants de pares de l\u2019escola i\u00a0col.laboradors art\u00edstics. Est\u00e0 previst fer una presentaci\u00f3 del projecte [&hellip;]<\/p>\n","protected":false},"author":1,"featured_media":0,"comment_status":"closed","ping_status":"closed","sticky":false,"template":"","format":"standard","meta":{"_bbp_topic_count":0,"_bbp_reply_count":0,"_bbp_total_topic_count":0,"_bbp_total_reply_count":0,"_bbp_voice_count":0,"_bbp_anonymous_reply_count":0,"_bbp_topic_count_hidden":0,"_bbp_reply_count_hidden":0,"_bbp_forum_subforum_count":0,"site-sidebar-layout":"default","site-content-layout":"","ast-site-content-layout":"","site-content-style":"default","site-sidebar-style":"default","ast-global-header-display":"","ast-banner-title-visibility":"","ast-main-header-display":"","ast-hfb-above-header-display":"","ast-hfb-below-header-display":"","ast-hfb-mobile-header-display":"","site-post-title":"","ast-breadcrumbs-content":"","ast-featured-img":"","footer-sml-layout":"","theme-transparent-header-meta":"","adv-header-id-meta":"","stick-header-meta":"","header-above-stick-meta":"","header-main-stick-meta":"","header-below-stick-meta":"","astra-migrate-meta-layouts":"default","ast-page-background-enabled":"default","ast-page-background-meta":{"desktop":{"background-color":"var(--ast-global-color-4)","background-image":"","background-repeat":"repeat","background-position":"center center","background-size":"auto","background-attachment":"scroll","background-type":"","background-media":"","overlay-type":"","overlay-color":"","overlay-opacity":"","overlay-gradient":""},"tablet":{"background-color":"","background-image":"","background-repeat":"repeat","background-position":"center center","background-size":"auto","background-attachment":"scroll","background-type":"","background-media":"","overlay-type":"","overlay-color":"","overlay-opacity":"","overlay-gradient":""},"mobile":{"background-color":"","background-image":"","background-repeat":"repeat","background-position":"center center","background-size":"auto","background-attachment":"scroll","background-type":"","background-media":"","overlay-type":"","overlay-color":"","overlay-opacity":"","overlay-gradient":""}},"ast-content-background-meta":{"desktop":{"background-color":"var(--ast-global-color-5)","background-image":"","background-repeat":"repeat","background-position":"center center","background-size":"auto","background-attachment":"scroll","background-type":"","background-media":"","overlay-type":"","overlay-color":"","overlay-opacity":"","overlay-gradient":""},"tablet":{"background-color":"var(--ast-global-color-5)","background-image":"","background-repeat":"repeat","background-position":"center center","background-size":"auto","background-attachment":"scroll","background-type":"","background-media":"","overlay-type":"","overlay-color":"","overlay-opacity":"","overlay-gradient":""},"mobile":{"background-color":"var(--ast-global-color-5)","background-image":"","background-repeat":"repeat","background-position":"center center","background-size":"auto","background-attachment":"scroll","background-type":"","background-media":"","overlay-type":"","overlay-color":"","overlay-opacity":"","overlay-gradient":""}},"footnotes":""},"categories":[321,4],"tags":[241,243,242],"class_list":["post-2665","post","type-post","status-publish","format-standard","hentry","category-gaspartschool","category-portada","tag-gaspart-school","tag-invitacio","tag-jornada"],"post_mailing_queue_ids":[],"_links":{"self":[{"href":"https:\/\/agora.xtec.cat\/escgaspardeportola\/wp-json\/wp\/v2\/posts\/2665","targetHints":{"allow":["GET"]}}],"collection":[{"href":"https:\/\/agora.xtec.cat\/escgaspardeportola\/wp-json\/wp\/v2\/posts"}],"about":[{"href":"https:\/\/agora.xtec.cat\/escgaspardeportola\/wp-json\/wp\/v2\/types\/post"}],"author":[{"embeddable":true,"href":"https:\/\/agora.xtec.cat\/escgaspardeportola\/wp-json\/wp\/v2\/users\/1"}],"replies":[{"embeddable":true,"href":"https:\/\/agora.xtec.cat\/escgaspardeportola\/wp-json\/wp\/v2\/comments?post=2665"}],"version-history":[{"count":1,"href":"https:\/\/agora.xtec.cat\/escgaspardeportola\/wp-json\/wp\/v2\/posts\/2665\/revisions"}],"predecessor-version":[{"id":2667,"href":"https:\/\/agora.xtec.cat\/escgaspardeportola\/wp-json\/wp\/v2\/posts\/2665\/revisions\/2667"}],"wp:attachment":[{"href":"https:\/\/agora.xtec.cat\/escgaspardeportola\/wp-json\/wp\/v2\/media?parent=2665"}],"wp:term":[{"taxonomy":"category","embeddable":true,"href":"https:\/\/agora.xtec.cat\/escgaspardeportola\/wp-json\/wp\/v2\/categories?post=2665"},{"taxonomy":"post_tag","embeddable":true,"href":"https:\/\/agora.xtec.cat\/escgaspardeportola\/wp-json\/wp\/v2\/tags?post=2665"}],"curies":[{"name":"wp","href":"https:\/\/api.w.org\/{rel}","templated":true}]}}