{"id":2273,"date":"2018-01-30T23:54:46","date_gmt":"2018-01-30T22:54:46","guid":{"rendered":"http:\/\/agora.xtec.cat\/escgaspardeportola\/?p=2273"},"modified":"2018-01-30T23:54:46","modified_gmt":"2018-01-30T22:54:46","slug":"dia-escolar-de-la-no-violencia-i-la-pau","status":"publish","type":"post","link":"https:\/\/agora.xtec.cat\/escgaspardeportola\/portada\/dia-escolar-de-la-no-violencia-i-la-pau\/","title":{"rendered":"Dia escolar de la no viol\u00e8ncia i la pau."},"content":{"rendered":"<p>Aquest mat\u00ed dia 30 de gener, despr\u00e9s de l&#8217;esbarjo, hem celebrat el dia escolar de la no viol\u00e8ncia i la pau.<\/p>\n<p>Com hem anat anunciant aquests dies s&#8217;ha realitzat una lectura dels missatges representatius de cada classe. La resta s&#8217;han penjat en un mural a les entrades de la segona i tercera escala.<\/p>\n<p><a href=\"https:\/\/photos.google.com\/u\/2\/share\/AF1QipMdPzL-s1Vr22FZIo8Nw58JZVp2snu7PRiQOeObrDxP16tyPenNF6YbCdv3rCIqDA?key=N2JaV3NzR05IeFU1dVg3MDV6WW5OWDBtQkd6dm93\"><img loading=\"lazy\" decoding=\"async\" class=\"alignnone size-large\" src=\"https:\/\/lh3.googleusercontent.com\/G8FV3oeWRH7Ipch0HWeHfwkd2kTtMcHDmXKkBAwhEoeJYWfKr9cVlor4AR5HaMq1m5X9Fkl55J4Zz_DtXOyEtZN5N3_zWNIL4LW2Y7nTYgk9G3mbnGdr2BjQf2qIcIlm1xYMOjKLgEd82lJFjZBdb5Wls-t8nm_cvCnM9mSH61VVvs1beBtsVYgWkHjR7zzZE_V1lCKzJ7POxVnGlXdUqqNLpVGbpQ60iyBO9LBgUZPm95y684tY4AlFupvwELJbWiudjS0tcrcLxhn6JLozUhis3K0EpkTY38JHbH65fW8eKGgbFJP8OEAchgjUKI4QWpP-Ywlj9wSIKB4xB-de3ANrKPkgnvPzz6VR9bAk3RPkvZbnRAiooiZePXFsbCZyFYwBBueX-9sJoH4Co2ZxPxhzGUhKu5dzoil_fq09DWap0x94LY_gEiqa5hatzm7v7o0RkT6qOrCn-gcJR0CBY6YeEisPkrYrjyZGdQEteDKczRtZbDaG2LLfMp7WUJ-07evbs04XS7kA-B_F-CePcNi_nrwfUmatugMukX3sLDkp1MiV10mgFQM-v3I4-cCcd6QG2y0suwsyRjukvytrhltJVVCsbgWDYtGfHD85GQSTucJYISyVjKE0jWi0fdskfu_4rjIyyIt8Wt3Nb64-iHidkamtwI5y=w640-h480-no\" width=\"640\" height=\"480\" \/><\/a><\/p>\n<p>&nbsp;<\/p>\n<p>Finalment els nens i nenes de cicle superior ens han dirigit una sessi\u00f3 d&#8217;aer\u00f2bic, preparada pr\u00e8viament a la classe d&#8217;educaci\u00f3 f\u00edsica, on tots hem pogut ballar i reivindicar-nos per la pau amb ritme i alegria.\u00a0Moltes gr\u00e0cies\u00a0per les vostres coreografies.<\/p>\n<p><a href=\"https:\/\/photos.google.com\/u\/2\/share\/AF1QipMdPzL-s1Vr22FZIo8Nw58JZVp2snu7PRiQOeObrDxP16tyPenNF6YbCdv3rCIqDA?key=N2JaV3NzR05IeFU1dVg3MDV6WW5OWDBtQkd6dm93\"><img loading=\"lazy\" decoding=\"async\" class=\"alignnone \" src=\"https:\/\/lh3.googleusercontent.com\/cHv5uTtcCfREwX4W1uqekvNQ5fez-n06hK8Wq28kFoOh7oZG8jriSOhMKtz8n4ZJo5VJ2s2dJRTkl-6JV7nCVGfKiEn3opKQLEKt6ksfkF4oI6WaYlKroVBUTEf50WhGXJgBYI1TzCfE9BgFC47upshti4vB2hRglJ2muBWs1xXn3yxHJ01lPY1xn0ztIILpq7uhxVEGXfC_LWOkeJe4uZ16XmBzVE6Y0V8GMcDxB_wbySNkT9zugASE5JiqQem4HjY9z3Vpm5mNwvN14Q4vw6S-VIJJ2VWQuYXCWsKTNZsZdS5MzeEDFPyHKEItf4GTmGUiRDzL4ighQ4nZduPf8yN90IsUZL67vUIG4MQD_hoaetVduGUiTodZI_rJd90xuez6TDxXsi_2tW8pVrgNcXOdfi8qUFtnFbve_yEqJHmmcfqvOxdXuMuaLlOdVu2vKAzIBv4Dfo12rtB07lNZXV5XVvU5DDH96hKGPqfzfWKTzu3TCqyv-cZ-3m8iaxRUELAd5iVj6CB7GsxWt_VM47J0y_AYdHSwMrryVREZz1q7u8J9NgeEZfYRt5Pb_1qeIdeOno0dfCQuXTzAKMyMq-p9gUb2IZydKpQQd_b3Mmhr1QVrbLL6GhkqyA2B0NKKMMfM10H5SxA1MLNUnWb7tWpztZcINexC=w640-h480-no\" width=\"640\" height=\"480\" \/><\/a><\/p>\n<p>I recordeu! Tal com ens han explicat a la sortida els nens i nenes d&#8217;educaci\u00f3 infantil. LA PAU COMEN\u00c7A AMB UN SOMRIURE.<\/p>\n<p><a href=\"http:\/\/www.balaguer.tv\/gaspar-portola-celebra-dia-no-violencia-pau\/\">REPORTATGE\u00a0BALAGUER TELEVISI\u00d3<\/a><\/p>\n<p><a href=\"https:\/\/sites.google.com\/a\/xtec.cat\/la-vostra-aula\/celebracions_escola\">ARTICLE CICLE SUPERIOR<\/a><\/p>\n<p>&nbsp;<\/p>\n","protected":false},"excerpt":{"rendered":"<p>Aquest mat\u00ed dia 30 de gener, despr\u00e9s de l&#8217;esbarjo, hem celebrat el dia escolar de la no viol\u00e8ncia i la pau. Com hem anat anunciant aquests dies s&#8217;ha realitzat una lectura dels missatges representatius de cada classe. La resta s&#8217;han penjat en un mural a les entrades de la segona i tercera escala. &nbsp; Finalment [&hellip;]<\/p>\n","protected":false},"author":1,"featured_media":0,"comment_status":"closed","ping_status":"closed","sticky":false,"template":"","format":"standard","meta":{"_bbp_topic_count":0,"_bbp_reply_count":0,"_bbp_total_topic_count":0,"_bbp_total_reply_count":0,"_bbp_voice_count":0,"_bbp_anonymous_reply_count":0,"_bbp_topic_count_hidden":0,"_bbp_reply_count_hidden":0,"_bbp_forum_subforum_count":0,"site-sidebar-layout":"default","site-content-layout":"","ast-site-content-layout":"","site-content-style":"default","site-sidebar-style":"default","ast-global-header-display":"","ast-banner-title-visibility":"","ast-main-header-display":"","ast-hfb-above-header-display":"","ast-hfb-below-header-display":"","ast-hfb-mobile-header-display":"","site-post-title":"","ast-breadcrumbs-content":"","ast-featured-img":"","footer-sml-layout":"","theme-transparent-header-meta":"","adv-header-id-meta":"","stick-header-meta":"","header-above-stick-meta":"","header-main-stick-meta":"","header-below-stick-meta":"","astra-migrate-meta-layouts":"default","ast-page-background-enabled":"default","ast-page-background-meta":{"desktop":{"background-color":"var(--ast-global-color-4)","background-image":"","background-repeat":"repeat","background-position":"center center","background-size":"auto","background-attachment":"scroll","background-type":"","background-media":"","overlay-type":"","overlay-color":"","overlay-opacity":"","overlay-gradient":""},"tablet":{"background-color":"","background-image":"","background-repeat":"repeat","background-position":"center center","background-size":"auto","background-attachment":"scroll","background-type":"","background-media":"","overlay-type":"","overlay-color":"","overlay-opacity":"","overlay-gradient":""},"mobile":{"background-color":"","background-image":"","background-repeat":"repeat","background-position":"center center","background-size":"auto","background-attachment":"scroll","background-type":"","background-media":"","overlay-type":"","overlay-color":"","overlay-opacity":"","overlay-gradient":""}},"ast-content-background-meta":{"desktop":{"background-color":"var(--ast-global-color-5)","background-image":"","background-repeat":"repeat","background-position":"center center","background-size":"auto","background-attachment":"scroll","background-type":"","background-media":"","overlay-type":"","overlay-color":"","overlay-opacity":"","overlay-gradient":""},"tablet":{"background-color":"var(--ast-global-color-5)","background-image":"","background-repeat":"repeat","background-position":"center center","background-size":"auto","background-attachment":"scroll","background-type":"","background-media":"","overlay-type":"","overlay-color":"","overlay-opacity":"","overlay-gradient":""},"mobile":{"background-color":"var(--ast-global-color-5)","background-image":"","background-repeat":"repeat","background-position":"center center","background-size":"auto","background-attachment":"scroll","background-type":"","background-media":"","overlay-type":"","overlay-color":"","overlay-opacity":"","overlay-gradient":""}},"footnotes":""},"categories":[4],"tags":[121,129,130],"class_list":["post-2273","post","type-post","status-publish","format-standard","hentry","category-portada","tag-aerobic","tag-denip","tag-pau"],"post_mailing_queue_ids":[],"_links":{"self":[{"href":"https:\/\/agora.xtec.cat\/escgaspardeportola\/wp-json\/wp\/v2\/posts\/2273","targetHints":{"allow":["GET"]}}],"collection":[{"href":"https:\/\/agora.xtec.cat\/escgaspardeportola\/wp-json\/wp\/v2\/posts"}],"about":[{"href":"https:\/\/agora.xtec.cat\/escgaspardeportola\/wp-json\/wp\/v2\/types\/post"}],"author":[{"embeddable":true,"href":"https:\/\/agora.xtec.cat\/escgaspardeportola\/wp-json\/wp\/v2\/users\/1"}],"replies":[{"embeddable":true,"href":"https:\/\/agora.xtec.cat\/escgaspardeportola\/wp-json\/wp\/v2\/comments?post=2273"}],"version-history":[{"count":1,"href":"https:\/\/agora.xtec.cat\/escgaspardeportola\/wp-json\/wp\/v2\/posts\/2273\/revisions"}],"predecessor-version":[{"id":2275,"href":"https:\/\/agora.xtec.cat\/escgaspardeportola\/wp-json\/wp\/v2\/posts\/2273\/revisions\/2275"}],"wp:attachment":[{"href":"https:\/\/agora.xtec.cat\/escgaspardeportola\/wp-json\/wp\/v2\/media?parent=2273"}],"wp:term":[{"taxonomy":"category","embeddable":true,"href":"https:\/\/agora.xtec.cat\/escgaspardeportola\/wp-json\/wp\/v2\/categories?post=2273"},{"taxonomy":"post_tag","embeddable":true,"href":"https:\/\/agora.xtec.cat\/escgaspardeportola\/wp-json\/wp\/v2\/tags?post=2273"}],"curies":[{"name":"wp","href":"https:\/\/api.w.org\/{rel}","templated":true}]}}