{"id":2252,"date":"2017-12-23T00:03:24","date_gmt":"2017-12-22T23:03:24","guid":{"rendered":"http:\/\/agora.xtec.cat\/escgaspardeportola\/?p=2252"},"modified":"2017-12-23T00:03:24","modified_gmt":"2017-12-22T23:03:24","slug":"educacio-viaria","status":"publish","type":"post","link":"https:\/\/agora.xtec.cat\/escgaspardeportola\/ciclemitja\/educacio-viaria\/","title":{"rendered":"Educaci\u00f3 vi\u00e0ria"},"content":{"rendered":"<p>Avui dia 22 de desembre els nens i les\u00a0nenes de cicle mitj\u00e0 hem fet educaci\u00f3\u00a0vi\u00e0ria al Pavell\u00f3 Mol\u00ed de l\u2019Esquerr\u00e0.\u00a0Ens han deixat unes bicicletes, i\u00a0equipats amb un armilla reflectant i un\u00a0casc hem circulat com si f\u00f3ssim cotxes.<br \/>\nTamb\u00e9 hi havia vianants i an\u00e0vem amb\u00a0molt de compte per no atropellar a\u00a0ning\u00fa.<br \/>\nHo hem passat molt b\u00e9!<\/p>\n<p><em>Article reaitzat per l&#8217;alumnat de 4A<\/em><\/p>\n<p><img loading=\"lazy\" decoding=\"async\" class=\"alignnone size-large\" src=\"https:\/\/lh3.googleusercontent.com\/x3__SrGaxrA-eHai8DW2T8rp5bH4cp_XAHHwJEGFeZ-4wgl00ehpNTw18DgpIs9o-hSm9wICOI9Y5PIHU7AEhiHbYZfajdc_EMZ_6WtUEL-pcC0-ZTqwffNOqGW_tMAkHIyQJa8oyrhRgNYvtxQvIIXMQdEYpI2kuRmCDcqoDxVdTNIRiiPtlQxpoqhpERKTHuwsaNvs1P-ulKMFsAuhhB__8d_6b7WuDRB3Oi1l1NcD63uWQPbMVD4vOf8XRz0on9LWVjgTHBRzVUesqS18OJLyMH1yiNGBvvzh7FwMR6A4Mqae-pf1Dp-J511Bxjuuntv1_YWZ-AZbeJG8mEw1hMjKxNtLdhPz4mQvoW_jXNjDRAg1FKxwvRfIab_C9i_-sYQtPK40ooTy_TEc4w_EJQy6GwjLvdKonECUdMzbTzUbIQ9D-hx7mpxZ1Kuq1PBc0qlJU3dkLQ5m4X_JD-PNQrMEs8JfiHIkNhOrff735J9zFIzMBbltasmRSi9rmvxWc-ZQGvVSkFxefm_muZH_KRsK0mbFnxF0CQmsaPeO-mfuBrVnEkOMbbNB0nwuOWlV2p0pmDND5r6Ikmlyim6IJNgiHZdgqyfHrot1Ol-huceaMzx8BVaXhhnic7ftw9w8wvI3xhla3Qb8rtBUuGyD5CjR5_F2ibvX=w656-h368-no\" width=\"656\" height=\"368\" \/><\/p>\n<p><a href=\"https:\/\/photos.google.com\/u\/2\/share\/AF1QipPuVMFXuLzNAzHKfgvCLbGWF59hq1iWHlbSeBnfRGMl5QBwxfvLSgCin7Opb_Is7Q?key=eE5FTWpnS1I2eThfTExfRksxS3hoNzdyVDNzQ0JR\"><strong>M\u00e9s fotografies<\/strong><\/a><\/p>\n","protected":false},"excerpt":{"rendered":"<p>Avui dia 22 de desembre els nens i les\u00a0nenes de cicle mitj\u00e0 hem fet educaci\u00f3\u00a0vi\u00e0ria al Pavell\u00f3 Mol\u00ed de l\u2019Esquerr\u00e0.\u00a0Ens han deixat unes bicicletes, i\u00a0equipats amb un armilla reflectant i un\u00a0casc hem circulat com si f\u00f3ssim cotxes. Tamb\u00e9 hi havia vianants i an\u00e0vem amb\u00a0molt de compte per no atropellar a\u00a0ning\u00fa. Ho hem passat molt b\u00e9! [&hellip;]<\/p>\n","protected":false},"author":1,"featured_media":0,"comment_status":"closed","ping_status":"closed","sticky":false,"template":"","format":"standard","meta":{"_bbp_topic_count":0,"_bbp_reply_count":0,"_bbp_total_topic_count":0,"_bbp_total_reply_count":0,"_bbp_voice_count":0,"_bbp_anonymous_reply_count":0,"_bbp_topic_count_hidden":0,"_bbp_reply_count_hidden":0,"_bbp_forum_subforum_count":0,"site-sidebar-layout":"default","site-content-layout":"","ast-site-content-layout":"","site-content-style":"default","site-sidebar-style":"default","ast-global-header-display":"","ast-banner-title-visibility":"","ast-main-header-display":"","ast-hfb-above-header-display":"","ast-hfb-below-header-display":"","ast-hfb-mobile-header-display":"","site-post-title":"","ast-breadcrumbs-content":"","ast-featured-img":"","footer-sml-layout":"","theme-transparent-header-meta":"","adv-header-id-meta":"","stick-header-meta":"","header-above-stick-meta":"","header-main-stick-meta":"","header-below-stick-meta":"","astra-migrate-meta-layouts":"default","ast-page-background-enabled":"default","ast-page-background-meta":{"desktop":{"background-color":"var(--ast-global-color-4)","background-image":"","background-repeat":"repeat","background-position":"center center","background-size":"auto","background-attachment":"scroll","background-type":"","background-media":"","overlay-type":"","overlay-color":"","overlay-opacity":"","overlay-gradient":""},"tablet":{"background-color":"","background-image":"","background-repeat":"repeat","background-position":"center center","background-size":"auto","background-attachment":"scroll","background-type":"","background-media":"","overlay-type":"","overlay-color":"","overlay-opacity":"","overlay-gradient":""},"mobile":{"background-color":"","background-image":"","background-repeat":"repeat","background-position":"center center","background-size":"auto","background-attachment":"scroll","background-type":"","background-media":"","overlay-type":"","overlay-color":"","overlay-opacity":"","overlay-gradient":""}},"ast-content-background-meta":{"desktop":{"background-color":"var(--ast-global-color-5)","background-image":"","background-repeat":"repeat","background-position":"center center","background-size":"auto","background-attachment":"scroll","background-type":"","background-media":"","overlay-type":"","overlay-color":"","overlay-opacity":"","overlay-gradient":""},"tablet":{"background-color":"var(--ast-global-color-5)","background-image":"","background-repeat":"repeat","background-position":"center center","background-size":"auto","background-attachment":"scroll","background-type":"","background-media":"","overlay-type":"","overlay-color":"","overlay-opacity":"","overlay-gradient":""},"mobile":{"background-color":"var(--ast-global-color-5)","background-image":"","background-repeat":"repeat","background-position":"center center","background-size":"auto","background-attachment":"scroll","background-type":"","background-media":"","overlay-type":"","overlay-color":"","overlay-opacity":"","overlay-gradient":""}},"footnotes":""},"categories":[60],"tags":[22],"class_list":["post-2252","post","type-post","status-publish","format-standard","hentry","category-ciclemitja","tag-educacio-viaria"],"post_mailing_queue_ids":[],"_links":{"self":[{"href":"https:\/\/agora.xtec.cat\/escgaspardeportola\/wp-json\/wp\/v2\/posts\/2252","targetHints":{"allow":["GET"]}}],"collection":[{"href":"https:\/\/agora.xtec.cat\/escgaspardeportola\/wp-json\/wp\/v2\/posts"}],"about":[{"href":"https:\/\/agora.xtec.cat\/escgaspardeportola\/wp-json\/wp\/v2\/types\/post"}],"author":[{"embeddable":true,"href":"https:\/\/agora.xtec.cat\/escgaspardeportola\/wp-json\/wp\/v2\/users\/1"}],"replies":[{"embeddable":true,"href":"https:\/\/agora.xtec.cat\/escgaspardeportola\/wp-json\/wp\/v2\/comments?post=2252"}],"version-history":[{"count":1,"href":"https:\/\/agora.xtec.cat\/escgaspardeportola\/wp-json\/wp\/v2\/posts\/2252\/revisions"}],"predecessor-version":[{"id":2253,"href":"https:\/\/agora.xtec.cat\/escgaspardeportola\/wp-json\/wp\/v2\/posts\/2252\/revisions\/2253"}],"wp:attachment":[{"href":"https:\/\/agora.xtec.cat\/escgaspardeportola\/wp-json\/wp\/v2\/media?parent=2252"}],"wp:term":[{"taxonomy":"category","embeddable":true,"href":"https:\/\/agora.xtec.cat\/escgaspardeportola\/wp-json\/wp\/v2\/categories?post=2252"},{"taxonomy":"post_tag","embeddable":true,"href":"https:\/\/agora.xtec.cat\/escgaspardeportola\/wp-json\/wp\/v2\/tags?post=2252"}],"curies":[{"name":"wp","href":"https:\/\/api.w.org\/{rel}","templated":true}]}}