{"id":2215,"date":"2017-12-16T22:27:54","date_gmt":"2017-12-16T21:27:54","guid":{"rendered":"http:\/\/agora.xtec.cat\/escgaspardeportola\/?p=2215"},"modified":"2017-12-16T22:31:40","modified_gmt":"2017-12-16T21:31:40","slug":"gran-recaptacio-per-a-la-marato-de-tv3","status":"publish","type":"post","link":"https:\/\/agora.xtec.cat\/escgaspardeportola\/portada\/gran-recaptacio-per-a-la-marato-de-tv3\/","title":{"rendered":"Gran recaptaci\u00f3 per La Marat\u00f3 de TV3"},"content":{"rendered":"<p>Un gran grup de fam\u00edlies s&#8217;ha reunit aquesta tarda a l&#8217;escola per col\u00b7laborar amb La Marat\u00f3 de TV3. Un any m\u00e9s l&#8217;AMPA ha\u00a0realitzat un Bingo solidari amb premis, taller de dibuix\u00a0i\u00a0de pintar cares amb\u00a0coca i xocolata per a berenar.<\/p>\n<p>La recaptaci\u00f3 d&#8217;avui m\u00e9s la recollida per la xocolata amb melindros organitzada ahir per cicle superior \u00e9s de 650\u20ac \u00a0que es destinen integrament a La Marat\u00f3 per la investigaci\u00f3 de les malalties infeccioses.<\/p>\n<p>Gr\u00e0cies per la vostra organitzaci\u00f3 i participaci\u00f3.<\/p>\n<p><img loading=\"lazy\" decoding=\"async\" class=\"aligncenter size-full wp-image-2216\" src=\"http:\/\/agora.xtec.cat\/escgaspardeportola\/wp-content\/uploads\/usu555\/2017\/12\/IMG_1187.jpg\" alt=\"\" width=\"640\" height=\"480\" srcset=\"https:\/\/agora.xtec.cat\/escgaspardeportola\/wp-content\/uploads\/usu555\/2017\/12\/IMG_1187.jpg 640w, https:\/\/agora.xtec.cat\/escgaspardeportola\/wp-content\/uploads\/usu555\/2017\/12\/IMG_1187-300x225.jpg 300w, https:\/\/agora.xtec.cat\/escgaspardeportola\/wp-content\/uploads\/usu555\/2017\/12\/IMG_1187-200x150.jpg 200w\" sizes=\"auto, (max-width: 640px) 100vw, 640px\" \/><\/p>\n<p><a href=\"https:\/\/photos.google.com\/u\/2\/album\/AF1QipNMIJXPzxQaH9p_gTM35wQgX7ehcVet33Cy16b1\">M\u00e9s fotografies 1<\/a><\/p>\n<p><a href=\"https:\/\/photos.google.com\/share\/AF1QipMSgzlWUVEeoaXGj7yx3N7s9LZdgh1ThBzUvbKiiYSdDgITwTgB7KU94HJ8MOl46Q?key=WEQtbXRtODZuaXdJNHEwVXB4QW1GczM2c0w0VXZR\">M\u00e9s fotografies 2<\/a><\/p>\n<p><a href=\"https:\/\/sites.google.com\/a\/xtec.cat\/la-vostra-aula\/celebracions_escola\/xocolatadaperlamarato-2017\">Article cicle superior<\/a><\/p>\n","protected":false},"excerpt":{"rendered":"<p>Un gran grup de fam\u00edlies s&#8217;ha reunit aquesta tarda a l&#8217;escola per col\u00b7laborar amb La Marat\u00f3 de TV3. Un any m\u00e9s l&#8217;AMPA ha\u00a0realitzat un Bingo solidari amb premis, taller de dibuix\u00a0i\u00a0de pintar cares amb\u00a0coca i xocolata per a berenar. La recaptaci\u00f3 d&#8217;avui m\u00e9s la recollida per la xocolata amb melindros organitzada ahir per cicle superior [&hellip;]<\/p>\n","protected":false},"author":1,"featured_media":0,"comment_status":"closed","ping_status":"closed","sticky":false,"template":"","format":"standard","meta":{"_bbp_topic_count":0,"_bbp_reply_count":0,"_bbp_total_topic_count":0,"_bbp_total_reply_count":0,"_bbp_voice_count":0,"_bbp_anonymous_reply_count":0,"_bbp_topic_count_hidden":0,"_bbp_reply_count_hidden":0,"_bbp_forum_subforum_count":0,"site-sidebar-layout":"default","site-content-layout":"","ast-site-content-layout":"","site-content-style":"default","site-sidebar-style":"default","ast-global-header-display":"","ast-banner-title-visibility":"","ast-main-header-display":"","ast-hfb-above-header-display":"","ast-hfb-below-header-display":"","ast-hfb-mobile-header-display":"","site-post-title":"","ast-breadcrumbs-content":"","ast-featured-img":"","footer-sml-layout":"","theme-transparent-header-meta":"","adv-header-id-meta":"","stick-header-meta":"","header-above-stick-meta":"","header-main-stick-meta":"","header-below-stick-meta":"","astra-migrate-meta-layouts":"default","ast-page-background-enabled":"default","ast-page-background-meta":{"desktop":{"background-color":"var(--ast-global-color-4)","background-image":"","background-repeat":"repeat","background-position":"center center","background-size":"auto","background-attachment":"scroll","background-type":"","background-media":"","overlay-type":"","overlay-color":"","overlay-opacity":"","overlay-gradient":""},"tablet":{"background-color":"","background-image":"","background-repeat":"repeat","background-position":"center center","background-size":"auto","background-attachment":"scroll","background-type":"","background-media":"","overlay-type":"","overlay-color":"","overlay-opacity":"","overlay-gradient":""},"mobile":{"background-color":"","background-image":"","background-repeat":"repeat","background-position":"center center","background-size":"auto","background-attachment":"scroll","background-type":"","background-media":"","overlay-type":"","overlay-color":"","overlay-opacity":"","overlay-gradient":""}},"ast-content-background-meta":{"desktop":{"background-color":"var(--ast-global-color-5)","background-image":"","background-repeat":"repeat","background-position":"center center","background-size":"auto","background-attachment":"scroll","background-type":"","background-media":"","overlay-type":"","overlay-color":"","overlay-opacity":"","overlay-gradient":""},"tablet":{"background-color":"var(--ast-global-color-5)","background-image":"","background-repeat":"repeat","background-position":"center center","background-size":"auto","background-attachment":"scroll","background-type":"","background-media":"","overlay-type":"","overlay-color":"","overlay-opacity":"","overlay-gradient":""},"mobile":{"background-color":"var(--ast-global-color-5)","background-image":"","background-repeat":"repeat","background-position":"center center","background-size":"auto","background-attachment":"scroll","background-type":"","background-media":"","overlay-type":"","overlay-color":"","overlay-opacity":"","overlay-gradient":""}},"footnotes":""},"categories":[4],"tags":[122,105,189,190],"class_list":["post-2215","post","type-post","status-publish","format-standard","hentry","category-portada","tag-ampa","tag-cicle-superior","tag-marato-tv3","tag-solidaris"],"post_mailing_queue_ids":[],"_links":{"self":[{"href":"https:\/\/agora.xtec.cat\/escgaspardeportola\/wp-json\/wp\/v2\/posts\/2215","targetHints":{"allow":["GET"]}}],"collection":[{"href":"https:\/\/agora.xtec.cat\/escgaspardeportola\/wp-json\/wp\/v2\/posts"}],"about":[{"href":"https:\/\/agora.xtec.cat\/escgaspardeportola\/wp-json\/wp\/v2\/types\/post"}],"author":[{"embeddable":true,"href":"https:\/\/agora.xtec.cat\/escgaspardeportola\/wp-json\/wp\/v2\/users\/1"}],"replies":[{"embeddable":true,"href":"https:\/\/agora.xtec.cat\/escgaspardeportola\/wp-json\/wp\/v2\/comments?post=2215"}],"version-history":[{"count":3,"href":"https:\/\/agora.xtec.cat\/escgaspardeportola\/wp-json\/wp\/v2\/posts\/2215\/revisions"}],"predecessor-version":[{"id":2219,"href":"https:\/\/agora.xtec.cat\/escgaspardeportola\/wp-json\/wp\/v2\/posts\/2215\/revisions\/2219"}],"wp:attachment":[{"href":"https:\/\/agora.xtec.cat\/escgaspardeportola\/wp-json\/wp\/v2\/media?parent=2215"}],"wp:term":[{"taxonomy":"category","embeddable":true,"href":"https:\/\/agora.xtec.cat\/escgaspardeportola\/wp-json\/wp\/v2\/categories?post=2215"},{"taxonomy":"post_tag","embeddable":true,"href":"https:\/\/agora.xtec.cat\/escgaspardeportola\/wp-json\/wp\/v2\/tags?post=2215"}],"curies":[{"name":"wp","href":"https:\/\/api.w.org\/{rel}","templated":true}]}}