{"id":2212,"date":"2017-12-11T21:53:31","date_gmt":"2017-12-11T20:53:31","guid":{"rendered":"http:\/\/agora.xtec.cat\/escgaspardeportola\/?p=2212"},"modified":"2017-12-11T21:53:31","modified_gmt":"2017-12-11T20:53:31","slug":"tarda-solidaria-de-la-marato-de-tv3","status":"publish","type":"post","link":"https:\/\/agora.xtec.cat\/escgaspardeportola\/portada\/tarda-solidaria-de-la-marato-de-tv3\/","title":{"rendered":"Tarda solid\u00e0ria de la Marat\u00f3 de TV3"},"content":{"rendered":"<p>El proper divendres <strong>15 de desembre,<\/strong>\u00a0tarda solid\u00e0ria en benefici de la <strong>Marat\u00f3 de TV3<\/strong> per la investigaci\u00f3 de les malalties infeccioses:<\/p>\n<p>15:15 h. Ballada de zumba i aer\u00f2bic. <strong>Organitzat per l\u2019Ampa<\/strong>.<\/p>\n<p>16:15 h. Xocolata amb melindros, obert a les fam\u00edlies.\u00a0 Preu 1,5 \u20ac. <strong>Organitzat per cicle superior.<\/strong><\/p>\n<p>Us recordem que l\u2019Ampa tamb\u00e9 organitza un <strong>bingo solidari<\/strong>\u00a0 per la Marat\u00f3, el <strong>dissabte 16 a les 17:30 a l\u2019escola<\/strong>.<\/p>\n<p>Gr\u00e0cies per la vostra col\u00b7laboraci\u00f3.<\/p>\n<p><img loading=\"lazy\" decoding=\"async\" class=\"aligncenter size-full wp-image-2213\" src=\"http:\/\/agora.xtec.cat\/escgaspardeportola\/wp-content\/uploads\/usu555\/2017\/12\/1508313016202.jpg\" alt=\"\" width=\"326\" height=\"184\" srcset=\"https:\/\/agora.xtec.cat\/escgaspardeportola\/wp-content\/uploads\/usu555\/2017\/12\/1508313016202.jpg 326w, https:\/\/agora.xtec.cat\/escgaspardeportola\/wp-content\/uploads\/usu555\/2017\/12\/1508313016202-300x169.jpg 300w\" sizes=\"auto, (max-width: 326px) 100vw, 326px\" \/><\/p>\n<p>&nbsp;<\/p>\n","protected":false},"excerpt":{"rendered":"<p>El proper divendres 15 de desembre,\u00a0tarda solid\u00e0ria en benefici de la Marat\u00f3 de TV3 per la investigaci\u00f3 de les malalties infeccioses: 15:15 h. Ballada de zumba i aer\u00f2bic. Organitzat per l\u2019Ampa. 16:15 h. Xocolata amb melindros, obert a les fam\u00edlies.\u00a0 Preu 1,5 \u20ac. Organitzat per cicle superior. Us recordem que l\u2019Ampa tamb\u00e9 organitza un bingo [&hellip;]<\/p>\n","protected":false},"author":1,"featured_media":0,"comment_status":"closed","ping_status":"closed","sticky":false,"template":"","format":"standard","meta":{"_bbp_topic_count":0,"_bbp_reply_count":0,"_bbp_total_topic_count":0,"_bbp_total_reply_count":0,"_bbp_voice_count":0,"_bbp_anonymous_reply_count":0,"_bbp_topic_count_hidden":0,"_bbp_reply_count_hidden":0,"_bbp_forum_subforum_count":0,"site-sidebar-layout":"default","site-content-layout":"","ast-site-content-layout":"","site-content-style":"default","site-sidebar-style":"default","ast-global-header-display":"","ast-banner-title-visibility":"","ast-main-header-display":"","ast-hfb-above-header-display":"","ast-hfb-below-header-display":"","ast-hfb-mobile-header-display":"","site-post-title":"","ast-breadcrumbs-content":"","ast-featured-img":"","footer-sml-layout":"","theme-transparent-header-meta":"","adv-header-id-meta":"","stick-header-meta":"","header-above-stick-meta":"","header-main-stick-meta":"","header-below-stick-meta":"","astra-migrate-meta-layouts":"default","ast-page-background-enabled":"default","ast-page-background-meta":{"desktop":{"background-color":"var(--ast-global-color-4)","background-image":"","background-repeat":"repeat","background-position":"center center","background-size":"auto","background-attachment":"scroll","background-type":"","background-media":"","overlay-type":"","overlay-color":"","overlay-opacity":"","overlay-gradient":""},"tablet":{"background-color":"","background-image":"","background-repeat":"repeat","background-position":"center center","background-size":"auto","background-attachment":"scroll","background-type":"","background-media":"","overlay-type":"","overlay-color":"","overlay-opacity":"","overlay-gradient":""},"mobile":{"background-color":"","background-image":"","background-repeat":"repeat","background-position":"center center","background-size":"auto","background-attachment":"scroll","background-type":"","background-media":"","overlay-type":"","overlay-color":"","overlay-opacity":"","overlay-gradient":""}},"ast-content-background-meta":{"desktop":{"background-color":"var(--ast-global-color-5)","background-image":"","background-repeat":"repeat","background-position":"center center","background-size":"auto","background-attachment":"scroll","background-type":"","background-media":"","overlay-type":"","overlay-color":"","overlay-opacity":"","overlay-gradient":""},"tablet":{"background-color":"var(--ast-global-color-5)","background-image":"","background-repeat":"repeat","background-position":"center center","background-size":"auto","background-attachment":"scroll","background-type":"","background-media":"","overlay-type":"","overlay-color":"","overlay-opacity":"","overlay-gradient":""},"mobile":{"background-color":"var(--ast-global-color-5)","background-image":"","background-repeat":"repeat","background-position":"center center","background-size":"auto","background-attachment":"scroll","background-type":"","background-media":"","overlay-type":"","overlay-color":"","overlay-opacity":"","overlay-gradient":""}},"footnotes":""},"categories":[4],"tags":[122,105,189],"class_list":["post-2212","post","type-post","status-publish","format-standard","hentry","category-portada","tag-ampa","tag-cicle-superior","tag-marato-tv3"],"post_mailing_queue_ids":[],"_links":{"self":[{"href":"https:\/\/agora.xtec.cat\/escgaspardeportola\/wp-json\/wp\/v2\/posts\/2212","targetHints":{"allow":["GET"]}}],"collection":[{"href":"https:\/\/agora.xtec.cat\/escgaspardeportola\/wp-json\/wp\/v2\/posts"}],"about":[{"href":"https:\/\/agora.xtec.cat\/escgaspardeportola\/wp-json\/wp\/v2\/types\/post"}],"author":[{"embeddable":true,"href":"https:\/\/agora.xtec.cat\/escgaspardeportola\/wp-json\/wp\/v2\/users\/1"}],"replies":[{"embeddable":true,"href":"https:\/\/agora.xtec.cat\/escgaspardeportola\/wp-json\/wp\/v2\/comments?post=2212"}],"version-history":[{"count":1,"href":"https:\/\/agora.xtec.cat\/escgaspardeportola\/wp-json\/wp\/v2\/posts\/2212\/revisions"}],"predecessor-version":[{"id":2214,"href":"https:\/\/agora.xtec.cat\/escgaspardeportola\/wp-json\/wp\/v2\/posts\/2212\/revisions\/2214"}],"wp:attachment":[{"href":"https:\/\/agora.xtec.cat\/escgaspardeportola\/wp-json\/wp\/v2\/media?parent=2212"}],"wp:term":[{"taxonomy":"category","embeddable":true,"href":"https:\/\/agora.xtec.cat\/escgaspardeportola\/wp-json\/wp\/v2\/categories?post=2212"},{"taxonomy":"post_tag","embeddable":true,"href":"https:\/\/agora.xtec.cat\/escgaspardeportola\/wp-json\/wp\/v2\/tags?post=2212"}],"curies":[{"name":"wp","href":"https:\/\/api.w.org\/{rel}","templated":true}]}}