{"id":2204,"date":"2017-12-07T16:12:16","date_gmt":"2017-12-07T15:12:16","guid":{"rendered":"http:\/\/agora.xtec.cat\/escgaspardeportola\/?p=2204"},"modified":"2017-12-07T16:12:16","modified_gmt":"2017-12-07T15:12:16","slug":"concert-de-nadal-2017","status":"publish","type":"post","link":"https:\/\/agora.xtec.cat\/escgaspardeportola\/portada\/concert-de-nadal-2017\/","title":{"rendered":"Concert de Nadal 2017"},"content":{"rendered":"<p>Els propers dies 19 i 20 de desembre a les 15:00 h. tindr\u00e0 lloc el concert de Nadal de l&#8217;escola al Teatre Municipal. Per tal de respectar la normativa d&#8217;aforament del teatre, a fi de no sobrepassar aquest aforament i per tal de garantir que totes les fam\u00edlies hi puguin accedir, enguany repartirem entrades des de l&#8217;escola.<\/p>\n<p>Els dies 11, 12 i 13 de desembre poden passar per la secretaria del centre a recollir dos entrades per fam\u00edlia. Si no passen a recollir-les entenem que no assistiran al concert.<\/p>\n<p>A les fam\u00edlies desl alumnes dels grups A, des de P3A fins a 6\u00e8 A, se&#8217;ls lliurar\u00e0 l&#8217;entrada pel dimarts 19, a les fam\u00edlies dels alumnes dels grups B, des de P3 fins a 6\u00e8 B se&#8217;ls lliurar\u00e0 les entrades per dimecres 20.<\/p>\n<p>En el cas que una fam\u00edlia tingui germans que actuen en dos dies diferents, se&#8217;ls donar\u00e0 entrades pels dos dies.<\/p>\n<p>Els dies 14 i 15 de desembre, es repartiran la resta d&#8217;entrades sobrants. Les fam\u00edlies que ho desitgin podran recollir a la secretaria de l&#8217;esola una altra entrada que s&#8217;adjudicar\u00e0 per rigor\u00f3s ordre de demanda.<\/p>\n<p>Les entrades no es donaran als nens i nenes. De cap manera es podr\u00e0 accedir al teatre sense entrada.<\/p>\n<p><img loading=\"lazy\" decoding=\"async\" class=\"aligncenter size-large wp-image-2205\" src=\"http:\/\/agora.xtec.cat\/escgaspardeportola\/wp-content\/uploads\/usu555\/2017\/12\/nadal-724x1024.jpg\" alt=\"\" width=\"724\" height=\"1024\" srcset=\"https:\/\/agora.xtec.cat\/escgaspardeportola\/wp-content\/uploads\/usu555\/2017\/12\/nadal-724x1024.jpg 724w, https:\/\/agora.xtec.cat\/escgaspardeportola\/wp-content\/uploads\/usu555\/2017\/12\/nadal-212x300.jpg 212w, https:\/\/agora.xtec.cat\/escgaspardeportola\/wp-content\/uploads\/usu555\/2017\/12\/nadal-768x1086.jpg 768w, https:\/\/agora.xtec.cat\/escgaspardeportola\/wp-content\/uploads\/usu555\/2017\/12\/nadal.jpg 1588w\" sizes=\"auto, (max-width: 724px) 100vw, 724px\" \/><\/p>\n","protected":false},"excerpt":{"rendered":"<p>Els propers dies 19 i 20 de desembre a les 15:00 h. tindr\u00e0 lloc el concert de Nadal de l&#8217;escola al Teatre Municipal. Per tal de respectar la normativa d&#8217;aforament del teatre, a fi de no sobrepassar aquest aforament i per tal de garantir que totes les fam\u00edlies hi puguin accedir, enguany repartirem entrades des [&hellip;]<\/p>\n","protected":false},"author":1,"featured_media":0,"comment_status":"closed","ping_status":"closed","sticky":false,"template":"","format":"standard","meta":{"_bbp_topic_count":0,"_bbp_reply_count":0,"_bbp_total_topic_count":0,"_bbp_total_reply_count":0,"_bbp_voice_count":0,"_bbp_anonymous_reply_count":0,"_bbp_topic_count_hidden":0,"_bbp_reply_count_hidden":0,"_bbp_forum_subforum_count":0,"site-sidebar-layout":"default","site-content-layout":"","ast-site-content-layout":"","site-content-style":"default","site-sidebar-style":"default","ast-global-header-display":"","ast-banner-title-visibility":"","ast-main-header-display":"","ast-hfb-above-header-display":"","ast-hfb-below-header-display":"","ast-hfb-mobile-header-display":"","site-post-title":"","ast-breadcrumbs-content":"","ast-featured-img":"","footer-sml-layout":"","theme-transparent-header-meta":"","adv-header-id-meta":"","stick-header-meta":"","header-above-stick-meta":"","header-main-stick-meta":"","header-below-stick-meta":"","astra-migrate-meta-layouts":"default","ast-page-background-enabled":"default","ast-page-background-meta":{"desktop":{"background-color":"var(--ast-global-color-4)","background-image":"","background-repeat":"repeat","background-position":"center center","background-size":"auto","background-attachment":"scroll","background-type":"","background-media":"","overlay-type":"","overlay-color":"","overlay-opacity":"","overlay-gradient":""},"tablet":{"background-color":"","background-image":"","background-repeat":"repeat","background-position":"center center","background-size":"auto","background-attachment":"scroll","background-type":"","background-media":"","overlay-type":"","overlay-color":"","overlay-opacity":"","overlay-gradient":""},"mobile":{"background-color":"","background-image":"","background-repeat":"repeat","background-position":"center center","background-size":"auto","background-attachment":"scroll","background-type":"","background-media":"","overlay-type":"","overlay-color":"","overlay-opacity":"","overlay-gradient":""}},"ast-content-background-meta":{"desktop":{"background-color":"var(--ast-global-color-5)","background-image":"","background-repeat":"repeat","background-position":"center center","background-size":"auto","background-attachment":"scroll","background-type":"","background-media":"","overlay-type":"","overlay-color":"","overlay-opacity":"","overlay-gradient":""},"tablet":{"background-color":"var(--ast-global-color-5)","background-image":"","background-repeat":"repeat","background-position":"center center","background-size":"auto","background-attachment":"scroll","background-type":"","background-media":"","overlay-type":"","overlay-color":"","overlay-opacity":"","overlay-gradient":""},"mobile":{"background-color":"var(--ast-global-color-5)","background-image":"","background-repeat":"repeat","background-position":"center center","background-size":"auto","background-attachment":"scroll","background-type":"","background-media":"","overlay-type":"","overlay-color":"","overlay-opacity":"","overlay-gradient":""}},"footnotes":""},"categories":[4],"tags":[188,187],"class_list":["post-2204","post","type-post","status-publish","format-standard","hentry","category-portada","tag-concert","tag-nadal"],"post_mailing_queue_ids":[],"_links":{"self":[{"href":"https:\/\/agora.xtec.cat\/escgaspardeportola\/wp-json\/wp\/v2\/posts\/2204","targetHints":{"allow":["GET"]}}],"collection":[{"href":"https:\/\/agora.xtec.cat\/escgaspardeportola\/wp-json\/wp\/v2\/posts"}],"about":[{"href":"https:\/\/agora.xtec.cat\/escgaspardeportola\/wp-json\/wp\/v2\/types\/post"}],"author":[{"embeddable":true,"href":"https:\/\/agora.xtec.cat\/escgaspardeportola\/wp-json\/wp\/v2\/users\/1"}],"replies":[{"embeddable":true,"href":"https:\/\/agora.xtec.cat\/escgaspardeportola\/wp-json\/wp\/v2\/comments?post=2204"}],"version-history":[{"count":1,"href":"https:\/\/agora.xtec.cat\/escgaspardeportola\/wp-json\/wp\/v2\/posts\/2204\/revisions"}],"predecessor-version":[{"id":2206,"href":"https:\/\/agora.xtec.cat\/escgaspardeportola\/wp-json\/wp\/v2\/posts\/2204\/revisions\/2206"}],"wp:attachment":[{"href":"https:\/\/agora.xtec.cat\/escgaspardeportola\/wp-json\/wp\/v2\/media?parent=2204"}],"wp:term":[{"taxonomy":"category","embeddable":true,"href":"https:\/\/agora.xtec.cat\/escgaspardeportola\/wp-json\/wp\/v2\/categories?post=2204"},{"taxonomy":"post_tag","embeddable":true,"href":"https:\/\/agora.xtec.cat\/escgaspardeportola\/wp-json\/wp\/v2\/tags?post=2204"}],"curies":[{"name":"wp","href":"https:\/\/api.w.org\/{rel}","templated":true}]}}