{"id":1947,"date":"2017-10-15T11:34:48","date_gmt":"2017-10-15T09:34:48","guid":{"rendered":"http:\/\/agora.xtec.cat\/escgaspardeportola\/?p=1947"},"modified":"2017-10-15T11:34:48","modified_gmt":"2017-10-15T09:34:48","slug":"inscripcions-colonies-centre-esplai","status":"publish","type":"post","link":"https:\/\/agora.xtec.cat\/escgaspardeportola\/portada\/inscripcions-colonies-centre-esplai\/","title":{"rendered":"INSCRIPCIONS COL\u00d2NIES CENTRE ESPLAI"},"content":{"rendered":"<p>\u2605 INSCRIPCIONS COL\u00d2NIES LA CLOSA 2018 \u2605<br \/>\n\u2605 04 NOVEMBRE 2017 \u2605<br \/>\nFam\u00edlies ha arribat el dia de con\u00e8ixer quina ser\u00e0 la casa de col\u00f2nies on viurem la setmana m\u00e9s m\u00e0gica del 2018: LA CLOSA!!! Es troba a la comarca del Berged\u00e0, prop de Castell\u00e0 de N&#8217;hug, al parc natural del Cad\u00ed Moixer\u00f3. I t\u00e9 una peculiaritat: 25 places estan situades a l&#8217;exterior, en tenda de campanya.<br \/>\nPer tal d\u2019adaptar-nos, els joves de 3r i 4t d\u2019ESO acompanyats dels seus monitors\/es viuran l\u2019aventura de dormir en tenda de campanya cada dia de la setmana!! De ben segur aquest valor afegit ens d\u00f3na mil i una situacions divertides per explicar!!<br \/>\nAix\u00ed doncs, ens veiem el dia 4 de novembre per rebre les inscripcions dels infants i joves que vulguin venir a La Closa!<br \/>\nL&#8217;horari ser\u00e0 de 17h a 18h pels nous participants i de 18h a 19h rebrem les inscripcions d&#8217;aquells qui van venir a Can Sol\u00e0 2017. Fins aviat fam\u00edlia!!<\/p>\n<p>Centre Esplai Gaspar de Portol\u00e0<\/p>\n<p><img loading=\"lazy\" decoding=\"async\" class=\"alignnone \" src=\"http:\/\/4.bp.blogspot.com\/-sA9HBmXVcZw\/TpM8j_7HEFI\/AAAAAAAAAGc\/uKwGxfbt-lc\/s1600\/ceGasparDePortola.jpg\" width=\"489\" height=\"239\" \/><\/p>\n","protected":false},"excerpt":{"rendered":"<p>\u2605 INSCRIPCIONS COL\u00d2NIES LA CLOSA 2018 \u2605 \u2605 04 NOVEMBRE 2017 \u2605 Fam\u00edlies ha arribat el dia de con\u00e8ixer quina ser\u00e0 la casa de col\u00f2nies on viurem la setmana m\u00e9s m\u00e0gica del 2018: LA CLOSA!!! Es troba a la comarca del Berged\u00e0, prop de Castell\u00e0 de N&#8217;hug, al parc natural del Cad\u00ed Moixer\u00f3. I t\u00e9 [&hellip;]<\/p>\n","protected":false},"author":1,"featured_media":1948,"comment_status":"closed","ping_status":"closed","sticky":false,"template":"","format":"standard","meta":{"_bbp_topic_count":0,"_bbp_reply_count":0,"_bbp_total_topic_count":0,"_bbp_total_reply_count":0,"_bbp_voice_count":0,"_bbp_anonymous_reply_count":0,"_bbp_topic_count_hidden":0,"_bbp_reply_count_hidden":0,"_bbp_forum_subforum_count":0,"site-sidebar-layout":"default","site-content-layout":"","ast-site-content-layout":"","site-content-style":"default","site-sidebar-style":"default","ast-global-header-display":"","ast-banner-title-visibility":"","ast-main-header-display":"","ast-hfb-above-header-display":"","ast-hfb-below-header-display":"","ast-hfb-mobile-header-display":"","site-post-title":"","ast-breadcrumbs-content":"","ast-featured-img":"","footer-sml-layout":"","theme-transparent-header-meta":"","adv-header-id-meta":"","stick-header-meta":"","header-above-stick-meta":"","header-main-stick-meta":"","header-below-stick-meta":"","astra-migrate-meta-layouts":"default","ast-page-background-enabled":"default","ast-page-background-meta":{"desktop":{"background-color":"var(--ast-global-color-4)","background-image":"","background-repeat":"repeat","background-position":"center center","background-size":"auto","background-attachment":"scroll","background-type":"","background-media":"","overlay-type":"","overlay-color":"","overlay-opacity":"","overlay-gradient":""},"tablet":{"background-color":"","background-image":"","background-repeat":"repeat","background-position":"center center","background-size":"auto","background-attachment":"scroll","background-type":"","background-media":"","overlay-type":"","overlay-color":"","overlay-opacity":"","overlay-gradient":""},"mobile":{"background-color":"","background-image":"","background-repeat":"repeat","background-position":"center center","background-size":"auto","background-attachment":"scroll","background-type":"","background-media":"","overlay-type":"","overlay-color":"","overlay-opacity":"","overlay-gradient":""}},"ast-content-background-meta":{"desktop":{"background-color":"var(--ast-global-color-5)","background-image":"","background-repeat":"repeat","background-position":"center center","background-size":"auto","background-attachment":"scroll","background-type":"","background-media":"","overlay-type":"","overlay-color":"","overlay-opacity":"","overlay-gradient":""},"tablet":{"background-color":"var(--ast-global-color-5)","background-image":"","background-repeat":"repeat","background-position":"center center","background-size":"auto","background-attachment":"scroll","background-type":"","background-media":"","overlay-type":"","overlay-color":"","overlay-opacity":"","overlay-gradient":""},"mobile":{"background-color":"var(--ast-global-color-5)","background-image":"","background-repeat":"repeat","background-position":"center center","background-size":"auto","background-attachment":"scroll","background-type":"","background-media":"","overlay-type":"","overlay-color":"","overlay-opacity":"","overlay-gradient":""}},"footnotes":""},"categories":[4],"tags":[],"class_list":["post-1947","post","type-post","status-publish","format-standard","has-post-thumbnail","hentry","category-portada"],"post_mailing_queue_ids":[],"_links":{"self":[{"href":"https:\/\/agora.xtec.cat\/escgaspardeportola\/wp-json\/wp\/v2\/posts\/1947","targetHints":{"allow":["GET"]}}],"collection":[{"href":"https:\/\/agora.xtec.cat\/escgaspardeportola\/wp-json\/wp\/v2\/posts"}],"about":[{"href":"https:\/\/agora.xtec.cat\/escgaspardeportola\/wp-json\/wp\/v2\/types\/post"}],"author":[{"embeddable":true,"href":"https:\/\/agora.xtec.cat\/escgaspardeportola\/wp-json\/wp\/v2\/users\/1"}],"replies":[{"embeddable":true,"href":"https:\/\/agora.xtec.cat\/escgaspardeportola\/wp-json\/wp\/v2\/comments?post=1947"}],"version-history":[{"count":1,"href":"https:\/\/agora.xtec.cat\/escgaspardeportola\/wp-json\/wp\/v2\/posts\/1947\/revisions"}],"predecessor-version":[{"id":1949,"href":"https:\/\/agora.xtec.cat\/escgaspardeportola\/wp-json\/wp\/v2\/posts\/1947\/revisions\/1949"}],"wp:featuredmedia":[{"embeddable":true,"href":"https:\/\/agora.xtec.cat\/escgaspardeportola\/wp-json\/wp\/v2\/media\/1948"}],"wp:attachment":[{"href":"https:\/\/agora.xtec.cat\/escgaspardeportola\/wp-json\/wp\/v2\/media?parent=1947"}],"wp:term":[{"taxonomy":"category","embeddable":true,"href":"https:\/\/agora.xtec.cat\/escgaspardeportola\/wp-json\/wp\/v2\/categories?post=1947"},{"taxonomy":"post_tag","embeddable":true,"href":"https:\/\/agora.xtec.cat\/escgaspardeportola\/wp-json\/wp\/v2\/tags?post=1947"}],"curies":[{"name":"wp","href":"https:\/\/api.w.org\/{rel}","templated":true}]}}