{"id":1872,"date":"2017-09-13T22:53:15","date_gmt":"2017-09-13T20:53:15","guid":{"rendered":"http:\/\/agora.xtec.cat\/escgaspardeportola\/?p=1872"},"modified":"2017-09-13T22:53:15","modified_gmt":"2017-09-13T20:53:15","slug":"benvinguts-al-nou-curs-escolar-2017-18","status":"publish","type":"post","link":"https:\/\/agora.xtec.cat\/escgaspardeportola\/portada\/benvinguts-al-nou-curs-escolar-2017-18\/","title":{"rendered":"Benvinguts al nou curs escolar 2017-18"},"content":{"rendered":"<p>Benvolgudes fam\u00edlies,<\/p>\n<p>Des de l\u2019escola Gaspar de Portol\u00e0 volem donar-vos la benvinguda al nou curs escolar 2017-2018. Un curs on s\u00f3n molts els reptes educatius\u00a0 plantejats a fi d&#8217;aconseguir els millors \u00e8xits educatius dels\u00a0 vostres fills i filles. Estem molt il\u00b7lusionats i esperem tamb\u00e9 la vostra col\u00b7laboraci\u00f3 i implicaci\u00f3; nom\u00e9s aix\u00ed aconseguirem els millors resultats desitjats.<\/p>\n<p>Us avancem les dates de reunions de pares a fi de tenir un primer contacte i informar-vos de la din\u00e0mica i funcionament dels diferents nivells per part de l\u2019equip de mestres de cada cicle i dels projectes previstos d\u2019aplicar aquest curs per part de l\u2019equip directiu del centre. Donada la import\u00e0ncia dels temes a tractar esperem la vostra assist\u00e8ncia.<\/p>\n<p>Salutacions i fins aviat<\/p>\n<p><strong><u>Reunions de pares<\/u><\/strong><strong>:<\/strong><\/p>\n<ul>\n<li><strong>P3-P4-P5: <\/strong>dia 27\/09\/17 a les 16:40 h.<\/li>\n<li><strong>1r i 2n:<\/strong> dia 26\/09\/17\u00a0 a les\u00a0 16:40 h.<\/li>\n<li><strong>3r i 4rt:<\/strong> \u00a0dia 28\/09\/17\u00a0 a les\u00a0 16:40 h.<\/li>\n<li><strong>5\u00e8 i 6\u00e8:<\/strong> dia 02\/10\/17\u00a0 a les 16:40 h.<\/li>\n<\/ul>\n<p><img loading=\"lazy\" decoding=\"async\" class=\"aligncenter size-full wp-image-1850\" src=\"http:\/\/agora.xtec.cat\/escgaspardeportola\/wp-content\/uploads\/usu555\/2014\/09\/Benvinguts.png\" alt=\"\" width=\"317\" height=\"348\" srcset=\"https:\/\/agora.xtec.cat\/escgaspardeportola\/wp-content\/uploads\/usu555\/2014\/09\/Benvinguts.png 317w, https:\/\/agora.xtec.cat\/escgaspardeportola\/wp-content\/uploads\/usu555\/2014\/09\/Benvinguts-273x300.png 273w\" sizes=\"auto, (max-width: 317px) 100vw, 317px\" \/><\/p>\n","protected":false},"excerpt":{"rendered":"<p>Benvolgudes fam\u00edlies, Des de l\u2019escola Gaspar de Portol\u00e0 volem donar-vos la benvinguda al nou curs escolar 2017-2018. Un curs on s\u00f3n molts els reptes educatius\u00a0 plantejats a fi d&#8217;aconseguir els millors \u00e8xits educatius dels\u00a0 vostres fills i filles. Estem molt il\u00b7lusionats i esperem tamb\u00e9 la vostra col\u00b7laboraci\u00f3 i implicaci\u00f3; nom\u00e9s aix\u00ed aconseguirem els millors resultats [&hellip;]<\/p>\n","protected":false},"author":1,"featured_media":0,"comment_status":"closed","ping_status":"closed","sticky":false,"template":"","format":"standard","meta":{"_bbp_topic_count":0,"_bbp_reply_count":0,"_bbp_total_topic_count":0,"_bbp_total_reply_count":0,"_bbp_voice_count":0,"_bbp_anonymous_reply_count":0,"_bbp_topic_count_hidden":0,"_bbp_reply_count_hidden":0,"_bbp_forum_subforum_count":0,"site-sidebar-layout":"default","site-content-layout":"","ast-site-content-layout":"","site-content-style":"default","site-sidebar-style":"default","ast-global-header-display":"","ast-banner-title-visibility":"","ast-main-header-display":"","ast-hfb-above-header-display":"","ast-hfb-below-header-display":"","ast-hfb-mobile-header-display":"","site-post-title":"","ast-breadcrumbs-content":"","ast-featured-img":"","footer-sml-layout":"","theme-transparent-header-meta":"","adv-header-id-meta":"","stick-header-meta":"","header-above-stick-meta":"","header-main-stick-meta":"","header-below-stick-meta":"","astra-migrate-meta-layouts":"default","ast-page-background-enabled":"default","ast-page-background-meta":{"desktop":{"background-color":"var(--ast-global-color-4)","background-image":"","background-repeat":"repeat","background-position":"center center","background-size":"auto","background-attachment":"scroll","background-type":"","background-media":"","overlay-type":"","overlay-color":"","overlay-opacity":"","overlay-gradient":""},"tablet":{"background-color":"","background-image":"","background-repeat":"repeat","background-position":"center center","background-size":"auto","background-attachment":"scroll","background-type":"","background-media":"","overlay-type":"","overlay-color":"","overlay-opacity":"","overlay-gradient":""},"mobile":{"background-color":"","background-image":"","background-repeat":"repeat","background-position":"center center","background-size":"auto","background-attachment":"scroll","background-type":"","background-media":"","overlay-type":"","overlay-color":"","overlay-opacity":"","overlay-gradient":""}},"ast-content-background-meta":{"desktop":{"background-color":"var(--ast-global-color-5)","background-image":"","background-repeat":"repeat","background-position":"center center","background-size":"auto","background-attachment":"scroll","background-type":"","background-media":"","overlay-type":"","overlay-color":"","overlay-opacity":"","overlay-gradient":""},"tablet":{"background-color":"var(--ast-global-color-5)","background-image":"","background-repeat":"repeat","background-position":"center center","background-size":"auto","background-attachment":"scroll","background-type":"","background-media":"","overlay-type":"","overlay-color":"","overlay-opacity":"","overlay-gradient":""},"mobile":{"background-color":"var(--ast-global-color-5)","background-image":"","background-repeat":"repeat","background-position":"center center","background-size":"auto","background-attachment":"scroll","background-type":"","background-media":"","overlay-type":"","overlay-color":"","overlay-opacity":"","overlay-gradient":""}},"footnotes":""},"categories":[4],"tags":[78,152,153],"class_list":["post-1872","post","type-post","status-publish","format-standard","hentry","category-portada","tag-benvinguts","tag-inici-de-curs","tag-reunio-pares"],"post_mailing_queue_ids":[],"_links":{"self":[{"href":"https:\/\/agora.xtec.cat\/escgaspardeportola\/wp-json\/wp\/v2\/posts\/1872","targetHints":{"allow":["GET"]}}],"collection":[{"href":"https:\/\/agora.xtec.cat\/escgaspardeportola\/wp-json\/wp\/v2\/posts"}],"about":[{"href":"https:\/\/agora.xtec.cat\/escgaspardeportola\/wp-json\/wp\/v2\/types\/post"}],"author":[{"embeddable":true,"href":"https:\/\/agora.xtec.cat\/escgaspardeportola\/wp-json\/wp\/v2\/users\/1"}],"replies":[{"embeddable":true,"href":"https:\/\/agora.xtec.cat\/escgaspardeportola\/wp-json\/wp\/v2\/comments?post=1872"}],"version-history":[{"count":1,"href":"https:\/\/agora.xtec.cat\/escgaspardeportola\/wp-json\/wp\/v2\/posts\/1872\/revisions"}],"predecessor-version":[{"id":1873,"href":"https:\/\/agora.xtec.cat\/escgaspardeportola\/wp-json\/wp\/v2\/posts\/1872\/revisions\/1873"}],"wp:attachment":[{"href":"https:\/\/agora.xtec.cat\/escgaspardeportola\/wp-json\/wp\/v2\/media?parent=1872"}],"wp:term":[{"taxonomy":"category","embeddable":true,"href":"https:\/\/agora.xtec.cat\/escgaspardeportola\/wp-json\/wp\/v2\/categories?post=1872"},{"taxonomy":"post_tag","embeddable":true,"href":"https:\/\/agora.xtec.cat\/escgaspardeportola\/wp-json\/wp\/v2\/tags?post=1872"}],"curies":[{"name":"wp","href":"https:\/\/api.w.org\/{rel}","templated":true}]}}