{"id":1702,"date":"2017-05-05T13:41:31","date_gmt":"2017-05-05T11:41:31","guid":{"rendered":"http:\/\/agora.xtec.cat\/escgaspardeportola\/?p=1702"},"modified":"2017-05-05T13:41:31","modified_gmt":"2017-05-05T11:41:31","slug":"posat-la-gorra-el-bosc-dels-somnis","status":"publish","type":"post","link":"https:\/\/agora.xtec.cat\/escgaspardeportola\/educacioinfantil\/posat-la-gorra-el-bosc-dels-somnis\/","title":{"rendered":"Posa&#8217;t la gorra: El bosc dels somnis"},"content":{"rendered":"<p><span style=\"font-size: medium\">Els propers 6 i 7 de maig tindr\u00e0 lloc una nova edici\u00f3 del Posa&#8217;t la gorra, festa solid\u00e0ria amb el c\u00e0ncer infantil.<\/span><\/p>\n<p><span style=\"font-size: medium\">Un cop m\u00e9s, l&#8217;Escola Gaspar de Portol\u00e0 ens hi hem adherit i en particular, els nens i nenes d&#8217;educaci\u00f3 infantil hem realitzat un m\u00f2bil.<\/span><\/p>\n<p><span style=\"font-size: medium\">Aquest m\u00f2bil, tot seguint la filosofia del RECICLATGE, han pintat oueres de cartr\u00f3 amb els diferents colors de l&#8217;Arc de Sant Mart\u00ed. Oferint una imatge d&#8217;all\u00f2 m\u00e9s vist\u00f2sa i atractiva.<\/span><\/p>\n<p><span style=\"font-size: medium\">El podeu anar a veure a l&#8217;Estaci\u00f3 d&#8217;Autobusos de Balaguer durant els dies 6 i 7 de Maig.<\/span><\/p>\n<p><img decoding=\"async\" src=\"https:\/\/lh3.googleusercontent.com\/cmjNzNQLH8PaDhWBF3kGrCxK-d9Q6IhR5gUMa-FAxi6lrhE_6VnqpHaPZVO7KDLA5h9KeT2U4vrlkr_MDlQGGCif3NX9z3uFOgGWkvpUC4Qlo2M9PxJh6xSu0WAI2un5feHmPe3WwjhR5we-0S7iaHhRijn-5iS46ooiByUV-ea4-9lvtb6Asl4AscKQJrjBOYyrP1BFSt8g-bu0WaHAsGcYJvXX1CtAMAvRG7O52RJIdnYhD4T4JmDBtRpyq80sSa9tar0eCeDULPqYkC6x6t7e3_YDXuD7jmx8V3ulCFoAYx9nLEDT8CRyNstf-ekVVybC78-HhuuwWw1Jb6p5H1kWLiiDvH4mHGlEuQ9MO46ccQA968Av1ww7-yoYkrFxKs8QzI3WUKAEru-ls7dExNOKfXexrfCDESHF1sfpX4K4r04vV64xtO9K3FoIJt7r5B7wG76d4cgkii858rf5KUhXaqwCSmPOKGRklBwo9WmJ_BWzKEjj4PKnOVJT3RzvPOgzUXh0Eokuct_VqRzw8lYjvZGKg4uzUOTugcDJlEnXdRo5VJDxnHJznm8uCLklYLyhBiKPuYX2TXHGEd7kkvtRJ_7sdSU2wRrqYD62kfw3fkR5zjQyiaLoKqeZG_ANQw4YbhbixN_klsx3MpBoKR8lWWICscotnRaYpMf4HtY=w399-h600-no\" \/><\/p>\n<p><img decoding=\"async\" src=\"https:\/\/lh3.googleusercontent.com\/N_mVW5XYd8ZIaTxny-LKaqXh6qI1RXsJM_so6nd_Xcw8cg32lNSjZa6Px6AdXJ4G-CbyzZ_P_1GJwOCu4_tdVFeQbJXtkG4IhqEmjw3N6NWm2cVxAhsE69kiEx_7l_cX09GbpW7JMalIA48hXXF_yX2Ghi9F9oQf6LG-oS5S2uYnL2uRbmJ4lAuLWlsl72JjRgf94JlYT709H4KewKMW77ec75H3xbCzCHhxVqxoGzk-3PSobW4sfkRVSSh6LGiXBpDsBOKmE8mYdGacNm-QGLVONXD4vXmOV7McpAo3V2y3KhnE3-x0s3cLyDDGg9obTtqnL7RoGB4YWssQJ2gvIduEUd7jA4kknbvKeD8CZF4jm4GgiTvmphaxNEfCRKrbFClBpK1WcFsTsUzUdjIxmvYnDwjGiQeCY5WgFyG6xulekchyn_vqpDUvQrKt6wEQ35TduPGrD8OwTAJnJuyyuEIdVo7dXkfaQhzrOV6EMgHISRur-OADYQ6-NJXOQJsrwyv3xAUuoXuWQO5zMxcBDCAgGLc9tvX4sZLUkHzSHoY48P4tMmGku5qMoTSVK2PFSBQPggcxNBO4j4iGsW_Kx5W4kl4EQLJQOdkWEgD-NM6KlY-jYzC202LYf3_r1GGGFlQ9xXIukh_On6EQ8rnH3mkMqqbfN0ODuxoTD0uiT1E=w399-h600-no\" \/><\/p>\n","protected":false},"excerpt":{"rendered":"<p>Els propers 6 i 7 de maig tindr\u00e0 lloc una nova edici\u00f3 del Posa&#8217;t la gorra, festa solid\u00e0ria amb el c\u00e0ncer infantil. Un cop m\u00e9s, l&#8217;Escola Gaspar de Portol\u00e0 ens hi hem adherit i en particular, els nens i nenes d&#8217;educaci\u00f3 infantil hem realitzat un m\u00f2bil. Aquest m\u00f2bil, tot seguint la filosofia del RECICLATGE, han [&hellip;]<\/p>\n","protected":false},"author":1,"featured_media":0,"comment_status":"closed","ping_status":"open","sticky":false,"template":"","format":"standard","meta":{"_bbp_topic_count":0,"_bbp_reply_count":0,"_bbp_total_topic_count":0,"_bbp_total_reply_count":0,"_bbp_voice_count":0,"_bbp_anonymous_reply_count":0,"_bbp_topic_count_hidden":0,"_bbp_reply_count_hidden":0,"_bbp_forum_subforum_count":0,"site-sidebar-layout":"default","site-content-layout":"","ast-site-content-layout":"","site-content-style":"default","site-sidebar-style":"default","ast-global-header-display":"","ast-banner-title-visibility":"","ast-main-header-display":"","ast-hfb-above-header-display":"","ast-hfb-below-header-display":"","ast-hfb-mobile-header-display":"","site-post-title":"","ast-breadcrumbs-content":"","ast-featured-img":"","footer-sml-layout":"","theme-transparent-header-meta":"","adv-header-id-meta":"","stick-header-meta":"","header-above-stick-meta":"","header-main-stick-meta":"","header-below-stick-meta":"","astra-migrate-meta-layouts":"default","ast-page-background-enabled":"default","ast-page-background-meta":{"desktop":{"background-color":"var(--ast-global-color-4)","background-image":"","background-repeat":"repeat","background-position":"center center","background-size":"auto","background-attachment":"scroll","background-type":"","background-media":"","overlay-type":"","overlay-color":"","overlay-opacity":"","overlay-gradient":""},"tablet":{"background-color":"","background-image":"","background-repeat":"repeat","background-position":"center center","background-size":"auto","background-attachment":"scroll","background-type":"","background-media":"","overlay-type":"","overlay-color":"","overlay-opacity":"","overlay-gradient":""},"mobile":{"background-color":"","background-image":"","background-repeat":"repeat","background-position":"center center","background-size":"auto","background-attachment":"scroll","background-type":"","background-media":"","overlay-type":"","overlay-color":"","overlay-opacity":"","overlay-gradient":""}},"ast-content-background-meta":{"desktop":{"background-color":"var(--ast-global-color-5)","background-image":"","background-repeat":"repeat","background-position":"center center","background-size":"auto","background-attachment":"scroll","background-type":"","background-media":"","overlay-type":"","overlay-color":"","overlay-opacity":"","overlay-gradient":""},"tablet":{"background-color":"var(--ast-global-color-5)","background-image":"","background-repeat":"repeat","background-position":"center center","background-size":"auto","background-attachment":"scroll","background-type":"","background-media":"","overlay-type":"","overlay-color":"","overlay-opacity":"","overlay-gradient":""},"mobile":{"background-color":"var(--ast-global-color-5)","background-image":"","background-repeat":"repeat","background-position":"center center","background-size":"auto","background-attachment":"scroll","background-type":"","background-media":"","overlay-type":"","overlay-color":"","overlay-opacity":"","overlay-gradient":""}},"footnotes":""},"categories":[64],"tags":[],"class_list":["post-1702","post","type-post","status-publish","format-standard","hentry","category-educacioinfantil"],"post_mailing_queue_ids":[],"_links":{"self":[{"href":"https:\/\/agora.xtec.cat\/escgaspardeportola\/wp-json\/wp\/v2\/posts\/1702","targetHints":{"allow":["GET"]}}],"collection":[{"href":"https:\/\/agora.xtec.cat\/escgaspardeportola\/wp-json\/wp\/v2\/posts"}],"about":[{"href":"https:\/\/agora.xtec.cat\/escgaspardeportola\/wp-json\/wp\/v2\/types\/post"}],"author":[{"embeddable":true,"href":"https:\/\/agora.xtec.cat\/escgaspardeportola\/wp-json\/wp\/v2\/users\/1"}],"replies":[{"embeddable":true,"href":"https:\/\/agora.xtec.cat\/escgaspardeportola\/wp-json\/wp\/v2\/comments?post=1702"}],"version-history":[{"count":1,"href":"https:\/\/agora.xtec.cat\/escgaspardeportola\/wp-json\/wp\/v2\/posts\/1702\/revisions"}],"predecessor-version":[{"id":1703,"href":"https:\/\/agora.xtec.cat\/escgaspardeportola\/wp-json\/wp\/v2\/posts\/1702\/revisions\/1703"}],"wp:attachment":[{"href":"https:\/\/agora.xtec.cat\/escgaspardeportola\/wp-json\/wp\/v2\/media?parent=1702"}],"wp:term":[{"taxonomy":"category","embeddable":true,"href":"https:\/\/agora.xtec.cat\/escgaspardeportola\/wp-json\/wp\/v2\/categories?post=1702"},{"taxonomy":"post_tag","embeddable":true,"href":"https:\/\/agora.xtec.cat\/escgaspardeportola\/wp-json\/wp\/v2\/tags?post=1702"}],"curies":[{"name":"wp","href":"https:\/\/api.w.org\/{rel}","templated":true}]}}