{"id":1355,"date":"2017-02-01T20:15:54","date_gmt":"2017-02-01T19:15:54","guid":{"rendered":"http:\/\/agora.xtec.cat\/escgaspardeportola\/?p=1355"},"modified":"2017-02-01T20:17:09","modified_gmt":"2017-02-01T19:17:09","slug":"nou-bloc-gep-grup-dexperimentacio-per-al-plurilinguisme","status":"publish","type":"post","link":"https:\/\/agora.xtec.cat\/escgaspardeportola\/portada\/nou-bloc-gep-grup-dexperimentacio-per-al-plurilinguisme\/","title":{"rendered":"Nou bloc GEP (Grup d&#8217;experimentaci\u00f3 per al pluriling\u00fcisme)"},"content":{"rendered":"<p>L\u2019Escola Gaspar de Portol\u00e0 \u00a0amb l\u2019objectiu de millorar la compet\u00e8ncia ling\u00fc\u00edstica pluriling\u00fce, participem durant els dos propers cursos, 2016-2017 i 2017-2018, en un <strong>Programa GEP<\/strong> (Grups d\u2019Experimentaci\u00f3 Pluriling\u00fces) que organitza el Departament d\u2019Ensenyament i que ens ha seleccionat per dur-lo a terme. Aquest suposar\u00e0 un increment de l\u2019\u00fas de les lleng\u00fces, sobretot de l\u2019anglesa, en \u00e0rees no ling\u00fc\u00edstiques( visual i pl\u00e0stica, coneixement del medi social i natural, treballs interdisciplinars,\u2026).S\u2019aplicar\u00e0 als nivells de cicle mitj\u00e0 i cicle superior. Dues profesores del centre, especialistes de llengua anglesa,han fet i faran formaci\u00f3 durant aquests\u00a0 dos cursos a fi d\u2019aplicar el programa, millorar la compet\u00e8ncia comunicativa\u00a0 i fer la difusi\u00f3 corresponent de les pr\u00e0ctiques i activitats realitzades pels alumnes.<\/p>\n<p>Al web de l\u2019escola (<a href=\"http:\/\/agora.xtec.cat\/escgaspardeportola\/categoria\/gep\/\">bloc GEP<\/a>) \u00a0anirem informant de les diferents actuacions que implementem al llarg d\u2019aquest i d\u2019altres cursos envers aquest programa.<\/p>\n<p><img loading=\"lazy\" decoding=\"async\" class=\"aligncenter wp-image-1356\" src=\"http:\/\/agora.xtec.cat\/escgaspardeportola\/wp-content\/uploads\/usu555\/2017\/02\/GEP.png\" alt=\"gep\" width=\"285\" height=\"285\" srcset=\"https:\/\/agora.xtec.cat\/escgaspardeportola\/wp-content\/uploads\/usu555\/2017\/02\/GEP.png 800w, https:\/\/agora.xtec.cat\/escgaspardeportola\/wp-content\/uploads\/usu555\/2017\/02\/GEP-300x300.png 300w, https:\/\/agora.xtec.cat\/escgaspardeportola\/wp-content\/uploads\/usu555\/2017\/02\/GEP-768x768.png 768w\" sizes=\"auto, (max-width: 285px) 100vw, 285px\" \/><\/p>\n","protected":false},"excerpt":{"rendered":"<p>L\u2019Escola Gaspar de Portol\u00e0 \u00a0amb l\u2019objectiu de millorar la compet\u00e8ncia ling\u00fc\u00edstica pluriling\u00fce, participem durant els dos propers cursos, 2016-2017 i 2017-2018, en un Programa GEP (Grups d\u2019Experimentaci\u00f3 Pluriling\u00fces) que organitza el Departament d\u2019Ensenyament i que ens ha seleccionat per dur-lo a terme. Aquest suposar\u00e0 un increment de l\u2019\u00fas de les lleng\u00fces, sobretot de l\u2019anglesa, en [&hellip;]<\/p>\n","protected":false},"author":1,"featured_media":0,"comment_status":"closed","ping_status":"open","sticky":false,"template":"","format":"standard","meta":{"_bbp_topic_count":0,"_bbp_reply_count":0,"_bbp_total_topic_count":0,"_bbp_total_reply_count":0,"_bbp_voice_count":0,"_bbp_anonymous_reply_count":0,"_bbp_topic_count_hidden":0,"_bbp_reply_count_hidden":0,"_bbp_forum_subforum_count":0,"site-sidebar-layout":"default","site-content-layout":"","ast-site-content-layout":"","site-content-style":"default","site-sidebar-style":"default","ast-global-header-display":"","ast-banner-title-visibility":"","ast-main-header-display":"","ast-hfb-above-header-display":"","ast-hfb-below-header-display":"","ast-hfb-mobile-header-display":"","site-post-title":"","ast-breadcrumbs-content":"","ast-featured-img":"","footer-sml-layout":"","theme-transparent-header-meta":"","adv-header-id-meta":"","stick-header-meta":"","header-above-stick-meta":"","header-main-stick-meta":"","header-below-stick-meta":"","astra-migrate-meta-layouts":"default","ast-page-background-enabled":"default","ast-page-background-meta":{"desktop":{"background-color":"var(--ast-global-color-4)","background-image":"","background-repeat":"repeat","background-position":"center center","background-size":"auto","background-attachment":"scroll","background-type":"","background-media":"","overlay-type":"","overlay-color":"","overlay-opacity":"","overlay-gradient":""},"tablet":{"background-color":"","background-image":"","background-repeat":"repeat","background-position":"center center","background-size":"auto","background-attachment":"scroll","background-type":"","background-media":"","overlay-type":"","overlay-color":"","overlay-opacity":"","overlay-gradient":""},"mobile":{"background-color":"","background-image":"","background-repeat":"repeat","background-position":"center center","background-size":"auto","background-attachment":"scroll","background-type":"","background-media":"","overlay-type":"","overlay-color":"","overlay-opacity":"","overlay-gradient":""}},"ast-content-background-meta":{"desktop":{"background-color":"var(--ast-global-color-5)","background-image":"","background-repeat":"repeat","background-position":"center center","background-size":"auto","background-attachment":"scroll","background-type":"","background-media":"","overlay-type":"","overlay-color":"","overlay-opacity":"","overlay-gradient":""},"tablet":{"background-color":"var(--ast-global-color-5)","background-image":"","background-repeat":"repeat","background-position":"center center","background-size":"auto","background-attachment":"scroll","background-type":"","background-media":"","overlay-type":"","overlay-color":"","overlay-opacity":"","overlay-gradient":""},"mobile":{"background-color":"var(--ast-global-color-5)","background-image":"","background-repeat":"repeat","background-position":"center center","background-size":"auto","background-attachment":"scroll","background-type":"","background-media":"","overlay-type":"","overlay-color":"","overlay-opacity":"","overlay-gradient":""}},"footnotes":""},"categories":[132,4],"tags":[133,134],"class_list":["post-1355","post","type-post","status-publish","format-standard","hentry","category-gep","category-portada","tag-gep","tag-plurilinguisme"],"post_mailing_queue_ids":[],"_links":{"self":[{"href":"https:\/\/agora.xtec.cat\/escgaspardeportola\/wp-json\/wp\/v2\/posts\/1355","targetHints":{"allow":["GET"]}}],"collection":[{"href":"https:\/\/agora.xtec.cat\/escgaspardeportola\/wp-json\/wp\/v2\/posts"}],"about":[{"href":"https:\/\/agora.xtec.cat\/escgaspardeportola\/wp-json\/wp\/v2\/types\/post"}],"author":[{"embeddable":true,"href":"https:\/\/agora.xtec.cat\/escgaspardeportola\/wp-json\/wp\/v2\/users\/1"}],"replies":[{"embeddable":true,"href":"https:\/\/agora.xtec.cat\/escgaspardeportola\/wp-json\/wp\/v2\/comments?post=1355"}],"version-history":[{"count":2,"href":"https:\/\/agora.xtec.cat\/escgaspardeportola\/wp-json\/wp\/v2\/posts\/1355\/revisions"}],"predecessor-version":[{"id":1358,"href":"https:\/\/agora.xtec.cat\/escgaspardeportola\/wp-json\/wp\/v2\/posts\/1355\/revisions\/1358"}],"wp:attachment":[{"href":"https:\/\/agora.xtec.cat\/escgaspardeportola\/wp-json\/wp\/v2\/media?parent=1355"}],"wp:term":[{"taxonomy":"category","embeddable":true,"href":"https:\/\/agora.xtec.cat\/escgaspardeportola\/wp-json\/wp\/v2\/categories?post=1355"},{"taxonomy":"post_tag","embeddable":true,"href":"https:\/\/agora.xtec.cat\/escgaspardeportola\/wp-json\/wp\/v2\/tags?post=1355"}],"curies":[{"name":"wp","href":"https:\/\/api.w.org\/{rel}","templated":true}]}}