{"id":1252,"date":"2016-12-15T13:58:25","date_gmt":"2016-12-15T12:58:25","guid":{"rendered":"http:\/\/agora.xtec.cat\/escgaspardeportola\/?p=1252"},"modified":"2016-12-18T11:33:55","modified_gmt":"2016-12-18T10:33:55","slug":"lescola-de-gaspar-amb-la-marato-de-tv","status":"publish","type":"post","link":"https:\/\/agora.xtec.cat\/escgaspardeportola\/portada\/lescola-de-gaspar-amb-la-marato-de-tv\/","title":{"rendered":"L&#8217;Escola de Gaspar amb la Marat\u00f3 de TV"},"content":{"rendered":"<p>Dimecres 14 l&#8217;escola de Gaspar es va unir en els actes que es celebren a favor de la Marat\u00f3 de TV3. Aquest any va adre\u00e7ada a l&#8217;ictus i les lesions medul\u00b7lar i cerebrals traum\u00e0tiques.<\/p>\n<p>L&#8217;AMPA va organitzar un seguit d&#8217;actes per commemorar el 25\u00e8 aniversari de la Marat\u00f3, on alumnes i professors van realitzar un mosaic on es podia veure el n\u00famero 25. Seguidament, dues exalumnes de l&#8217;escola Cl\u00e0udia i Andrea ens van fer ballar tota la tarda per una bona causa. Gr\u00e0cies a tots per participar-hi.<\/p>\n<p><a href=\"http:\/\/ampagaspar.blogspot.com.es\/2016\/12\/la-marato-de-tv3-2016-lescola.html\">M\u00e9s informaci\u00f3 <\/a><\/p>\n<p><a href=\"http:\/\/www.balaguer..tv\/gaspar-de-portola-fa-un-mural-per-la-marato\/\">http:\/\/www.balaguer.tv\/gaspar-de-portola-fa-un-mural-per-la-marato\/<\/a><\/p>\n<p><iframe loading=\"lazy\" src=\"https:\/\/www.youtube.com\/embed\/Wg_JPG7ON_U\" width=\"560\" height=\"315\" frameborder=\"0\" allowfullscreen=\"allowfullscreen\"><\/iframe><\/p>\n","protected":false},"excerpt":{"rendered":"<p>Dimecres 14 l&#8217;escola de Gaspar es va unir en els actes que es celebren a favor de la Marat\u00f3 de TV3. Aquest any va adre\u00e7ada a l&#8217;ictus i les lesions medul\u00b7lar i cerebrals traum\u00e0tiques. L&#8217;AMPA va organitzar un seguit d&#8217;actes per commemorar el 25\u00e8 aniversari de la Marat\u00f3, on alumnes i professors van realitzar un [&hellip;]<\/p>\n","protected":false},"author":1,"featured_media":1253,"comment_status":"closed","ping_status":"open","sticky":false,"template":"","format":"standard","meta":{"_bbp_topic_count":0,"_bbp_reply_count":0,"_bbp_total_topic_count":0,"_bbp_total_reply_count":0,"_bbp_voice_count":0,"_bbp_anonymous_reply_count":0,"_bbp_topic_count_hidden":0,"_bbp_reply_count_hidden":0,"_bbp_forum_subforum_count":0,"site-sidebar-layout":"default","site-content-layout":"","ast-site-content-layout":"","site-content-style":"default","site-sidebar-style":"default","ast-global-header-display":"","ast-banner-title-visibility":"","ast-main-header-display":"","ast-hfb-above-header-display":"","ast-hfb-below-header-display":"","ast-hfb-mobile-header-display":"","site-post-title":"","ast-breadcrumbs-content":"","ast-featured-img":"","footer-sml-layout":"","theme-transparent-header-meta":"","adv-header-id-meta":"","stick-header-meta":"","header-above-stick-meta":"","header-main-stick-meta":"","header-below-stick-meta":"","astra-migrate-meta-layouts":"default","ast-page-background-enabled":"default","ast-page-background-meta":{"desktop":{"background-color":"var(--ast-global-color-4)","background-image":"","background-repeat":"repeat","background-position":"center center","background-size":"auto","background-attachment":"scroll","background-type":"","background-media":"","overlay-type":"","overlay-color":"","overlay-opacity":"","overlay-gradient":""},"tablet":{"background-color":"","background-image":"","background-repeat":"repeat","background-position":"center center","background-size":"auto","background-attachment":"scroll","background-type":"","background-media":"","overlay-type":"","overlay-color":"","overlay-opacity":"","overlay-gradient":""},"mobile":{"background-color":"","background-image":"","background-repeat":"repeat","background-position":"center center","background-size":"auto","background-attachment":"scroll","background-type":"","background-media":"","overlay-type":"","overlay-color":"","overlay-opacity":"","overlay-gradient":""}},"ast-content-background-meta":{"desktop":{"background-color":"var(--ast-global-color-5)","background-image":"","background-repeat":"repeat","background-position":"center center","background-size":"auto","background-attachment":"scroll","background-type":"","background-media":"","overlay-type":"","overlay-color":"","overlay-opacity":"","overlay-gradient":""},"tablet":{"background-color":"var(--ast-global-color-5)","background-image":"","background-repeat":"repeat","background-position":"center center","background-size":"auto","background-attachment":"scroll","background-type":"","background-media":"","overlay-type":"","overlay-color":"","overlay-opacity":"","overlay-gradient":""},"mobile":{"background-color":"var(--ast-global-color-5)","background-image":"","background-repeat":"repeat","background-position":"center center","background-size":"auto","background-attachment":"scroll","background-type":"","background-media":"","overlay-type":"","overlay-color":"","overlay-opacity":"","overlay-gradient":""}},"footnotes":""},"categories":[4],"tags":[121,122,120,119],"class_list":["post-1252","post","type-post","status-publish","format-standard","has-post-thumbnail","hentry","category-portada","tag-aerobic","tag-ampa","tag-ictus","tag-marato-de-tv"],"post_mailing_queue_ids":[],"_links":{"self":[{"href":"https:\/\/agora.xtec.cat\/escgaspardeportola\/wp-json\/wp\/v2\/posts\/1252","targetHints":{"allow":["GET"]}}],"collection":[{"href":"https:\/\/agora.xtec.cat\/escgaspardeportola\/wp-json\/wp\/v2\/posts"}],"about":[{"href":"https:\/\/agora.xtec.cat\/escgaspardeportola\/wp-json\/wp\/v2\/types\/post"}],"author":[{"embeddable":true,"href":"https:\/\/agora.xtec.cat\/escgaspardeportola\/wp-json\/wp\/v2\/users\/1"}],"replies":[{"embeddable":true,"href":"https:\/\/agora.xtec.cat\/escgaspardeportola\/wp-json\/wp\/v2\/comments?post=1252"}],"version-history":[{"count":3,"href":"https:\/\/agora.xtec.cat\/escgaspardeportola\/wp-json\/wp\/v2\/posts\/1252\/revisions"}],"predecessor-version":[{"id":1265,"href":"https:\/\/agora.xtec.cat\/escgaspardeportola\/wp-json\/wp\/v2\/posts\/1252\/revisions\/1265"}],"wp:featuredmedia":[{"embeddable":true,"href":"https:\/\/agora.xtec.cat\/escgaspardeportola\/wp-json\/wp\/v2\/media\/1253"}],"wp:attachment":[{"href":"https:\/\/agora.xtec.cat\/escgaspardeportola\/wp-json\/wp\/v2\/media?parent=1252"}],"wp:term":[{"taxonomy":"category","embeddable":true,"href":"https:\/\/agora.xtec.cat\/escgaspardeportola\/wp-json\/wp\/v2\/categories?post=1252"},{"taxonomy":"post_tag","embeddable":true,"href":"https:\/\/agora.xtec.cat\/escgaspardeportola\/wp-json\/wp\/v2\/tags?post=1252"}],"curies":[{"name":"wp","href":"https:\/\/api.w.org\/{rel}","templated":true}]}}