{"id":1168,"date":"2016-11-27T23:51:06","date_gmt":"2016-11-27T22:51:06","guid":{"rendered":"http:\/\/agora.xtec.cat\/escgaspardeportola\/?p=1168"},"modified":"2016-11-27T23:51:06","modified_gmt":"2016-11-27T22:51:06","slug":"nou-bloc-descola-verda","status":"publish","type":"post","link":"https:\/\/agora.xtec.cat\/escgaspardeportola\/portada\/nou-bloc-descola-verda\/","title":{"rendered":"Nou bloc d&#8217;Escola Verda"},"content":{"rendered":"<p>Aquest \u00e9s el segon any que l&#8217;escola est\u00e0 dins la formaci\u00f3 de les escoles verdes. Aquest curs tenim uns objectius per iniciar i millorar que hem d&#8217;aconseguir tots plegats. D&#8217;aqu\u00ed el motiu de la creaci\u00f3 de la comissi\u00f3 per la sostenibilitat.<\/p>\n<p>Feu un cop d&#8217;ull al bloc de l&#8217;<a href=\"http:\/\/agora.xtec.cat\/escgaspardeportola\/categoria\/escola-verda\/\">Escola Verda<\/a>, tota la comunitat educativa hi hem de posar el nostre granet de sorra.<\/p>\n<ul>\n<li class=\"entry-title\"><a title=\"Comissi\u00f3 per la sostenibilitat 2016\" href=\"http:\/\/agora.xtec.cat\/escgaspardeportola\/escola-verda\/comissio-per-la-sostenibilitat-2016\/\" rel=\"bookmark\">Comissi\u00f3 per la sostenibilitat 2016<\/a><\/li>\n<li class=\"entry-title\"><a title=\"Reduir les deixalles de l\u2019esmorzar.\" href=\"http:\/\/agora.xtec.cat\/escgaspardeportola\/escola-verda\/reduir-les-deixalles-de-lesmorzar\/\" rel=\"bookmark\">Reduir les deixalles de l\u2019esmorzar.<\/a><\/li>\n<li class=\"entry-title\"><a title=\"Projecte Hort\" href=\"http:\/\/agora.xtec.cat\/escgaspardeportola\/escola-verda\/projecte-hort\/\" rel=\"bookmark\">Projecte Hort<\/a><\/li>\n<li class=\"entry-title\"><a title=\"Recollida selectiva de deixalles\" href=\"http:\/\/agora.xtec.cat\/escgaspardeportola\/escola-verda\/recollida-selectiva-de-deixalles\/\" rel=\"bookmark\">Recollida selectiva de deixalles<\/a><\/li>\n<\/ul>\n<p class=\"entry-title\"><img loading=\"lazy\" decoding=\"async\" class=\"aligncenter  wp-image-588\" src=\"http:\/\/agora.xtec.cat\/escgaspardeportola\/wp-content\/uploads\/usu555\/2016\/04\/volemserescolaverdagaspar.png\" alt=\"volemserescolaverdagaspar\" width=\"263\" height=\"182\" srcset=\"https:\/\/agora.xtec.cat\/escgaspardeportola\/wp-content\/uploads\/usu555\/2016\/04\/volemserescolaverdagaspar.png 698w, https:\/\/agora.xtec.cat\/escgaspardeportola\/wp-content\/uploads\/usu555\/2016\/04\/volemserescolaverdagaspar-300x208.png 300w\" sizes=\"auto, (max-width: 263px) 100vw, 263px\" \/><\/p>\n","protected":false},"excerpt":{"rendered":"<p>Aquest \u00e9s el segon any que l&#8217;escola est\u00e0 dins la formaci\u00f3 de les escoles verdes. Aquest curs tenim uns objectius per iniciar i millorar que hem d&#8217;aconseguir tots plegats. D&#8217;aqu\u00ed el motiu de la creaci\u00f3 de la comissi\u00f3 per la sostenibilitat. Feu un cop d&#8217;ull al bloc de l&#8217;Escola Verda, tota la comunitat educativa hi [&hellip;]<\/p>\n","protected":false},"author":1,"featured_media":588,"comment_status":"closed","ping_status":"open","sticky":false,"template":"","format":"standard","meta":{"_bbp_topic_count":0,"_bbp_reply_count":0,"_bbp_total_topic_count":0,"_bbp_total_reply_count":0,"_bbp_voice_count":0,"_bbp_anonymous_reply_count":0,"_bbp_topic_count_hidden":0,"_bbp_reply_count_hidden":0,"_bbp_forum_subforum_count":0,"site-sidebar-layout":"default","site-content-layout":"","ast-site-content-layout":"","site-content-style":"default","site-sidebar-style":"default","ast-global-header-display":"","ast-banner-title-visibility":"","ast-main-header-display":"","ast-hfb-above-header-display":"","ast-hfb-below-header-display":"","ast-hfb-mobile-header-display":"","site-post-title":"","ast-breadcrumbs-content":"","ast-featured-img":"","footer-sml-layout":"","theme-transparent-header-meta":"","adv-header-id-meta":"","stick-header-meta":"","header-above-stick-meta":"","header-main-stick-meta":"","header-below-stick-meta":"","astra-migrate-meta-layouts":"default","ast-page-background-enabled":"default","ast-page-background-meta":{"desktop":{"background-color":"var(--ast-global-color-4)","background-image":"","background-repeat":"repeat","background-position":"center center","background-size":"auto","background-attachment":"scroll","background-type":"","background-media":"","overlay-type":"","overlay-color":"","overlay-opacity":"","overlay-gradient":""},"tablet":{"background-color":"","background-image":"","background-repeat":"repeat","background-position":"center center","background-size":"auto","background-attachment":"scroll","background-type":"","background-media":"","overlay-type":"","overlay-color":"","overlay-opacity":"","overlay-gradient":""},"mobile":{"background-color":"","background-image":"","background-repeat":"repeat","background-position":"center center","background-size":"auto","background-attachment":"scroll","background-type":"","background-media":"","overlay-type":"","overlay-color":"","overlay-opacity":"","overlay-gradient":""}},"ast-content-background-meta":{"desktop":{"background-color":"var(--ast-global-color-5)","background-image":"","background-repeat":"repeat","background-position":"center center","background-size":"auto","background-attachment":"scroll","background-type":"","background-media":"","overlay-type":"","overlay-color":"","overlay-opacity":"","overlay-gradient":""},"tablet":{"background-color":"var(--ast-global-color-5)","background-image":"","background-repeat":"repeat","background-position":"center center","background-size":"auto","background-attachment":"scroll","background-type":"","background-media":"","overlay-type":"","overlay-color":"","overlay-opacity":"","overlay-gradient":""},"mobile":{"background-color":"var(--ast-global-color-5)","background-image":"","background-repeat":"repeat","background-position":"center center","background-size":"auto","background-attachment":"scroll","background-type":"","background-media":"","overlay-type":"","overlay-color":"","overlay-opacity":"","overlay-gradient":""}},"footnotes":""},"categories":[4],"tags":[112],"class_list":["post-1168","post","type-post","status-publish","format-standard","has-post-thumbnail","hentry","category-portada","tag-escola-verda"],"post_mailing_queue_ids":[],"_links":{"self":[{"href":"https:\/\/agora.xtec.cat\/escgaspardeportola\/wp-json\/wp\/v2\/posts\/1168","targetHints":{"allow":["GET"]}}],"collection":[{"href":"https:\/\/agora.xtec.cat\/escgaspardeportola\/wp-json\/wp\/v2\/posts"}],"about":[{"href":"https:\/\/agora.xtec.cat\/escgaspardeportola\/wp-json\/wp\/v2\/types\/post"}],"author":[{"embeddable":true,"href":"https:\/\/agora.xtec.cat\/escgaspardeportola\/wp-json\/wp\/v2\/users\/1"}],"replies":[{"embeddable":true,"href":"https:\/\/agora.xtec.cat\/escgaspardeportola\/wp-json\/wp\/v2\/comments?post=1168"}],"version-history":[{"count":1,"href":"https:\/\/agora.xtec.cat\/escgaspardeportola\/wp-json\/wp\/v2\/posts\/1168\/revisions"}],"predecessor-version":[{"id":1169,"href":"https:\/\/agora.xtec.cat\/escgaspardeportola\/wp-json\/wp\/v2\/posts\/1168\/revisions\/1169"}],"wp:featuredmedia":[{"embeddable":true,"href":"https:\/\/agora.xtec.cat\/escgaspardeportola\/wp-json\/wp\/v2\/media\/588"}],"wp:attachment":[{"href":"https:\/\/agora.xtec.cat\/escgaspardeportola\/wp-json\/wp\/v2\/media?parent=1168"}],"wp:term":[{"taxonomy":"category","embeddable":true,"href":"https:\/\/agora.xtec.cat\/escgaspardeportola\/wp-json\/wp\/v2\/categories?post=1168"},{"taxonomy":"post_tag","embeddable":true,"href":"https:\/\/agora.xtec.cat\/escgaspardeportola\/wp-json\/wp\/v2\/tags?post=1168"}],"curies":[{"name":"wp","href":"https:\/\/api.w.org\/{rel}","templated":true}]}}