{"id":1160,"date":"2016-11-27T23:29:11","date_gmt":"2016-11-27T22:29:11","guid":{"rendered":"http:\/\/agora.xtec.cat\/escgaspardeportola\/?p=1160"},"modified":"2016-11-27T23:42:37","modified_gmt":"2016-11-27T22:42:37","slug":"projecte-hort","status":"publish","type":"post","link":"https:\/\/agora.xtec.cat\/escgaspardeportola\/escola-verda\/projecte-hort\/","title":{"rendered":"Projecte Hort"},"content":{"rendered":"<p>Desenvolupar el projecte de l\u2019hort a educaci\u00f3 infantil i cicle inicial \u00e9s un punt que es vol refor\u00e7ar a partir d&#8217;aquest curs.<\/p>\n<ul>\n<li>Con\u00e9ixer el proc\u00e9s de conreu i creixement dels diferents productes de l\u2019horta.<\/li>\n<li>Desenvolupar habilitats de cura i manteniment de les plantes i el s\u00f2l.<\/li>\n<li>Aprendre a valorar la import\u00e0ncia d\u2019una alimentaci\u00f3 sana i natural.<\/li>\n<\/ul>\n<p>Aquest treball interdisciplinar a cicle inicial i projecte a educaci\u00f3 infantil es realitzar\u00e0 al llarg de tot el curs. Aneu visitant el<a href=\"http:\/\/agora.xtec.cat\/escgaspardeportola\/categoria\/hort-a-lescola\/\"> BLOC DE L&#8217;HORT<\/a> de la nostra escola per a con\u00e8ixer tot el proc\u00e9s.<\/p>\n<p><img loading=\"lazy\" decoding=\"async\" class=\"aligncenter wp-image-842\" src=\"http:\/\/agora.xtec.cat\/escgaspardeportola\/wp-content\/uploads\/usu555\/2016\/09\/Sin-t\u00edtulo.jpg\" alt=\"sin-titulo\" width=\"631\" height=\"212\" srcset=\"https:\/\/agora.xtec.cat\/escgaspardeportola\/wp-content\/uploads\/usu555\/2016\/09\/Sin-t\u00edtulo.jpg 810w, https:\/\/agora.xtec.cat\/escgaspardeportola\/wp-content\/uploads\/usu555\/2016\/09\/Sin-t\u00edtulo-300x101.jpg 300w, https:\/\/agora.xtec.cat\/escgaspardeportola\/wp-content\/uploads\/usu555\/2016\/09\/Sin-t\u00edtulo-768x258.jpg 768w\" sizes=\"auto, (max-width: 631px) 100vw, 631px\" \/><\/p>\n","protected":false},"excerpt":{"rendered":"<p>Desenvolupar el projecte de l\u2019hort a educaci\u00f3 infantil i cicle inicial \u00e9s un punt que es vol refor\u00e7ar a partir d&#8217;aquest curs. Con\u00e9ixer el proc\u00e9s de conreu i creixement dels diferents productes de l\u2019horta. Desenvolupar habilitats de cura i manteniment de les plantes i el s\u00f2l. Aprendre a valorar la import\u00e0ncia d\u2019una alimentaci\u00f3 sana i [&hellip;]<\/p>\n","protected":false},"author":1,"featured_media":842,"comment_status":"closed","ping_status":"open","sticky":false,"template":"","format":"standard","meta":{"_bbp_topic_count":0,"_bbp_reply_count":0,"_bbp_total_topic_count":0,"_bbp_total_reply_count":0,"_bbp_voice_count":0,"_bbp_anonymous_reply_count":0,"_bbp_topic_count_hidden":0,"_bbp_reply_count_hidden":0,"_bbp_forum_subforum_count":0,"site-sidebar-layout":"default","site-content-layout":"","ast-site-content-layout":"","site-content-style":"default","site-sidebar-style":"default","ast-global-header-display":"","ast-banner-title-visibility":"","ast-main-header-display":"","ast-hfb-above-header-display":"","ast-hfb-below-header-display":"","ast-hfb-mobile-header-display":"","site-post-title":"","ast-breadcrumbs-content":"","ast-featured-img":"","footer-sml-layout":"","theme-transparent-header-meta":"","adv-header-id-meta":"","stick-header-meta":"","header-above-stick-meta":"","header-main-stick-meta":"","header-below-stick-meta":"","astra-migrate-meta-layouts":"default","ast-page-background-enabled":"default","ast-page-background-meta":{"desktop":{"background-color":"var(--ast-global-color-4)","background-image":"","background-repeat":"repeat","background-position":"center center","background-size":"auto","background-attachment":"scroll","background-type":"","background-media":"","overlay-type":"","overlay-color":"","overlay-opacity":"","overlay-gradient":""},"tablet":{"background-color":"","background-image":"","background-repeat":"repeat","background-position":"center center","background-size":"auto","background-attachment":"scroll","background-type":"","background-media":"","overlay-type":"","overlay-color":"","overlay-opacity":"","overlay-gradient":""},"mobile":{"background-color":"","background-image":"","background-repeat":"repeat","background-position":"center center","background-size":"auto","background-attachment":"scroll","background-type":"","background-media":"","overlay-type":"","overlay-color":"","overlay-opacity":"","overlay-gradient":""}},"ast-content-background-meta":{"desktop":{"background-color":"var(--ast-global-color-5)","background-image":"","background-repeat":"repeat","background-position":"center center","background-size":"auto","background-attachment":"scroll","background-type":"","background-media":"","overlay-type":"","overlay-color":"","overlay-opacity":"","overlay-gradient":""},"tablet":{"background-color":"var(--ast-global-color-5)","background-image":"","background-repeat":"repeat","background-position":"center center","background-size":"auto","background-attachment":"scroll","background-type":"","background-media":"","overlay-type":"","overlay-color":"","overlay-opacity":"","overlay-gradient":""},"mobile":{"background-color":"var(--ast-global-color-5)","background-image":"","background-repeat":"repeat","background-position":"center center","background-size":"auto","background-attachment":"scroll","background-type":"","background-media":"","overlay-type":"","overlay-color":"","overlay-opacity":"","overlay-gradient":""}},"footnotes":""},"categories":[110],"tags":[112,114],"class_list":["post-1160","post","type-post","status-publish","format-standard","has-post-thumbnail","hentry","category-escola-verda","tag-escola-verda","tag-hort-escolar"],"post_mailing_queue_ids":[],"_links":{"self":[{"href":"https:\/\/agora.xtec.cat\/escgaspardeportola\/wp-json\/wp\/v2\/posts\/1160","targetHints":{"allow":["GET"]}}],"collection":[{"href":"https:\/\/agora.xtec.cat\/escgaspardeportola\/wp-json\/wp\/v2\/posts"}],"about":[{"href":"https:\/\/agora.xtec.cat\/escgaspardeportola\/wp-json\/wp\/v2\/types\/post"}],"author":[{"embeddable":true,"href":"https:\/\/agora.xtec.cat\/escgaspardeportola\/wp-json\/wp\/v2\/users\/1"}],"replies":[{"embeddable":true,"href":"https:\/\/agora.xtec.cat\/escgaspardeportola\/wp-json\/wp\/v2\/comments?post=1160"}],"version-history":[{"count":2,"href":"https:\/\/agora.xtec.cat\/escgaspardeportola\/wp-json\/wp\/v2\/posts\/1160\/revisions"}],"predecessor-version":[{"id":1167,"href":"https:\/\/agora.xtec.cat\/escgaspardeportola\/wp-json\/wp\/v2\/posts\/1160\/revisions\/1167"}],"wp:featuredmedia":[{"embeddable":true,"href":"https:\/\/agora.xtec.cat\/escgaspardeportola\/wp-json\/wp\/v2\/media\/842"}],"wp:attachment":[{"href":"https:\/\/agora.xtec.cat\/escgaspardeportola\/wp-json\/wp\/v2\/media?parent=1160"}],"wp:term":[{"taxonomy":"category","embeddable":true,"href":"https:\/\/agora.xtec.cat\/escgaspardeportola\/wp-json\/wp\/v2\/categories?post=1160"},{"taxonomy":"post_tag","embeddable":true,"href":"https:\/\/agora.xtec.cat\/escgaspardeportola\/wp-json\/wp\/v2\/tags?post=1160"}],"curies":[{"name":"wp","href":"https:\/\/api.w.org\/{rel}","templated":true}]}}