{"id":11556,"date":"2026-04-24T19:35:48","date_gmt":"2026-04-24T17:35:48","guid":{"rendered":"https:\/\/agora.xtec.cat\/escgaspardeportola\/?p=11556"},"modified":"2026-04-24T19:35:49","modified_gmt":"2026-04-24T17:35:49","slug":"%f0%9f%8c%b9%f0%9f%93%9a-sant-jordi-a-lescola-gaspar-de-portola-paraules-emocions-i-molta-magia-%e2%9c%a8","status":"publish","type":"post","link":"https:\/\/agora.xtec.cat\/escgaspardeportola\/portada\/%f0%9f%8c%b9%f0%9f%93%9a-sant-jordi-a-lescola-gaspar-de-portola-paraules-emocions-i-molta-magia-%e2%9c%a8\/","title":{"rendered":"\ud83c\udf39\ud83d\udcda Sant Jordi a l\u2019Escola Gaspar de Portol\u00e0: paraules, emocions i molta m\u00e0gia \u2728"},"content":{"rendered":"\n<p><\/p>\n\n\n\n<p>Aquest <strong>Sant Jordi<\/strong> hem tornat a omplir l\u2019escola de llibres, roses i, sobretot, de <strong>paraules<\/strong>. Paraules que ens fan viatjar, somiar i imaginar mons nous.<\/p>\n\n\n\n<p>A la nostra escola, fa anys que celebrem aquesta diada d\u2019una manera especial. Si abans represent\u00e0vem la llegenda de Sant Jordi o f\u00e8iem balls tradicionals, des de fa un temps apostem per la <strong>creativitat escrita i art\u00edstica<\/strong> dels nostres infants. Perqu\u00e8 estem conven\u00e7uts que dins de cadascun d\u2019ells hi ha un petit escriptor o escriptora amb moltes coses a dir.<\/p>\n\n\n\n<p>Els <strong>Jocs Florals<\/strong> s\u00f3n el moment de donar veu a aquestes hist\u00f2ries: sorprenents, divertides, emocionants\u2026 per\u00f2 sobretot plenes d\u2019il\u00b7lusi\u00f3. Volem felicitar <strong>tots els participants<\/strong>, perqu\u00e8 escriure ja \u00e9s, en si mateix, un gran \u00e8xit.<\/p>\n\n\n\n<p>El tema d\u2019aquest any ha estat <strong>\u201cLa m\u00e0gia i el circ\u201d<\/strong>, i cada cicle hi ha participat amb propostes adaptades:<\/p>\n\n\n\n<ul class=\"wp-block-list\">\n<li><strong>Educaci\u00f3 Infantil:<\/strong> dibuix sobre el circ<\/li>\n\n\n\n<li><strong>Cicle Inicial:<\/strong>\n<ul class=\"wp-block-list\">\n<li>1r: frases a partir de dues paraules<\/li>\n\n\n\n<li>2n: binomi fant\u00e0stic<\/li>\n<\/ul>\n<\/li>\n\n\n\n<li><strong>Cicle Mitj\u00e0, Cicle Superior i Aula d\u2019Acollida:<\/strong>\n<ul class=\"wp-block-list\">\n<li><em>Qu\u00e8 passaria si&#8230; els mestres i les mestres fessin m\u00e0gia a l\u2019aula?<\/em><\/li>\n<\/ul>\n<\/li>\n<\/ul>\n\n\n\n<p>Els treballs premiats han estat reconeguts durant l\u2019acte, i els <strong>guanyadors de 4t i 6\u00e8<\/strong> representaran l\u2019escola als <strong>Jocs Florals de Catalunya<\/strong>. Tamb\u00e9 s\u2019han atorgat els premis a la <strong>portada de la revista de l\u2019escola<\/strong>.<\/p>\n\n\n\n<p>La diada ha continuat amb una escola plena de vida: llibres, roses, jocs florals, premis i can\u00e7ons han creat un ambient festiu i compartit que ens recorda el valor de la cultura i la creativitat.<\/p>\n\n\n\n<p>Un dels moments m\u00e9s especials ha estat el <strong>bateig dels nostres capgrossos<\/strong>:<br>\ud83d\udc66\ud83c\udf0a <em>El Gasparet del Segre<\/em><br>\ud83d\udc67\ud83c\udffd\ud83c\udfd9\ufe0f <em>La Portolina del Mercadal<\/em><\/p>\n\n\n\n<p>A m\u00e9s, els alumnes de <strong>5\u00e8<\/strong> ens han emocionat amb la seva <strong>cantata d\u2019una can\u00e7\u00f3 de creaci\u00f3 pr\u00f2pia<\/strong>, que tamb\u00e9 interpretaran el proper <strong>28 de maig a la pla\u00e7a del Mercadal<\/strong>, compartint-la amb tota la ciutat.<\/p>\n\n\n\n<p>Ha estat, sens dubte, una jornada plena d\u2019emocions, aprenentatges i moments compartits.<\/p>\n\n\n\n<p>\ud83c\udf1f <strong>Bona diada de Sant Jordi a tota la comunitat educativa!<\/strong> \ud83d\udc9b\ud83c\udfeb<\/p>\n\n\n\n<p><a href=\"https:\/\/drive.google.com\/drive\/folders\/17uKQg17V7gjJwJCxoD7AkpT60UBsf42R?usp=sharing\" data-type=\"link\" data-id=\"https:\/\/drive.google.com\/drive\/folders\/17uKQg17V7gjJwJCxoD7AkpT60UBsf42R?usp=sharing\">FOTOGRAFIES<\/a><\/p>\n","protected":false},"excerpt":{"rendered":"<p>Aquest Sant Jordi hem tornat a omplir l\u2019escola de llibres, roses i, sobretot, de paraules. Paraules que ens fan viatjar, somiar i imaginar mons nous. A la nostra escola, fa anys que celebrem aquesta diada d\u2019una manera especial. Si abans represent\u00e0vem la llegenda de Sant Jordi o f\u00e8iem balls tradicionals, des de fa un temps [&hellip;]<\/p>\n","protected":false},"author":1,"featured_media":11557,"comment_status":"closed","ping_status":"open","sticky":false,"template":"","format":"standard","meta":{"_bbp_topic_count":0,"_bbp_reply_count":0,"_bbp_total_topic_count":0,"_bbp_total_reply_count":0,"_bbp_voice_count":0,"_bbp_anonymous_reply_count":0,"_bbp_topic_count_hidden":0,"_bbp_reply_count_hidden":0,"_bbp_forum_subforum_count":0,"site-sidebar-layout":"default","site-content-layout":"","ast-site-content-layout":"default","site-content-style":"default","site-sidebar-style":"default","ast-global-header-display":"","ast-banner-title-visibility":"","ast-main-header-display":"","ast-hfb-above-header-display":"","ast-hfb-below-header-display":"","ast-hfb-mobile-header-display":"","site-post-title":"","ast-breadcrumbs-content":"","ast-featured-img":"","footer-sml-layout":"","theme-transparent-header-meta":"","adv-header-id-meta":"","stick-header-meta":"","header-above-stick-meta":"","header-main-stick-meta":"","header-below-stick-meta":"","astra-migrate-meta-layouts":"set","ast-page-background-enabled":"default","ast-page-background-meta":{"desktop":{"background-color":"var(--ast-global-color-4)","background-image":"","background-repeat":"repeat","background-position":"center center","background-size":"auto","background-attachment":"scroll","background-type":"","background-media":"","overlay-type":"","overlay-color":"","overlay-opacity":"","overlay-gradient":""},"tablet":{"background-color":"","background-image":"","background-repeat":"repeat","background-position":"center center","background-size":"auto","background-attachment":"scroll","background-type":"","background-media":"","overlay-type":"","overlay-color":"","overlay-opacity":"","overlay-gradient":""},"mobile":{"background-color":"","background-image":"","background-repeat":"repeat","background-position":"center center","background-size":"auto","background-attachment":"scroll","background-type":"","background-media":"","overlay-type":"","overlay-color":"","overlay-opacity":"","overlay-gradient":""}},"ast-content-background-meta":{"desktop":{"background-color":"var(--ast-global-color-5)","background-image":"","background-repeat":"repeat","background-position":"center center","background-size":"auto","background-attachment":"scroll","background-type":"","background-media":"","overlay-type":"","overlay-color":"","overlay-opacity":"","overlay-gradient":""},"tablet":{"background-color":"var(--ast-global-color-5)","background-image":"","background-repeat":"repeat","background-position":"center center","background-size":"auto","background-attachment":"scroll","background-type":"","background-media":"","overlay-type":"","overlay-color":"","overlay-opacity":"","overlay-gradient":""},"mobile":{"background-color":"var(--ast-global-color-5)","background-image":"","background-repeat":"repeat","background-position":"center center","background-size":"auto","background-attachment":"scroll","background-type":"","background-media":"","overlay-type":"","overlay-color":"","overlay-opacity":"","overlay-gradient":""}},"footnotes":""},"categories":[342,4],"tags":[],"class_list":["post-11556","post","type-post","status-publish","format-standard","has-post-thumbnail","hentry","category-bibliogaspar","category-portada"],"post_mailing_queue_ids":[],"_links":{"self":[{"href":"https:\/\/agora.xtec.cat\/escgaspardeportola\/wp-json\/wp\/v2\/posts\/11556","targetHints":{"allow":["GET"]}}],"collection":[{"href":"https:\/\/agora.xtec.cat\/escgaspardeportola\/wp-json\/wp\/v2\/posts"}],"about":[{"href":"https:\/\/agora.xtec.cat\/escgaspardeportola\/wp-json\/wp\/v2\/types\/post"}],"author":[{"embeddable":true,"href":"https:\/\/agora.xtec.cat\/escgaspardeportola\/wp-json\/wp\/v2\/users\/1"}],"replies":[{"embeddable":true,"href":"https:\/\/agora.xtec.cat\/escgaspardeportola\/wp-json\/wp\/v2\/comments?post=11556"}],"version-history":[{"count":1,"href":"https:\/\/agora.xtec.cat\/escgaspardeportola\/wp-json\/wp\/v2\/posts\/11556\/revisions"}],"predecessor-version":[{"id":11558,"href":"https:\/\/agora.xtec.cat\/escgaspardeportola\/wp-json\/wp\/v2\/posts\/11556\/revisions\/11558"}],"wp:featuredmedia":[{"embeddable":true,"href":"https:\/\/agora.xtec.cat\/escgaspardeportola\/wp-json\/wp\/v2\/media\/11557"}],"wp:attachment":[{"href":"https:\/\/agora.xtec.cat\/escgaspardeportola\/wp-json\/wp\/v2\/media?parent=11556"}],"wp:term":[{"taxonomy":"category","embeddable":true,"href":"https:\/\/agora.xtec.cat\/escgaspardeportola\/wp-json\/wp\/v2\/categories?post=11556"},{"taxonomy":"post_tag","embeddable":true,"href":"https:\/\/agora.xtec.cat\/escgaspardeportola\/wp-json\/wp\/v2\/tags?post=11556"}],"curies":[{"name":"wp","href":"https:\/\/api.w.org\/{rel}","templated":true}]}}