{"id":1154,"date":"2016-11-27T23:08:09","date_gmt":"2016-11-27T22:08:09","guid":{"rendered":"http:\/\/agora.xtec.cat\/escgaspardeportola\/?p=1154"},"modified":"2016-11-27T23:11:00","modified_gmt":"2016-11-27T22:11:00","slug":"comissio-per-la-sostenibilitat-2016","status":"publish","type":"post","link":"https:\/\/agora.xtec.cat\/escgaspardeportola\/escola-verda\/comissio-per-la-sostenibilitat-2016\/","title":{"rendered":"Comissi\u00f3 per la sostenibilitat 2016"},"content":{"rendered":"<p>El dilluns 7 de novembre es va constituir la primera comissi\u00f3 per la sostenibilitat de l&#8217;escola. Crear aquesta comissi\u00f3 \u00e9s una de les actuacions previstes dins del programa d&#8217;Escoles Verdes, aquest \u00e9s el segon any que hi participem. Dins d&#8217;aquesta comissi\u00f3 hi\u00a0 ha representants de l&#8217;equip directiu, pares, professorat, alumnes, personal laboral, PAS i\u00a0 representant de l&#8217;Ajuntament.<\/p>\n<p><a href=\"http:\/\/agora.xtec.cat\/escgaspardeportola\/escola-verda\/comissio-per-a-la-sostenibilitat\/\">Comissi\u00f3 per la sostenibilitat 2016<\/a><\/p>\n<p>Els principals acords que es van dur a terme en aquesta primera reuni\u00f3 van ser:<\/p>\n<p><img loading=\"lazy\" decoding=\"async\" class=\"wp-image-588 alignleft\" src=\"http:\/\/agora.xtec.cat\/escgaspardeportola\/wp-content\/uploads\/usu555\/2016\/04\/volemserescolaverdagaspar.png\" alt=\"volemserescolaverdagaspar\" width=\"213\" height=\"148\" srcset=\"https:\/\/agora.xtec.cat\/escgaspardeportola\/wp-content\/uploads\/usu555\/2016\/04\/volemserescolaverdagaspar.png 698w, https:\/\/agora.xtec.cat\/escgaspardeportola\/wp-content\/uploads\/usu555\/2016\/04\/volemserescolaverdagaspar-300x208.png 300w\" sizes=\"auto, (max-width: 213px) 100vw, 213px\" \/><\/p>\n<ul>\n<li>Reduir les deixalles de l&#8217;esmorzar.<\/li>\n<li>Hort i alimentaci\u00f3 ecol\u00f2gica i sostenible.<\/li>\n<li>Creaci\u00f3 del comit\u00e9 EDS<\/li>\n<li>Millorar la qualitat de la recollida selectiva.<\/li>\n<li>Incorporaci\u00f3 del PES AL PEC I PGA<\/li>\n<\/ul>\n","protected":false},"excerpt":{"rendered":"<p>El dilluns 7 de novembre es va constituir la primera comissi\u00f3 per la sostenibilitat de l&#8217;escola. Crear aquesta comissi\u00f3 \u00e9s una de les actuacions previstes dins del programa d&#8217;Escoles Verdes, aquest \u00e9s el segon any que hi participem. Dins d&#8217;aquesta comissi\u00f3 hi\u00a0 ha representants de l&#8217;equip directiu, pares, professorat, alumnes, personal laboral, PAS i\u00a0 representant [&hellip;]<\/p>\n","protected":false},"author":1,"featured_media":0,"comment_status":"closed","ping_status":"open","sticky":false,"template":"","format":"standard","meta":{"_bbp_topic_count":0,"_bbp_reply_count":0,"_bbp_total_topic_count":0,"_bbp_total_reply_count":0,"_bbp_voice_count":0,"_bbp_anonymous_reply_count":0,"_bbp_topic_count_hidden":0,"_bbp_reply_count_hidden":0,"_bbp_forum_subforum_count":0,"site-sidebar-layout":"default","site-content-layout":"","ast-site-content-layout":"","site-content-style":"default","site-sidebar-style":"default","ast-global-header-display":"","ast-banner-title-visibility":"","ast-main-header-display":"","ast-hfb-above-header-display":"","ast-hfb-below-header-display":"","ast-hfb-mobile-header-display":"","site-post-title":"","ast-breadcrumbs-content":"","ast-featured-img":"","footer-sml-layout":"","theme-transparent-header-meta":"","adv-header-id-meta":"","stick-header-meta":"","header-above-stick-meta":"","header-main-stick-meta":"","header-below-stick-meta":"","astra-migrate-meta-layouts":"default","ast-page-background-enabled":"default","ast-page-background-meta":{"desktop":{"background-color":"var(--ast-global-color-4)","background-image":"","background-repeat":"repeat","background-position":"center center","background-size":"auto","background-attachment":"scroll","background-type":"","background-media":"","overlay-type":"","overlay-color":"","overlay-opacity":"","overlay-gradient":""},"tablet":{"background-color":"","background-image":"","background-repeat":"repeat","background-position":"center center","background-size":"auto","background-attachment":"scroll","background-type":"","background-media":"","overlay-type":"","overlay-color":"","overlay-opacity":"","overlay-gradient":""},"mobile":{"background-color":"","background-image":"","background-repeat":"repeat","background-position":"center center","background-size":"auto","background-attachment":"scroll","background-type":"","background-media":"","overlay-type":"","overlay-color":"","overlay-opacity":"","overlay-gradient":""}},"ast-content-background-meta":{"desktop":{"background-color":"var(--ast-global-color-5)","background-image":"","background-repeat":"repeat","background-position":"center center","background-size":"auto","background-attachment":"scroll","background-type":"","background-media":"","overlay-type":"","overlay-color":"","overlay-opacity":"","overlay-gradient":""},"tablet":{"background-color":"var(--ast-global-color-5)","background-image":"","background-repeat":"repeat","background-position":"center center","background-size":"auto","background-attachment":"scroll","background-type":"","background-media":"","overlay-type":"","overlay-color":"","overlay-opacity":"","overlay-gradient":""},"mobile":{"background-color":"var(--ast-global-color-5)","background-image":"","background-repeat":"repeat","background-position":"center center","background-size":"auto","background-attachment":"scroll","background-type":"","background-media":"","overlay-type":"","overlay-color":"","overlay-opacity":"","overlay-gradient":""}},"footnotes":""},"categories":[110],"tags":[112,113],"class_list":["post-1154","post","type-post","status-publish","format-standard","hentry","category-escola-verda","tag-escola-verda","tag-sostenibilitat"],"post_mailing_queue_ids":[],"_links":{"self":[{"href":"https:\/\/agora.xtec.cat\/escgaspardeportola\/wp-json\/wp\/v2\/posts\/1154","targetHints":{"allow":["GET"]}}],"collection":[{"href":"https:\/\/agora.xtec.cat\/escgaspardeportola\/wp-json\/wp\/v2\/posts"}],"about":[{"href":"https:\/\/agora.xtec.cat\/escgaspardeportola\/wp-json\/wp\/v2\/types\/post"}],"author":[{"embeddable":true,"href":"https:\/\/agora.xtec.cat\/escgaspardeportola\/wp-json\/wp\/v2\/users\/1"}],"replies":[{"embeddable":true,"href":"https:\/\/agora.xtec.cat\/escgaspardeportola\/wp-json\/wp\/v2\/comments?post=1154"}],"version-history":[{"count":2,"href":"https:\/\/agora.xtec.cat\/escgaspardeportola\/wp-json\/wp\/v2\/posts\/1154\/revisions"}],"predecessor-version":[{"id":1156,"href":"https:\/\/agora.xtec.cat\/escgaspardeportola\/wp-json\/wp\/v2\/posts\/1154\/revisions\/1156"}],"wp:attachment":[{"href":"https:\/\/agora.xtec.cat\/escgaspardeportola\/wp-json\/wp\/v2\/media?parent=1154"}],"wp:term":[{"taxonomy":"category","embeddable":true,"href":"https:\/\/agora.xtec.cat\/escgaspardeportola\/wp-json\/wp\/v2\/categories?post=1154"},{"taxonomy":"post_tag","embeddable":true,"href":"https:\/\/agora.xtec.cat\/escgaspardeportola\/wp-json\/wp\/v2\/tags?post=1154"}],"curies":[{"name":"wp","href":"https:\/\/api.w.org\/{rel}","templated":true}]}}