{"id":11482,"date":"2026-03-26T10:54:40","date_gmt":"2026-03-26T09:54:40","guid":{"rendered":"https:\/\/agora.xtec.cat\/escgaspardeportola\/?p=11482"},"modified":"2026-03-26T10:56:50","modified_gmt":"2026-03-26T09:56:50","slug":"sortida-cultural-a-lleida-musica-i-descoberta-del-patrimoni-amb-els-alumnes-de-5e","status":"publish","type":"post","link":"https:\/\/agora.xtec.cat\/escgaspardeportola\/general\/sortida-cultural-a-lleida-musica-i-descoberta-del-patrimoni-amb-els-alumnes-de-5e\/","title":{"rendered":"Sortida cultural a Lleida: m\u00fasica i descoberta del patrimoni amb els alumnes de 5\u00e8"},"content":{"rendered":"\n<p>El passat 24 de mar\u00e7, l\u2019alumnat de 5\u00e8 de prim\u00e0ria va gaudir d\u2019una sortida cultural a la ciutat de Lleida plena d\u2019aprenentatges i experi\u00e8ncies enriquidores.<\/p>\n\n\n\n<p>La primera parada va ser a l\u2019Auditori Enric Granados, on els nens i nenes van assistir a una audici\u00f3 musical molt did\u00e0ctica. Durant l\u2019activitat, van descobrir les diferents fam\u00edlies d\u2019instruments i van poder identificar-ne els sons i caracter\u00edstiques. A m\u00e9s, van gaudir escoltant fragments de bandes sonores molt conegudes, com les de <em>Harry Potter<\/em> i <em>Pirates del Carib<\/em>, que van captar molt la seva atenci\u00f3 i entusiasme.<\/p>\n\n\n\n<p>Despr\u00e9s de l\u2019audici\u00f3, el grup es va despla\u00e7ar fins a un antic dip\u00f2sit d\u2019aigua de la ciutat, que antigament abastia les fonts de Lleida. Aquesta visita els va permetre con\u00e8ixer millor el funcionament dels sistemes d\u2019abastiment d\u2019aigua d\u2019altres \u00e8poques i entendre la import\u00e0ncia d\u2019aquest recurs en la vida quotidiana.<\/p>\n\n\n\n<p>Va ser una jornada molt profitosa, que va combinar m\u00fasica, hist\u00f2ria i descoberta del patrimoni, i que segur que els alumnes recordaran amb il\u00b7lusi\u00f3.<\/p>\n\n\n\n<p><a href=\"https:\/\/drive.google.com\/drive\/folders\/1p4B6yRtCoySU15MnzIKmgTKWIBIe6ScL?usp=drive_link\">Clica aqu\u00ed per veure les fotografies<\/a><\/p>\n\n\n\n<p><\/p>\n","protected":false},"excerpt":{"rendered":"<p>El passat 24 de mar\u00e7, l\u2019alumnat de 5\u00e8 de prim\u00e0ria va gaudir d\u2019una sortida cultural a la ciutat de Lleida plena d\u2019aprenentatges i experi\u00e8ncies enriquidores. La primera parada va ser a l\u2019Auditori Enric Granados, on els nens i nenes van assistir a una audici\u00f3 musical molt did\u00e0ctica. Durant l\u2019activitat, van descobrir les diferents fam\u00edlies d\u2019instruments [&hellip;]<\/p>\n","protected":false},"author":54,"featured_media":0,"comment_status":"closed","ping_status":"open","sticky":false,"template":"","format":"standard","meta":{"_bbp_topic_count":0,"_bbp_reply_count":0,"_bbp_total_topic_count":0,"_bbp_total_reply_count":0,"_bbp_voice_count":0,"_bbp_anonymous_reply_count":0,"_bbp_topic_count_hidden":0,"_bbp_reply_count_hidden":0,"_bbp_forum_subforum_count":0,"site-sidebar-layout":"default","site-content-layout":"","ast-site-content-layout":"default","site-content-style":"default","site-sidebar-style":"default","ast-global-header-display":"","ast-banner-title-visibility":"","ast-main-header-display":"","ast-hfb-above-header-display":"","ast-hfb-below-header-display":"","ast-hfb-mobile-header-display":"","site-post-title":"","ast-breadcrumbs-content":"","ast-featured-img":"","footer-sml-layout":"","theme-transparent-header-meta":"","adv-header-id-meta":"","stick-header-meta":"","header-above-stick-meta":"","header-main-stick-meta":"","header-below-stick-meta":"","astra-migrate-meta-layouts":"set","ast-page-background-enabled":"default","ast-page-background-meta":{"desktop":{"background-color":"var(--ast-global-color-4)","background-image":"","background-repeat":"repeat","background-position":"center center","background-size":"auto","background-attachment":"scroll","background-type":"","background-media":"","overlay-type":"","overlay-color":"","overlay-opacity":"","overlay-gradient":""},"tablet":{"background-color":"","background-image":"","background-repeat":"repeat","background-position":"center center","background-size":"auto","background-attachment":"scroll","background-type":"","background-media":"","overlay-type":"","overlay-color":"","overlay-opacity":"","overlay-gradient":""},"mobile":{"background-color":"","background-image":"","background-repeat":"repeat","background-position":"center center","background-size":"auto","background-attachment":"scroll","background-type":"","background-media":"","overlay-type":"","overlay-color":"","overlay-opacity":"","overlay-gradient":""}},"ast-content-background-meta":{"desktop":{"background-color":"var(--ast-global-color-5)","background-image":"","background-repeat":"repeat","background-position":"center center","background-size":"auto","background-attachment":"scroll","background-type":"","background-media":"","overlay-type":"","overlay-color":"","overlay-opacity":"","overlay-gradient":""},"tablet":{"background-color":"var(--ast-global-color-5)","background-image":"","background-repeat":"repeat","background-position":"center center","background-size":"auto","background-attachment":"scroll","background-type":"","background-media":"","overlay-type":"","overlay-color":"","overlay-opacity":"","overlay-gradient":""},"mobile":{"background-color":"var(--ast-global-color-5)","background-image":"","background-repeat":"repeat","background-position":"center center","background-size":"auto","background-attachment":"scroll","background-type":"","background-media":"","overlay-type":"","overlay-color":"","overlay-opacity":"","overlay-gradient":""}},"footnotes":""},"categories":[1],"tags":[182],"class_list":["post-11482","post","type-post","status-publish","format-standard","hentry","category-general","tag-cinque"],"post_mailing_queue_ids":[],"_links":{"self":[{"href":"https:\/\/agora.xtec.cat\/escgaspardeportola\/wp-json\/wp\/v2\/posts\/11482","targetHints":{"allow":["GET"]}}],"collection":[{"href":"https:\/\/agora.xtec.cat\/escgaspardeportola\/wp-json\/wp\/v2\/posts"}],"about":[{"href":"https:\/\/agora.xtec.cat\/escgaspardeportola\/wp-json\/wp\/v2\/types\/post"}],"author":[{"embeddable":true,"href":"https:\/\/agora.xtec.cat\/escgaspardeportola\/wp-json\/wp\/v2\/users\/54"}],"replies":[{"embeddable":true,"href":"https:\/\/agora.xtec.cat\/escgaspardeportola\/wp-json\/wp\/v2\/comments?post=11482"}],"version-history":[{"count":2,"href":"https:\/\/agora.xtec.cat\/escgaspardeportola\/wp-json\/wp\/v2\/posts\/11482\/revisions"}],"predecessor-version":[{"id":11484,"href":"https:\/\/agora.xtec.cat\/escgaspardeportola\/wp-json\/wp\/v2\/posts\/11482\/revisions\/11484"}],"wp:attachment":[{"href":"https:\/\/agora.xtec.cat\/escgaspardeportola\/wp-json\/wp\/v2\/media?parent=11482"}],"wp:term":[{"taxonomy":"category","embeddable":true,"href":"https:\/\/agora.xtec.cat\/escgaspardeportola\/wp-json\/wp\/v2\/categories?post=11482"},{"taxonomy":"post_tag","embeddable":true,"href":"https:\/\/agora.xtec.cat\/escgaspardeportola\/wp-json\/wp\/v2\/tags?post=11482"}],"curies":[{"name":"wp","href":"https:\/\/api.w.org\/{rel}","templated":true}]}}