{"id":11473,"date":"2026-03-25T15:37:41","date_gmt":"2026-03-25T14:37:41","guid":{"rendered":"https:\/\/agora.xtec.cat\/escgaspardeportola\/?p=11473"},"modified":"2026-03-26T11:39:58","modified_gmt":"2026-03-26T10:39:58","slug":"taller-de-proteccio-civil-a-cicle-mitja","status":"publish","type":"post","link":"https:\/\/agora.xtec.cat\/escgaspardeportola\/general\/taller-de-proteccio-civil-a-cicle-mitja\/","title":{"rendered":"Taller de Protecci\u00f3 Civil a Cicle Mitj\u00e0"},"content":{"rendered":"\n<p>Durant aquest segon trimestre l&#8217;alumnat de Cicle Mitj\u00e0 ha realitzat un TALLER DE PROTECCI\u00d3 CIVIL per tall de prevenir riscos i protegir-nos davant una emerg\u00e8ncia. El taller ha constat de tres sessions distribu\u00efdes de la seg\u00fcent manera:<\/p>\n\n\n\n<p>1a Sessi\u00f3: Concepte de risc i la seva classificaci\u00f3. Riscos d&#8217;hivern: situacions clim\u00e0tiques, inundacions, nevades o fred intens.<\/p>\n\n\n\n<p>2a Sessi\u00f3: Riscos d\u2019estiu:  grans aglomeracions, incendis, calor extrema i accidents a casa. <\/p>\n\n\n\n<p>3a Sessi\u00f3:  Mesures d\u2019autoprotecci\u00f3, el material b\u00e0sic d\u2019un equip d\u2019emerg\u00e8ncia i el pla familiar per saber com s\u2019ha d\u2019actuar davant diferents situacions. <\/p>\n\n\n\n<figure class=\"wp-block-image size-large is-resized\"><a href=\"https:\/\/drive.google.com\/drive\/folders\/1EaNfmZ_vlIZrBanZvgGe70bxmMYDms0y?usp=sharing\"><img loading=\"lazy\" decoding=\"async\" width=\"1024\" height=\"575\" src=\"https:\/\/agora.xtec.cat\/escgaspardeportola\/wp-content\/uploads\/usu555\/2026\/03\/proteccio-civil-1024x575.jpg\" alt=\"\" class=\"wp-image-11478\" style=\"width:331px;height:auto\" srcset=\"https:\/\/agora.xtec.cat\/escgaspardeportola\/wp-content\/uploads\/usu555\/2026\/03\/proteccio-civil-1024x575.jpg 1024w, https:\/\/agora.xtec.cat\/escgaspardeportola\/wp-content\/uploads\/usu555\/2026\/03\/proteccio-civil-300x168.jpg 300w, https:\/\/agora.xtec.cat\/escgaspardeportola\/wp-content\/uploads\/usu555\/2026\/03\/proteccio-civil-768x431.jpg 768w, https:\/\/agora.xtec.cat\/escgaspardeportola\/wp-content\/uploads\/usu555\/2026\/03\/proteccio-civil-1536x863.jpg 1536w, https:\/\/agora.xtec.cat\/escgaspardeportola\/wp-content\/uploads\/usu555\/2026\/03\/proteccio-civil-2048x1150.jpg 2048w\" sizes=\"auto, (max-width: 1024px) 100vw, 1024px\" \/><\/a><\/figure>\n\n\n\n<p>Clica la foto i veur\u00e0s m\u00e9s imatges<\/p>\n\n\n\n<p><\/p>\n","protected":false},"excerpt":{"rendered":"<p>Durant aquest segon trimestre l&#8217;alumnat de Cicle Mitj\u00e0 ha realitzat un TALLER DE PROTECCI\u00d3 CIVIL per tall de prevenir riscos i protegir-nos davant una emerg\u00e8ncia. El taller ha constat de tres sessions distribu\u00efdes de la seg\u00fcent manera: 1a Sessi\u00f3: Concepte de risc i la seva classificaci\u00f3. Riscos d&#8217;hivern: situacions clim\u00e0tiques, inundacions, nevades o fred intens. [&hellip;]<\/p>\n","protected":false},"author":12,"featured_media":0,"comment_status":"closed","ping_status":"open","sticky":false,"template":"","format":"standard","meta":{"_bbp_topic_count":0,"_bbp_reply_count":0,"_bbp_total_topic_count":0,"_bbp_total_reply_count":0,"_bbp_voice_count":0,"_bbp_anonymous_reply_count":0,"_bbp_topic_count_hidden":0,"_bbp_reply_count_hidden":0,"_bbp_forum_subforum_count":0,"site-sidebar-layout":"default","site-content-layout":"","ast-site-content-layout":"default","site-content-style":"default","site-sidebar-style":"default","ast-global-header-display":"","ast-banner-title-visibility":"","ast-main-header-display":"","ast-hfb-above-header-display":"","ast-hfb-below-header-display":"","ast-hfb-mobile-header-display":"","site-post-title":"","ast-breadcrumbs-content":"","ast-featured-img":"","footer-sml-layout":"","theme-transparent-header-meta":"","adv-header-id-meta":"","stick-header-meta":"","header-above-stick-meta":"","header-main-stick-meta":"","header-below-stick-meta":"","astra-migrate-meta-layouts":"set","ast-page-background-enabled":"default","ast-page-background-meta":{"desktop":{"background-color":"var(--ast-global-color-4)","background-image":"","background-repeat":"repeat","background-position":"center center","background-size":"auto","background-attachment":"scroll","background-type":"","background-media":"","overlay-type":"","overlay-color":"","overlay-opacity":"","overlay-gradient":""},"tablet":{"background-color":"","background-image":"","background-repeat":"repeat","background-position":"center center","background-size":"auto","background-attachment":"scroll","background-type":"","background-media":"","overlay-type":"","overlay-color":"","overlay-opacity":"","overlay-gradient":""},"mobile":{"background-color":"","background-image":"","background-repeat":"repeat","background-position":"center center","background-size":"auto","background-attachment":"scroll","background-type":"","background-media":"","overlay-type":"","overlay-color":"","overlay-opacity":"","overlay-gradient":""}},"ast-content-background-meta":{"desktop":{"background-color":"var(--ast-global-color-5)","background-image":"","background-repeat":"repeat","background-position":"center center","background-size":"auto","background-attachment":"scroll","background-type":"","background-media":"","overlay-type":"","overlay-color":"","overlay-opacity":"","overlay-gradient":""},"tablet":{"background-color":"var(--ast-global-color-5)","background-image":"","background-repeat":"repeat","background-position":"center center","background-size":"auto","background-attachment":"scroll","background-type":"","background-media":"","overlay-type":"","overlay-color":"","overlay-opacity":"","overlay-gradient":""},"mobile":{"background-color":"var(--ast-global-color-5)","background-image":"","background-repeat":"repeat","background-position":"center center","background-size":"auto","background-attachment":"scroll","background-type":"","background-media":"","overlay-type":"","overlay-color":"","overlay-opacity":"","overlay-gradient":""}},"footnotes":""},"categories":[60,1],"tags":[61,564],"class_list":["post-11473","post","type-post","status-publish","format-standard","hentry","category-ciclemitja","category-general","tag-cicle-mitja","tag-proteccio-civil"],"post_mailing_queue_ids":[],"_links":{"self":[{"href":"https:\/\/agora.xtec.cat\/escgaspardeportola\/wp-json\/wp\/v2\/posts\/11473","targetHints":{"allow":["GET"]}}],"collection":[{"href":"https:\/\/agora.xtec.cat\/escgaspardeportola\/wp-json\/wp\/v2\/posts"}],"about":[{"href":"https:\/\/agora.xtec.cat\/escgaspardeportola\/wp-json\/wp\/v2\/types\/post"}],"author":[{"embeddable":true,"href":"https:\/\/agora.xtec.cat\/escgaspardeportola\/wp-json\/wp\/v2\/users\/12"}],"replies":[{"embeddable":true,"href":"https:\/\/agora.xtec.cat\/escgaspardeportola\/wp-json\/wp\/v2\/comments?post=11473"}],"version-history":[{"count":4,"href":"https:\/\/agora.xtec.cat\/escgaspardeportola\/wp-json\/wp\/v2\/posts\/11473\/revisions"}],"predecessor-version":[{"id":11480,"href":"https:\/\/agora.xtec.cat\/escgaspardeportola\/wp-json\/wp\/v2\/posts\/11473\/revisions\/11480"}],"wp:attachment":[{"href":"https:\/\/agora.xtec.cat\/escgaspardeportola\/wp-json\/wp\/v2\/media?parent=11473"}],"wp:term":[{"taxonomy":"category","embeddable":true,"href":"https:\/\/agora.xtec.cat\/escgaspardeportola\/wp-json\/wp\/v2\/categories?post=11473"},{"taxonomy":"post_tag","embeddable":true,"href":"https:\/\/agora.xtec.cat\/escgaspardeportola\/wp-json\/wp\/v2\/tags?post=11473"}],"curies":[{"name":"wp","href":"https:\/\/api.w.org\/{rel}","templated":true}]}}