{"id":11436,"date":"2026-03-05T11:12:55","date_gmt":"2026-03-05T10:12:55","guid":{"rendered":"https:\/\/agora.xtec.cat\/escgaspardeportola\/?p=11436"},"modified":"2026-03-05T11:12:57","modified_gmt":"2026-03-05T10:12:57","slug":"lalumnat-de-6e-experimenta-amb-el-cub-de-rubik","status":"publish","type":"post","link":"https:\/\/agora.xtec.cat\/escgaspardeportola\/general\/lalumnat-de-6e-experimenta-amb-el-cub-de-rubik\/","title":{"rendered":"L&#8217;alumnat de 6\u00e8 experimenta amb el Cub de Rubik!"},"content":{"rendered":"\n<p><strong>Avui, 5 de mar\u00e7, l&#8217;alumnat de 6\u00e8 de l\u2019escola ha participat en un taller sobre el Cub de Rubik<\/strong>, a c\u00e0rrec de Rubikids.<\/p>\n\n\n\n<p>Durant la sessi\u00f3, hem pogut descobrir molt m\u00e9s que el conegut cub de colors. Ens han presentat <strong>diferents tipus de cubs i variants<\/strong>, alguns de formes i dificultats diverses, que ens han sorpr\u00e8s i despertat molta curiositat. Tamb\u00e9 hem participat en <strong>reptes i activitats<\/strong> que ens han fet pensar, observar i provar estrat\u00e8gies per intentar resoldre\u2019ls.<\/p>\n\n\n\n<p>A m\u00e9s, hem apr\u00e8s que el Cub de Rubik \u00e9s una eina molt interessant per <strong>treballar diferents sabers relacionats amb les matem\u00e0tiques<\/strong>. A trav\u00e9s del joc i dels reptes, hem vist com es poden desenvolupar conceptes com <strong>l\u2019estad\u00edstica, el raonament l\u00f2gic, l\u2019\u00e0lgebra o les fraccions<\/strong>, entre d\u2019altres.<\/p>\n\n\n\n<p>Ha estat una experi\u00e8ncia <strong>molt engrescadora i divertida<\/strong>, que ens ha perm\u00e8s aprendre d\u2019una manera diferent i manipulativa.<\/p>\n\n\n\n<p><strong>Ens ha encantat!<\/strong><\/p>\n\n\n\n<figure class=\"wp-block-image\"><img loading=\"lazy\" decoding=\"async\" width=\"640\" height=\"480\" src=\"https:\/\/agora.xtec.cat\/escgaspardeportola\/wp-content\/uploads\/usu555\/2026\/03\/IMG_5526.jpg\" alt=\"\" class=\"wp-image-11437\" srcset=\"https:\/\/agora.xtec.cat\/escgaspardeportola\/wp-content\/uploads\/usu555\/2026\/03\/IMG_5526.jpg 640w, https:\/\/agora.xtec.cat\/escgaspardeportola\/wp-content\/uploads\/usu555\/2026\/03\/IMG_5526-300x225.jpg 300w\" sizes=\"auto, (max-width: 640px) 100vw, 640px\" \/><\/figure>\n","protected":false},"excerpt":{"rendered":"<p>Avui, 5 de mar\u00e7, l&#8217;alumnat de 6\u00e8 de l\u2019escola ha participat en un taller sobre el Cub de Rubik, a c\u00e0rrec de Rubikids. Durant la sessi\u00f3, hem pogut descobrir molt m\u00e9s que el conegut cub de colors. Ens han presentat diferents tipus de cubs i variants, alguns de formes i dificultats diverses, que ens han [&hellip;]<\/p>\n","protected":false},"author":54,"featured_media":0,"comment_status":"closed","ping_status":"open","sticky":false,"template":"","format":"standard","meta":{"_bbp_topic_count":0,"_bbp_reply_count":0,"_bbp_total_topic_count":0,"_bbp_total_reply_count":0,"_bbp_voice_count":0,"_bbp_anonymous_reply_count":0,"_bbp_topic_count_hidden":0,"_bbp_reply_count_hidden":0,"_bbp_forum_subforum_count":0,"site-sidebar-layout":"default","site-content-layout":"","ast-site-content-layout":"default","site-content-style":"default","site-sidebar-style":"default","ast-global-header-display":"","ast-banner-title-visibility":"","ast-main-header-display":"","ast-hfb-above-header-display":"","ast-hfb-below-header-display":"","ast-hfb-mobile-header-display":"","site-post-title":"","ast-breadcrumbs-content":"","ast-featured-img":"","footer-sml-layout":"","theme-transparent-header-meta":"","adv-header-id-meta":"","stick-header-meta":"","header-above-stick-meta":"","header-main-stick-meta":"","header-below-stick-meta":"","astra-migrate-meta-layouts":"set","ast-page-background-enabled":"default","ast-page-background-meta":{"desktop":{"background-color":"var(--ast-global-color-4)","background-image":"","background-repeat":"repeat","background-position":"center center","background-size":"auto","background-attachment":"scroll","background-type":"","background-media":"","overlay-type":"","overlay-color":"","overlay-opacity":"","overlay-gradient":""},"tablet":{"background-color":"","background-image":"","background-repeat":"repeat","background-position":"center center","background-size":"auto","background-attachment":"scroll","background-type":"","background-media":"","overlay-type":"","overlay-color":"","overlay-opacity":"","overlay-gradient":""},"mobile":{"background-color":"","background-image":"","background-repeat":"repeat","background-position":"center center","background-size":"auto","background-attachment":"scroll","background-type":"","background-media":"","overlay-type":"","overlay-color":"","overlay-opacity":"","overlay-gradient":""}},"ast-content-background-meta":{"desktop":{"background-color":"var(--ast-global-color-5)","background-image":"","background-repeat":"repeat","background-position":"center center","background-size":"auto","background-attachment":"scroll","background-type":"","background-media":"","overlay-type":"","overlay-color":"","overlay-opacity":"","overlay-gradient":""},"tablet":{"background-color":"var(--ast-global-color-5)","background-image":"","background-repeat":"repeat","background-position":"center center","background-size":"auto","background-attachment":"scroll","background-type":"","background-media":"","overlay-type":"","overlay-color":"","overlay-opacity":"","overlay-gradient":""},"mobile":{"background-color":"var(--ast-global-color-5)","background-image":"","background-repeat":"repeat","background-position":"center center","background-size":"auto","background-attachment":"scroll","background-type":"","background-media":"","overlay-type":"","overlay-color":"","overlay-opacity":"","overlay-gradient":""}},"footnotes":""},"categories":[1],"tags":[105,343,378],"class_list":["post-11436","post","type-post","status-publish","format-standard","hentry","category-general","tag-cicle-superior","tag-matematiques","tag-sise"],"post_mailing_queue_ids":[],"_links":{"self":[{"href":"https:\/\/agora.xtec.cat\/escgaspardeportola\/wp-json\/wp\/v2\/posts\/11436","targetHints":{"allow":["GET"]}}],"collection":[{"href":"https:\/\/agora.xtec.cat\/escgaspardeportola\/wp-json\/wp\/v2\/posts"}],"about":[{"href":"https:\/\/agora.xtec.cat\/escgaspardeportola\/wp-json\/wp\/v2\/types\/post"}],"author":[{"embeddable":true,"href":"https:\/\/agora.xtec.cat\/escgaspardeportola\/wp-json\/wp\/v2\/users\/54"}],"replies":[{"embeddable":true,"href":"https:\/\/agora.xtec.cat\/escgaspardeportola\/wp-json\/wp\/v2\/comments?post=11436"}],"version-history":[{"count":1,"href":"https:\/\/agora.xtec.cat\/escgaspardeportola\/wp-json\/wp\/v2\/posts\/11436\/revisions"}],"predecessor-version":[{"id":11438,"href":"https:\/\/agora.xtec.cat\/escgaspardeportola\/wp-json\/wp\/v2\/posts\/11436\/revisions\/11438"}],"wp:attachment":[{"href":"https:\/\/agora.xtec.cat\/escgaspardeportola\/wp-json\/wp\/v2\/media?parent=11436"}],"wp:term":[{"taxonomy":"category","embeddable":true,"href":"https:\/\/agora.xtec.cat\/escgaspardeportola\/wp-json\/wp\/v2\/categories?post=11436"},{"taxonomy":"post_tag","embeddable":true,"href":"https:\/\/agora.xtec.cat\/escgaspardeportola\/wp-json\/wp\/v2\/tags?post=11436"}],"curies":[{"name":"wp","href":"https:\/\/api.w.org\/{rel}","templated":true}]}}