{"id":10921,"date":"2025-12-16T16:00:52","date_gmt":"2025-12-16T15:00:52","guid":{"rendered":"https:\/\/agora.xtec.cat\/escgaspardeportola\/?p=10921"},"modified":"2025-12-16T16:00:52","modified_gmt":"2025-12-16T15:00:52","slug":"projecte-3r-balaguer-poble-o-ciutat","status":"publish","type":"post","link":"https:\/\/agora.xtec.cat\/escgaspardeportola\/ciclemitja\/projecte-3r-balaguer-poble-o-ciutat\/","title":{"rendered":"Projecte 3r: Balaguer, poble o ciutat?"},"content":{"rendered":"<p><a href=\"https:\/\/drive.google.com\/drive\/folders\/1M-D3duEX4RptCQPkfsm0dJ2lG89GFXII?usp=sharing\"><img loading=\"lazy\" decoding=\"async\" class=\"wp-image-10922 alignleft\" src=\"https:\/\/agora.xtec.cat\/escgaspardeportola\/wp-content\/uploads\/usu555\/2025\/12\/foto-web-575x1024.jpg\" alt=\"\" width=\"234\" height=\"416\" srcset=\"https:\/\/agora.xtec.cat\/escgaspardeportola\/wp-content\/uploads\/usu555\/2025\/12\/foto-web-575x1024.jpg 575w, https:\/\/agora.xtec.cat\/escgaspardeportola\/wp-content\/uploads\/usu555\/2025\/12\/foto-web-168x300.jpg 168w, https:\/\/agora.xtec.cat\/escgaspardeportola\/wp-content\/uploads\/usu555\/2025\/12\/foto-web-768x1368.jpg 768w, https:\/\/agora.xtec.cat\/escgaspardeportola\/wp-content\/uploads\/usu555\/2025\/12\/foto-web-863x1536.jpg 863w, https:\/\/agora.xtec.cat\/escgaspardeportola\/wp-content\/uploads\/usu555\/2025\/12\/foto-web-1150x2048.jpg 1150w, https:\/\/agora.xtec.cat\/escgaspardeportola\/wp-content\/uploads\/usu555\/2025\/12\/foto-web-scaled.jpg 1438w\" sizes=\"auto, (max-width: 234px) 100vw, 234px\" \/><\/a> Hem finalitzat la situaci\u00f3 d&#8217;aprenentatge d&#8217;aquest primer trimestre: Balaguer, poble o ciutat?<\/p>\n<p>V\u00e0rem iniciar descobrint les difer\u00e8ncies entre poble i ciutat. Despr\u00e9s els diferents oficis i com es distribueixen en sectors. Un dia vam anar a fer una entrevista a la Paera i a con\u00e8ixer el museu de La Noguera. Vam aprofitar per visitar els racons importants de Balaguer i veure on van passar algunes de les llegendes que ens van explicar a l&#8217;escola. Tamb\u00e9 vam fer orientaci\u00f3 en pl\u00e0nols i dibuixar l&#8217;escut de Balaguer!<\/p>\n<p>A m\u00e9s a m\u00e9s, molts alumnes han portat a la classe llibres i fotografies de Balaguer!!!<\/p>\n<p>Finalment hem fet un resum de tot el que hem apr\u00e9s en una presentaci\u00f3 digital!<\/p>\n<p>Per\u00f2&#8230; Balaguer \u00e9s un poble o una ciutat?<\/p>\n<p>Clica a la foto per veure&#8217;n m\u00e9s<\/p>\n<p><a href=\"https:\/\/drive.google.com\/drive\/folders\/1fjEWrWhfERokc-NxpG-5aevq9Gr2Ki0U?usp=sharing\">Llibres i fotos de Balaguer\u00a0 \u00a0 <\/a>\u00a0 \u00a0 \u00a0 \u00a0 \u00a0 \u00a0 \u00a0 \u00a0 \u00a0 \u00a0 \u00a0 \u00a0 \u00a0 \u00a0 \u00a0 \u00a0 \u00a0 \u00a0 <a href=\"https:\/\/drive.google.com\/drive\/folders\/1QvN_xQ8nsku6ha-0ZYqk_WMXsIN-HHqt?usp=sharing\">Mural dels sectors de treball<\/a><\/p>\n","protected":false},"excerpt":{"rendered":"<p>Hem finalitzat la situaci\u00f3 d&#8217;aprenentatge d&#8217;aquest primer trimestre: Balaguer, poble o ciutat? V\u00e0rem iniciar descobrint les difer\u00e8ncies entre poble i ciutat. Despr\u00e9s els diferents oficis i com es distribueixen en sectors. Un dia vam anar a fer una entrevista a la Paera i a con\u00e8ixer el museu de La Noguera. Vam aprofitar per visitar els [&hellip;]<\/p>\n","protected":false},"author":12,"featured_media":0,"comment_status":"closed","ping_status":"open","sticky":false,"template":"","format":"standard","meta":{"_bbp_topic_count":0,"_bbp_reply_count":0,"_bbp_total_topic_count":0,"_bbp_total_reply_count":0,"_bbp_voice_count":0,"_bbp_anonymous_reply_count":0,"_bbp_topic_count_hidden":0,"_bbp_reply_count_hidden":0,"_bbp_forum_subforum_count":0,"site-sidebar-layout":"default","site-content-layout":"","ast-site-content-layout":"","site-content-style":"default","site-sidebar-style":"default","ast-global-header-display":"","ast-banner-title-visibility":"","ast-main-header-display":"","ast-hfb-above-header-display":"","ast-hfb-below-header-display":"","ast-hfb-mobile-header-display":"","site-post-title":"","ast-breadcrumbs-content":"","ast-featured-img":"","footer-sml-layout":"","theme-transparent-header-meta":"","adv-header-id-meta":"","stick-header-meta":"","header-above-stick-meta":"","header-main-stick-meta":"","header-below-stick-meta":"","astra-migrate-meta-layouts":"default","ast-page-background-enabled":"default","ast-page-background-meta":{"desktop":{"background-color":"var(--ast-global-color-4)","background-image":"","background-repeat":"repeat","background-position":"center center","background-size":"auto","background-attachment":"scroll","background-type":"","background-media":"","overlay-type":"","overlay-color":"","overlay-opacity":"","overlay-gradient":""},"tablet":{"background-color":"","background-image":"","background-repeat":"repeat","background-position":"center center","background-size":"auto","background-attachment":"scroll","background-type":"","background-media":"","overlay-type":"","overlay-color":"","overlay-opacity":"","overlay-gradient":""},"mobile":{"background-color":"","background-image":"","background-repeat":"repeat","background-position":"center center","background-size":"auto","background-attachment":"scroll","background-type":"","background-media":"","overlay-type":"","overlay-color":"","overlay-opacity":"","overlay-gradient":""}},"ast-content-background-meta":{"desktop":{"background-color":"var(--ast-global-color-5)","background-image":"","background-repeat":"repeat","background-position":"center center","background-size":"auto","background-attachment":"scroll","background-type":"","background-media":"","overlay-type":"","overlay-color":"","overlay-opacity":"","overlay-gradient":""},"tablet":{"background-color":"var(--ast-global-color-5)","background-image":"","background-repeat":"repeat","background-position":"center center","background-size":"auto","background-attachment":"scroll","background-type":"","background-media":"","overlay-type":"","overlay-color":"","overlay-opacity":"","overlay-gradient":""},"mobile":{"background-color":"var(--ast-global-color-5)","background-image":"","background-repeat":"repeat","background-position":"center center","background-size":"auto","background-attachment":"scroll","background-type":"","background-media":"","overlay-type":"","overlay-color":"","overlay-opacity":"","overlay-gradient":""}},"footnotes":""},"categories":[60],"tags":[155,61,490,267,552,191],"class_list":["post-10921","post","type-post","status-publish","format-standard","hentry","category-ciclemitja","tag-balaguer","tag-cicle-mitja","tag-ciutat","tag-llegendes","tag-poble","tag-tercer"],"post_mailing_queue_ids":[],"_links":{"self":[{"href":"https:\/\/agora.xtec.cat\/escgaspardeportola\/wp-json\/wp\/v2\/posts\/10921","targetHints":{"allow":["GET"]}}],"collection":[{"href":"https:\/\/agora.xtec.cat\/escgaspardeportola\/wp-json\/wp\/v2\/posts"}],"about":[{"href":"https:\/\/agora.xtec.cat\/escgaspardeportola\/wp-json\/wp\/v2\/types\/post"}],"author":[{"embeddable":true,"href":"https:\/\/agora.xtec.cat\/escgaspardeportola\/wp-json\/wp\/v2\/users\/12"}],"replies":[{"embeddable":true,"href":"https:\/\/agora.xtec.cat\/escgaspardeportola\/wp-json\/wp\/v2\/comments?post=10921"}],"version-history":[{"count":5,"href":"https:\/\/agora.xtec.cat\/escgaspardeportola\/wp-json\/wp\/v2\/posts\/10921\/revisions"}],"predecessor-version":[{"id":10943,"href":"https:\/\/agora.xtec.cat\/escgaspardeportola\/wp-json\/wp\/v2\/posts\/10921\/revisions\/10943"}],"wp:attachment":[{"href":"https:\/\/agora.xtec.cat\/escgaspardeportola\/wp-json\/wp\/v2\/media?parent=10921"}],"wp:term":[{"taxonomy":"category","embeddable":true,"href":"https:\/\/agora.xtec.cat\/escgaspardeportola\/wp-json\/wp\/v2\/categories?post=10921"},{"taxonomy":"post_tag","embeddable":true,"href":"https:\/\/agora.xtec.cat\/escgaspardeportola\/wp-json\/wp\/v2\/tags?post=10921"}],"curies":[{"name":"wp","href":"https:\/\/api.w.org\/{rel}","templated":true}]}}