{"id":10882,"date":"2025-11-12T21:57:50","date_gmt":"2025-11-12T20:57:50","guid":{"rendered":"https:\/\/agora.xtec.cat\/escgaspardeportola\/?p=10882"},"modified":"2025-11-12T21:57:50","modified_gmt":"2025-11-12T20:57:50","slug":"tallers-internivells-a-educacio-infantil","status":"publish","type":"post","link":"https:\/\/agora.xtec.cat\/escgaspardeportola\/educacioinfantil\/tallers-internivells-a-educacio-infantil\/","title":{"rendered":"Tallers internivells a Educaci\u00f3 Infantil"},"content":{"rendered":"<p>Hola fam\u00edlies,<\/p>\n<p>Els dimarts a la tarda els nens i nenes d\u2019Educaci\u00f3 Infantil gaudim dels tallers internivells. En aquests tallers agrupem els infants d\u2019I3, I4 i I5, creant grups amb alumnes de diferents edats, fet que ens permet aprendre els uns dels altres, compartir experi\u00e8ncies i fomentar la col\u00b7laboraci\u00f3, l\u2019autonomia i la creativitat.<\/p>\n<p>Al llarg d\u2019aquest primer trimestre tots els alumnes realitzem les diverses activitats que proposem en els tallers: Yayoi Kusama, Rob\u00f2tica, Recorreguts, Obrador de la sorra, Construcci\u00f3 lliure i Construcci\u00f3 a partir d\u2019un model, Composici\u00f3 amb objectes reals, Cinta adhesiva i aquarel\u00b7les, i Botiga i restaurant.<\/p>\n<p>Cada taller ofereix un espai d\u2019experimentaci\u00f3 i descobriment on els infants poden expressar-se, explorar materials i posar en pr\u00e0ctica habilitats molt diverses. Ens encanta veure com els grups es relacionen, s\u2019ajuden i gaudeixen aprenent junts.<\/p>\n<p><a href=\"https:\/\/drive.google.com\/drive\/folders\/111VmiULCVKcnMAG-g2o85iDmgGR9W_Sp?usp=drive_link\">Us compartim algunes imatges dels tallers perqu\u00e8 pugueu veure com de b\u00e9 ens ho passem i com creixem plegats en cada sessi\u00f3.<\/a><\/p>\n","protected":false},"excerpt":{"rendered":"<p>Hola fam\u00edlies, Els dimarts a la tarda els nens i nenes d\u2019Educaci\u00f3 Infantil gaudim dels tallers internivells. En aquests tallers agrupem els infants d\u2019I3, I4 i I5, creant grups amb alumnes de diferents edats, fet que ens permet aprendre els uns dels altres, compartir experi\u00e8ncies i fomentar la col\u00b7laboraci\u00f3, l\u2019autonomia i la creativitat. Al llarg [&hellip;]<\/p>\n","protected":false},"author":37,"featured_media":0,"comment_status":"closed","ping_status":"closed","sticky":false,"template":"","format":"standard","meta":{"_bbp_topic_count":0,"_bbp_reply_count":0,"_bbp_total_topic_count":0,"_bbp_total_reply_count":0,"_bbp_voice_count":0,"_bbp_anonymous_reply_count":0,"_bbp_topic_count_hidden":0,"_bbp_reply_count_hidden":0,"_bbp_forum_subforum_count":0,"site-sidebar-layout":"default","site-content-layout":"","ast-site-content-layout":"","site-content-style":"default","site-sidebar-style":"default","ast-global-header-display":"","ast-banner-title-visibility":"","ast-main-header-display":"","ast-hfb-above-header-display":"","ast-hfb-below-header-display":"","ast-hfb-mobile-header-display":"","site-post-title":"","ast-breadcrumbs-content":"","ast-featured-img":"","footer-sml-layout":"","theme-transparent-header-meta":"","adv-header-id-meta":"","stick-header-meta":"","header-above-stick-meta":"","header-main-stick-meta":"","header-below-stick-meta":"","astra-migrate-meta-layouts":"default","ast-page-background-enabled":"default","ast-page-background-meta":{"desktop":{"background-color":"var(--ast-global-color-4)","background-image":"","background-repeat":"repeat","background-position":"center center","background-size":"auto","background-attachment":"scroll","background-type":"","background-media":"","overlay-type":"","overlay-color":"","overlay-opacity":"","overlay-gradient":""},"tablet":{"background-color":"","background-image":"","background-repeat":"repeat","background-position":"center center","background-size":"auto","background-attachment":"scroll","background-type":"","background-media":"","overlay-type":"","overlay-color":"","overlay-opacity":"","overlay-gradient":""},"mobile":{"background-color":"","background-image":"","background-repeat":"repeat","background-position":"center center","background-size":"auto","background-attachment":"scroll","background-type":"","background-media":"","overlay-type":"","overlay-color":"","overlay-opacity":"","overlay-gradient":""}},"ast-content-background-meta":{"desktop":{"background-color":"var(--ast-global-color-5)","background-image":"","background-repeat":"repeat","background-position":"center center","background-size":"auto","background-attachment":"scroll","background-type":"","background-media":"","overlay-type":"","overlay-color":"","overlay-opacity":"","overlay-gradient":""},"tablet":{"background-color":"var(--ast-global-color-5)","background-image":"","background-repeat":"repeat","background-position":"center center","background-size":"auto","background-attachment":"scroll","background-type":"","background-media":"","overlay-type":"","overlay-color":"","overlay-opacity":"","overlay-gradient":""},"mobile":{"background-color":"var(--ast-global-color-5)","background-image":"","background-repeat":"repeat","background-position":"center center","background-size":"auto","background-attachment":"scroll","background-type":"","background-media":"","overlay-type":"","overlay-color":"","overlay-opacity":"","overlay-gradient":""}},"footnotes":""},"categories":[64],"tags":[],"class_list":["post-10882","post","type-post","status-publish","format-standard","hentry","category-educacioinfantil"],"post_mailing_queue_ids":[],"_links":{"self":[{"href":"https:\/\/agora.xtec.cat\/escgaspardeportola\/wp-json\/wp\/v2\/posts\/10882","targetHints":{"allow":["GET"]}}],"collection":[{"href":"https:\/\/agora.xtec.cat\/escgaspardeportola\/wp-json\/wp\/v2\/posts"}],"about":[{"href":"https:\/\/agora.xtec.cat\/escgaspardeportola\/wp-json\/wp\/v2\/types\/post"}],"author":[{"embeddable":true,"href":"https:\/\/agora.xtec.cat\/escgaspardeportola\/wp-json\/wp\/v2\/users\/37"}],"replies":[{"embeddable":true,"href":"https:\/\/agora.xtec.cat\/escgaspardeportola\/wp-json\/wp\/v2\/comments?post=10882"}],"version-history":[{"count":1,"href":"https:\/\/agora.xtec.cat\/escgaspardeportola\/wp-json\/wp\/v2\/posts\/10882\/revisions"}],"predecessor-version":[{"id":10883,"href":"https:\/\/agora.xtec.cat\/escgaspardeportola\/wp-json\/wp\/v2\/posts\/10882\/revisions\/10883"}],"wp:attachment":[{"href":"https:\/\/agora.xtec.cat\/escgaspardeportola\/wp-json\/wp\/v2\/media?parent=10882"}],"wp:term":[{"taxonomy":"category","embeddable":true,"href":"https:\/\/agora.xtec.cat\/escgaspardeportola\/wp-json\/wp\/v2\/categories?post=10882"},{"taxonomy":"post_tag","embeddable":true,"href":"https:\/\/agora.xtec.cat\/escgaspardeportola\/wp-json\/wp\/v2\/tags?post=10882"}],"curies":[{"name":"wp","href":"https:\/\/api.w.org\/{rel}","templated":true}]}}