{"id":10863,"date":"2025-11-07T20:22:11","date_gmt":"2025-11-07T19:22:11","guid":{"rendered":"https:\/\/agora.xtec.cat\/escgaspardeportola\/?p=10863"},"modified":"2025-11-07T20:22:11","modified_gmt":"2025-11-07T19:22:11","slug":"celebrem-la-festa-major","status":"publish","type":"post","link":"https:\/\/agora.xtec.cat\/escgaspardeportola\/educacioinfantil\/celebrem-la-festa-major\/","title":{"rendered":"CELEBREM LA FESTA MAJOR!"},"content":{"rendered":"<p data-pm-slice=\"1 1 []\">Bona tarda, fam\u00edlies<\/p>\n<p>A l&#8217;escola ja estem de Festa Major!!<\/p>\n<p>Durant tota la setmana, hem estat duent a terme diferents activitats relacionades amb els gegants i capgrossos de la nostra ciutat i tot el que comporta la festa.<\/p>\n<p>Aquest mat\u00ed hem donat el tret de sortida a la Festa Major amb una activitat molt especial: la tradicional pujada al Sant Crist, acompanyats dels Gegants de Balaguer i el grup d&#8217;animaci\u00f3 Xaranga Rapitenca. La nostra sorpresa ha estat trobar-nos amb diferents personatges del m\u00f3n Disney.<\/p>\n<p>Un cop a dalt, els infants que han volgut han pogut entrar al Santuari per fer-hi la seva ofrena floral.<\/p>\n<p>Quan ja \u00e9rem tots fora, hem continuat la celebraci\u00f3 amb m\u00fasica, balls i moltes rialles gr\u00e0cies al grup d\u2019animaci\u00f3, que ens ha fet gaudir d\u2019un mat\u00ed ple d\u2019alegria i bon ambient.<\/p>\n<p>A la tarda, la festa ha continuat amb una emocionant gimcana plena de jocs, seguida d\u2019una cercavila molt animada amb els capgrossos, el drac i la Glop de Nit.<\/p>\n<p>Volem agrair de tot cor l\u2019ajuda i la implicaci\u00f3 dels nostres companys i companyes de cicle superior, que han estat imprescindibles perqu\u00e8 tots pogu\u00e9ssim viure una tarda tan divertida.<\/p>\n<p>Ha estat una manera preciosa de comen\u00e7ar la Festa Major tots junts!<\/p>\n<p>Us deixem un recull de fotos:<\/p>\n<p><a href=\"https:\/\/drive.google.com\/drive\/folders\/1x9lHbMAW6wSoc0czK2PceQaRKjPcUvM2?usp=sharing\">Inici de Festa Major<\/a><\/p>\n<p><a href=\"https:\/\/drive.google.com\/drive\/folders\/1EkRTvHOUMzb5r7Weq5Lsn7M6-q_DBpKj?usp=sharing\">Gimcana i cercavila<\/a><\/p>\n<p>&nbsp;<\/p>\n","protected":false},"excerpt":{"rendered":"<p>Bona tarda, fam\u00edlies A l&#8217;escola ja estem de Festa Major!! Durant tota la setmana, hem estat duent a terme diferents activitats relacionades amb els gegants i capgrossos de la nostra ciutat i tot el que comporta la festa. Aquest mat\u00ed hem donat el tret de sortida a la Festa Major amb una activitat molt especial: [&hellip;]<\/p>\n","protected":false},"author":33,"featured_media":0,"comment_status":"closed","ping_status":"open","sticky":false,"template":"","format":"standard","meta":{"_bbp_topic_count":0,"_bbp_reply_count":0,"_bbp_total_topic_count":0,"_bbp_total_reply_count":0,"_bbp_voice_count":0,"_bbp_anonymous_reply_count":0,"_bbp_topic_count_hidden":0,"_bbp_reply_count_hidden":0,"_bbp_forum_subforum_count":0,"site-sidebar-layout":"default","site-content-layout":"","ast-site-content-layout":"","site-content-style":"default","site-sidebar-style":"default","ast-global-header-display":"","ast-banner-title-visibility":"","ast-main-header-display":"","ast-hfb-above-header-display":"","ast-hfb-below-header-display":"","ast-hfb-mobile-header-display":"","site-post-title":"","ast-breadcrumbs-content":"","ast-featured-img":"","footer-sml-layout":"","theme-transparent-header-meta":"","adv-header-id-meta":"","stick-header-meta":"","header-above-stick-meta":"","header-main-stick-meta":"","header-below-stick-meta":"","astra-migrate-meta-layouts":"default","ast-page-background-enabled":"default","ast-page-background-meta":{"desktop":{"background-color":"var(--ast-global-color-4)","background-image":"","background-repeat":"repeat","background-position":"center center","background-size":"auto","background-attachment":"scroll","background-type":"","background-media":"","overlay-type":"","overlay-color":"","overlay-opacity":"","overlay-gradient":""},"tablet":{"background-color":"","background-image":"","background-repeat":"repeat","background-position":"center center","background-size":"auto","background-attachment":"scroll","background-type":"","background-media":"","overlay-type":"","overlay-color":"","overlay-opacity":"","overlay-gradient":""},"mobile":{"background-color":"","background-image":"","background-repeat":"repeat","background-position":"center center","background-size":"auto","background-attachment":"scroll","background-type":"","background-media":"","overlay-type":"","overlay-color":"","overlay-opacity":"","overlay-gradient":""}},"ast-content-background-meta":{"desktop":{"background-color":"var(--ast-global-color-5)","background-image":"","background-repeat":"repeat","background-position":"center center","background-size":"auto","background-attachment":"scroll","background-type":"","background-media":"","overlay-type":"","overlay-color":"","overlay-opacity":"","overlay-gradient":""},"tablet":{"background-color":"var(--ast-global-color-5)","background-image":"","background-repeat":"repeat","background-position":"center center","background-size":"auto","background-attachment":"scroll","background-type":"","background-media":"","overlay-type":"","overlay-color":"","overlay-opacity":"","overlay-gradient":""},"mobile":{"background-color":"var(--ast-global-color-5)","background-image":"","background-repeat":"repeat","background-position":"center center","background-size":"auto","background-attachment":"scroll","background-type":"","background-media":"","overlay-type":"","overlay-color":"","overlay-opacity":"","overlay-gradient":""}},"footnotes":""},"categories":[64],"tags":[354],"class_list":["post-10863","post","type-post","status-publish","format-standard","hentry","category-educacioinfantil","tag-festa-major"],"post_mailing_queue_ids":[],"_links":{"self":[{"href":"https:\/\/agora.xtec.cat\/escgaspardeportola\/wp-json\/wp\/v2\/posts\/10863","targetHints":{"allow":["GET"]}}],"collection":[{"href":"https:\/\/agora.xtec.cat\/escgaspardeportola\/wp-json\/wp\/v2\/posts"}],"about":[{"href":"https:\/\/agora.xtec.cat\/escgaspardeportola\/wp-json\/wp\/v2\/types\/post"}],"author":[{"embeddable":true,"href":"https:\/\/agora.xtec.cat\/escgaspardeportola\/wp-json\/wp\/v2\/users\/33"}],"replies":[{"embeddable":true,"href":"https:\/\/agora.xtec.cat\/escgaspardeportola\/wp-json\/wp\/v2\/comments?post=10863"}],"version-history":[{"count":2,"href":"https:\/\/agora.xtec.cat\/escgaspardeportola\/wp-json\/wp\/v2\/posts\/10863\/revisions"}],"predecessor-version":[{"id":10865,"href":"https:\/\/agora.xtec.cat\/escgaspardeportola\/wp-json\/wp\/v2\/posts\/10863\/revisions\/10865"}],"wp:attachment":[{"href":"https:\/\/agora.xtec.cat\/escgaspardeportola\/wp-json\/wp\/v2\/media?parent=10863"}],"wp:term":[{"taxonomy":"category","embeddable":true,"href":"https:\/\/agora.xtec.cat\/escgaspardeportola\/wp-json\/wp\/v2\/categories?post=10863"},{"taxonomy":"post_tag","embeddable":true,"href":"https:\/\/agora.xtec.cat\/escgaspardeportola\/wp-json\/wp\/v2\/tags?post=10863"}],"curies":[{"name":"wp","href":"https:\/\/api.w.org\/{rel}","templated":true}]}}