{"id":10792,"date":"2025-10-10T20:07:39","date_gmt":"2025-10-10T18:07:39","guid":{"rendered":"https:\/\/agora.xtec.cat\/escgaspardeportola\/?p=10792"},"modified":"2025-10-10T20:07:39","modified_gmt":"2025-10-10T18:07:39","slug":"excursio-a-verdu","status":"publish","type":"post","link":"https:\/\/agora.xtec.cat\/escgaspardeportola\/educacioinfantil\/excursio-a-verdu\/","title":{"rendered":"Excursi\u00f3 a Verd\u00fa"},"content":{"rendered":"<p>Avui els nens i nenes d&#8217;I4 i I5 hem anat d&#8217;excursi\u00f3 a Verd\u00fa.<\/p>\n<p>Hem comen\u00e7at el dia escoltant &#8220;L\u2019auca dels arrugats&#8221;, una activitat que ens han presentat els nois i noies de l\u2019associaci\u00f3 ALBA.<\/p>\n<p>Ho han fet molt b\u00e9, i la seva representaci\u00f3 ens ha ajudat a entendre que les coses, encara que a vegades no ens acabin de sortir com nosaltres esperem, poden arribar a tenir molt d&#8217;\u00e8xit. Aquest va ser el cas d&#8217;en Llu\u00eds. No li sortien les neules i resignat, arrugava la pasta. Un dia per berenar, les van provar i estaven exquisides!! A partir d&#8217;aquell dia els arrugats es van comen\u00e7ar a comercialitzar.<\/p>\n<p>Hem tingut la gran oportunitat de fer els nostres propis arrugats. I a jutjar per l&#8217;olor&#8230; ens han quedat bon\u00edssims!!<\/p>\n<p>Tamb\u00e9 hem aprofitat la visita a Verd\u00fa per con\u00e8ixer a fons all\u00f2 que els fa famosos, la cer\u00e0mica negra.<\/p>\n<p>Hem visitat un taller de ceramista on hem tingut l&#8217;oportunitat de crear la nostra pr\u00f2pia figura. Ara al taller la couran i quan estigui ben cuita ens la portaran a l&#8217;escola.<\/p>\n<p>Ha estat un dia molt divertit i ple d&#8217;aprenentatges, a continuaci\u00f3 podeu veure&#8217;n un recull de fotos!<\/p>\n<p><a href=\"https:\/\/drive.google.com\/drive\/folders\/1Uk0aRRc0Kfv6rOPBZyZ1G18RofZnAyxN\">FOTOS I4<\/a><\/p>\n<p><a href=\"https:\/\/drive.google.com\/drive\/folders\/1HFsF7siYEE3BZw2KQOOgq10WbyfBSuh-\">FOTOS I5<\/a><\/p>\n","protected":false},"excerpt":{"rendered":"<p>Avui els nens i nenes d&#8217;I4 i I5 hem anat d&#8217;excursi\u00f3 a Verd\u00fa. Hem comen\u00e7at el dia escoltant &#8220;L\u2019auca dels arrugats&#8221;, una activitat que ens han presentat els nois i noies de l\u2019associaci\u00f3 ALBA. Ho han fet molt b\u00e9, i la seva representaci\u00f3 ens ha ajudat a entendre que les coses, encara que a vegades [&hellip;]<\/p>\n","protected":false},"author":37,"featured_media":0,"comment_status":"closed","ping_status":"closed","sticky":false,"template":"","format":"standard","meta":{"_bbp_topic_count":0,"_bbp_reply_count":0,"_bbp_total_topic_count":0,"_bbp_total_reply_count":0,"_bbp_voice_count":0,"_bbp_anonymous_reply_count":0,"_bbp_topic_count_hidden":0,"_bbp_reply_count_hidden":0,"_bbp_forum_subforum_count":0,"site-sidebar-layout":"default","site-content-layout":"","ast-site-content-layout":"","site-content-style":"default","site-sidebar-style":"default","ast-global-header-display":"","ast-banner-title-visibility":"","ast-main-header-display":"","ast-hfb-above-header-display":"","ast-hfb-below-header-display":"","ast-hfb-mobile-header-display":"","site-post-title":"","ast-breadcrumbs-content":"","ast-featured-img":"","footer-sml-layout":"","theme-transparent-header-meta":"","adv-header-id-meta":"","stick-header-meta":"","header-above-stick-meta":"","header-main-stick-meta":"","header-below-stick-meta":"","astra-migrate-meta-layouts":"default","ast-page-background-enabled":"default","ast-page-background-meta":{"desktop":{"background-color":"var(--ast-global-color-4)","background-image":"","background-repeat":"repeat","background-position":"center center","background-size":"auto","background-attachment":"scroll","background-type":"","background-media":"","overlay-type":"","overlay-color":"","overlay-opacity":"","overlay-gradient":""},"tablet":{"background-color":"","background-image":"","background-repeat":"repeat","background-position":"center center","background-size":"auto","background-attachment":"scroll","background-type":"","background-media":"","overlay-type":"","overlay-color":"","overlay-opacity":"","overlay-gradient":""},"mobile":{"background-color":"","background-image":"","background-repeat":"repeat","background-position":"center center","background-size":"auto","background-attachment":"scroll","background-type":"","background-media":"","overlay-type":"","overlay-color":"","overlay-opacity":"","overlay-gradient":""}},"ast-content-background-meta":{"desktop":{"background-color":"var(--ast-global-color-5)","background-image":"","background-repeat":"repeat","background-position":"center center","background-size":"auto","background-attachment":"scroll","background-type":"","background-media":"","overlay-type":"","overlay-color":"","overlay-opacity":"","overlay-gradient":""},"tablet":{"background-color":"var(--ast-global-color-5)","background-image":"","background-repeat":"repeat","background-position":"center center","background-size":"auto","background-attachment":"scroll","background-type":"","background-media":"","overlay-type":"","overlay-color":"","overlay-opacity":"","overlay-gradient":""},"mobile":{"background-color":"var(--ast-global-color-5)","background-image":"","background-repeat":"repeat","background-position":"center center","background-size":"auto","background-attachment":"scroll","background-type":"","background-media":"","overlay-type":"","overlay-color":"","overlay-opacity":"","overlay-gradient":""}},"footnotes":""},"categories":[64],"tags":[],"class_list":["post-10792","post","type-post","status-publish","format-standard","hentry","category-educacioinfantil"],"post_mailing_queue_ids":[],"_links":{"self":[{"href":"https:\/\/agora.xtec.cat\/escgaspardeportola\/wp-json\/wp\/v2\/posts\/10792","targetHints":{"allow":["GET"]}}],"collection":[{"href":"https:\/\/agora.xtec.cat\/escgaspardeportola\/wp-json\/wp\/v2\/posts"}],"about":[{"href":"https:\/\/agora.xtec.cat\/escgaspardeportola\/wp-json\/wp\/v2\/types\/post"}],"author":[{"embeddable":true,"href":"https:\/\/agora.xtec.cat\/escgaspardeportola\/wp-json\/wp\/v2\/users\/37"}],"replies":[{"embeddable":true,"href":"https:\/\/agora.xtec.cat\/escgaspardeportola\/wp-json\/wp\/v2\/comments?post=10792"}],"version-history":[{"count":4,"href":"https:\/\/agora.xtec.cat\/escgaspardeportola\/wp-json\/wp\/v2\/posts\/10792\/revisions"}],"predecessor-version":[{"id":10796,"href":"https:\/\/agora.xtec.cat\/escgaspardeportola\/wp-json\/wp\/v2\/posts\/10792\/revisions\/10796"}],"wp:attachment":[{"href":"https:\/\/agora.xtec.cat\/escgaspardeportola\/wp-json\/wp\/v2\/media?parent=10792"}],"wp:term":[{"taxonomy":"category","embeddable":true,"href":"https:\/\/agora.xtec.cat\/escgaspardeportola\/wp-json\/wp\/v2\/categories?post=10792"},{"taxonomy":"post_tag","embeddable":true,"href":"https:\/\/agora.xtec.cat\/escgaspardeportola\/wp-json\/wp\/v2\/tags?post=10792"}],"curies":[{"name":"wp","href":"https:\/\/api.w.org\/{rel}","templated":true}]}}