{"id":10693,"date":"2025-09-19T17:00:02","date_gmt":"2025-09-19T15:00:02","guid":{"rendered":"https:\/\/agora.xtec.cat\/escgaspardeportola\/?p=10693"},"modified":"2025-09-19T17:02:29","modified_gmt":"2025-09-19T15:02:29","slug":"cicle-mitja-als-encontats%f0%9f%8e%a8de-balaguer","status":"publish","type":"post","link":"https:\/\/agora.xtec.cat\/escgaspardeportola\/ciclemitja\/cicle-mitja-als-encontats%f0%9f%8e%a8de-balaguer\/","title":{"rendered":"CICLE MITJ\u00c0 ALS ENCONTATS\ud83c\udfa8DE BALAGUER"},"content":{"rendered":"<p><img loading=\"lazy\" decoding=\"async\" class=\"wp-image-10695 aligncenter\" src=\"https:\/\/agora.xtec.cat\/escgaspardeportola\/wp-content\/uploads\/usu555\/2025\/09\/ee94f1bb78a9c8d24852474e39e70c9aIMG5943-1024x768.jpg\" alt=\"\" width=\"441\" height=\"331\" srcset=\"https:\/\/agora.xtec.cat\/escgaspardeportola\/wp-content\/uploads\/usu555\/2025\/09\/ee94f1bb78a9c8d24852474e39e70c9aIMG5943-1024x768.jpg 1024w, https:\/\/agora.xtec.cat\/escgaspardeportola\/wp-content\/uploads\/usu555\/2025\/09\/ee94f1bb78a9c8d24852474e39e70c9aIMG5943-300x225.jpg 300w, https:\/\/agora.xtec.cat\/escgaspardeportola\/wp-content\/uploads\/usu555\/2025\/09\/ee94f1bb78a9c8d24852474e39e70c9aIMG5943-768x576.jpg 768w, https:\/\/agora.xtec.cat\/escgaspardeportola\/wp-content\/uploads\/usu555\/2025\/09\/ee94f1bb78a9c8d24852474e39e70c9aIMG5943-1536x1152.jpg 1536w, https:\/\/agora.xtec.cat\/escgaspardeportola\/wp-content\/uploads\/usu555\/2025\/09\/ee94f1bb78a9c8d24852474e39e70c9aIMG5943-200x150.jpg 200w, https:\/\/agora.xtec.cat\/escgaspardeportola\/wp-content\/uploads\/usu555\/2025\/09\/ee94f1bb78a9c8d24852474e39e70c9aIMG5943.jpg 1800w\" sizes=\"auto, (max-width: 441px) 100vw, 441px\" \/><\/p>\n<p style=\"text-align: justify;\">Aquest dijous van comen\u00e7ar els tallers d&#8217;il\u00b7lustraci\u00f3\ud83c\udfa8 de l&#8217;Encontats de Balaguer, el Mercat del Conte i el Llibre Il\u00b7lustrat que enguany celebra la seva desena edici\u00f3, amb la participaci\u00f3 de l&#8217;alumnat de prim\u00e0ria dels diferents centres de la ciutat. Aix\u00ed doncs, els nens i nenes de Cicle Mitj\u00e0 de l&#8217;escola han descobert, durant aquests dos dies, diverses t\u00e8cniques d&#8217;il\u00b7lustraci\u00f3 gr\u00e0cies a tres il\u00b7lustradors destacats\ud83d\udd1d: la Blanca Caminal, la Natasha Domanova i el Francesc Infante\ud83d\udc4f.<\/p>\n<p style=\"text-align: justify;\">Amb la Blanca, els nens i nenes han realitzat un petit conte per cada participant; amb diferents tampons, cada infant ha creat la seva pr\u00f2pia hist\u00f2ria i l&#8217;ha acabat il\u00b7lustrant amb ll\u00e0pissos de colors\u270f\ufe0f. Amb la Natasha han treballat la il\u00b7lustraci\u00f3 mitjan\u00e7ant la creaci\u00f3 d&#8217;una portada i contraportada liter\u00e0ria. Per \u00faltim, amb el Francesc, han observat el proc\u00e9s que segueix l\u2019il\u00b7lustrador per crear narracions amb lletres tipogr\u00e0fiques redibuixades.<\/p>\n<p style=\"text-align: justify;\">La festa\ud83c\udf89 continuar\u00e0 tot el cap de setmana, aix\u00ed que us animem a prendre els carrers del centre hist\u00f2ric de Balaguer per ser els i les protagonistes d&#8217;aquest m\u00f3n de m\u00e0gia \ud83e\ude84i fantasia i motivar aix\u00ed als infants a llegir.<\/p>\n<p>Tot seguit us deixem un recull d&#8217;imatges\ud83d\udcf8 i diversos enlla\u00e7os relacionats:<\/p>\n<p><a href=\"https:\/\/drive.google.com\/drive\/u\/2\/folders\/196SpPgEZQBec88eOvYy1szCIM2uOr7tF?dmr=1&amp;ec=wgc-drive-globalnav-goto\">3r<\/a><\/p>\n<p><a href=\"https:\/\/drive.google.com\/drive\/u\/2\/folders\/12-sFrRT0LWS6cAK75JmWaDUy-722JU2v?dmr=1&amp;ec=wgc-drive-globalnav-goto\">4t<\/a><\/p>\n<p><a href=\"https:\/\/www.balaguer.cat\/encontats\/\">https:\/\/www.balaguer.cat\/encontats\/\u00a0<\/a><\/p>\n<p><a href=\"https:\/\/www.instagram.com\/p\/DOvWlsCjGQo\/?igsh=MW1hY3BtdzczZXk0YQ%3D%3D\">https:\/\/www.instagram.com\/p\/DOvWlsCjGQo\/?igsh=MW1hY3BtdzczZXk0YQ%3D%3D\u00a0<\/a><\/p>\n<p><a href=\"https:\/\/www.instagram.com\/share\/BALWWuJrC1\">https:\/\/www.instagram.com\/share\/BALWWuJrC1\u00a0<\/a><\/p>\n<p><a href=\"https:\/\/www.3cat.cat\/3cat\/telenoticies-comarques-19092025\/video\/6359217\/\">https:\/\/www.3cat.cat\/3cat\/telenoticies-comarques-19092025\/video\/6359217\/<\/a><\/p>\n","protected":false},"excerpt":{"rendered":"<p>Aquest dijous van comen\u00e7ar els tallers d&#8217;il\u00b7lustraci\u00f3\ud83c\udfa8 de l&#8217;Encontats de Balaguer, el Mercat del Conte i el Llibre Il\u00b7lustrat que enguany celebra la seva desena edici\u00f3, amb la participaci\u00f3 de l&#8217;alumnat de prim\u00e0ria dels diferents centres de la ciutat. Aix\u00ed doncs, els nens i nenes de Cicle Mitj\u00e0 de l&#8217;escola han descobert, durant aquests dos [&hellip;]<\/p>\n","protected":false},"author":47,"featured_media":0,"comment_status":"open","ping_status":"open","sticky":false,"template":"","format":"standard","meta":{"_bbp_topic_count":0,"_bbp_reply_count":0,"_bbp_total_topic_count":0,"_bbp_total_reply_count":0,"_bbp_voice_count":0,"_bbp_anonymous_reply_count":0,"_bbp_topic_count_hidden":0,"_bbp_reply_count_hidden":0,"_bbp_forum_subforum_count":0,"site-sidebar-layout":"default","site-content-layout":"","ast-site-content-layout":"","site-content-style":"default","site-sidebar-style":"default","ast-global-header-display":"","ast-banner-title-visibility":"","ast-main-header-display":"","ast-hfb-above-header-display":"","ast-hfb-below-header-display":"","ast-hfb-mobile-header-display":"","site-post-title":"","ast-breadcrumbs-content":"","ast-featured-img":"","footer-sml-layout":"","theme-transparent-header-meta":"","adv-header-id-meta":"","stick-header-meta":"","header-above-stick-meta":"","header-main-stick-meta":"","header-below-stick-meta":"","astra-migrate-meta-layouts":"default","ast-page-background-enabled":"default","ast-page-background-meta":{"desktop":{"background-color":"var(--ast-global-color-4)","background-image":"","background-repeat":"repeat","background-position":"center center","background-size":"auto","background-attachment":"scroll","background-type":"","background-media":"","overlay-type":"","overlay-color":"","overlay-opacity":"","overlay-gradient":""},"tablet":{"background-color":"","background-image":"","background-repeat":"repeat","background-position":"center center","background-size":"auto","background-attachment":"scroll","background-type":"","background-media":"","overlay-type":"","overlay-color":"","overlay-opacity":"","overlay-gradient":""},"mobile":{"background-color":"","background-image":"","background-repeat":"repeat","background-position":"center center","background-size":"auto","background-attachment":"scroll","background-type":"","background-media":"","overlay-type":"","overlay-color":"","overlay-opacity":"","overlay-gradient":""}},"ast-content-background-meta":{"desktop":{"background-color":"var(--ast-global-color-5)","background-image":"","background-repeat":"repeat","background-position":"center center","background-size":"auto","background-attachment":"scroll","background-type":"","background-media":"","overlay-type":"","overlay-color":"","overlay-opacity":"","overlay-gradient":""},"tablet":{"background-color":"var(--ast-global-color-5)","background-image":"","background-repeat":"repeat","background-position":"center center","background-size":"auto","background-attachment":"scroll","background-type":"","background-media":"","overlay-type":"","overlay-color":"","overlay-opacity":"","overlay-gradient":""},"mobile":{"background-color":"var(--ast-global-color-5)","background-image":"","background-repeat":"repeat","background-position":"center center","background-size":"auto","background-attachment":"scroll","background-type":"","background-media":"","overlay-type":"","overlay-color":"","overlay-opacity":"","overlay-gradient":""}},"footnotes":""},"categories":[60],"tags":[334,155,61,513,100,191],"class_list":["post-10693","post","type-post","status-publish","format-standard","hentry","category-ciclemitja","tag-art","tag-balaguer","tag-cicle-mitja","tag-encontats","tag-quart","tag-tercer"],"post_mailing_queue_ids":[],"_links":{"self":[{"href":"https:\/\/agora.xtec.cat\/escgaspardeportola\/wp-json\/wp\/v2\/posts\/10693","targetHints":{"allow":["GET"]}}],"collection":[{"href":"https:\/\/agora.xtec.cat\/escgaspardeportola\/wp-json\/wp\/v2\/posts"}],"about":[{"href":"https:\/\/agora.xtec.cat\/escgaspardeportola\/wp-json\/wp\/v2\/types\/post"}],"author":[{"embeddable":true,"href":"https:\/\/agora.xtec.cat\/escgaspardeportola\/wp-json\/wp\/v2\/users\/47"}],"replies":[{"embeddable":true,"href":"https:\/\/agora.xtec.cat\/escgaspardeportola\/wp-json\/wp\/v2\/comments?post=10693"}],"version-history":[{"count":6,"href":"https:\/\/agora.xtec.cat\/escgaspardeportola\/wp-json\/wp\/v2\/posts\/10693\/revisions"}],"predecessor-version":[{"id":10713,"href":"https:\/\/agora.xtec.cat\/escgaspardeportola\/wp-json\/wp\/v2\/posts\/10693\/revisions\/10713"}],"wp:attachment":[{"href":"https:\/\/agora.xtec.cat\/escgaspardeportola\/wp-json\/wp\/v2\/media?parent=10693"}],"wp:term":[{"taxonomy":"category","embeddable":true,"href":"https:\/\/agora.xtec.cat\/escgaspardeportola\/wp-json\/wp\/v2\/categories?post=10693"},{"taxonomy":"post_tag","embeddable":true,"href":"https:\/\/agora.xtec.cat\/escgaspardeportola\/wp-json\/wp\/v2\/tags?post=10693"}],"curies":[{"name":"wp","href":"https:\/\/api.w.org\/{rel}","templated":true}]}}