{"id":10656,"date":"2025-06-27T11:54:51","date_gmt":"2025-06-27T09:54:51","guid":{"rendered":"https:\/\/agora.xtec.cat\/escgaspardeportola\/?p=10656"},"modified":"2025-06-27T11:54:51","modified_gmt":"2025-06-27T09:54:51","slug":"fi-de-curs-i-de-cicle","status":"publish","type":"post","link":"https:\/\/agora.xtec.cat\/escgaspardeportola\/ciclemitja\/fi-de-curs-i-de-cicle\/","title":{"rendered":"Fi de curs i de cicle!"},"content":{"rendered":"<p><a href=\"https:\/\/drive.google.com\/drive\/folders\/1-fBGmWoa1xAI_DwwGxZUikBRllo-KvoJ?usp=sharing\"><img loading=\"lazy\" decoding=\"async\" class=\"wp-image-10657 alignleft\" src=\"https:\/\/agora.xtec.cat\/escgaspardeportola\/wp-content\/uploads\/usu555\/2025\/06\/FI-DE-CURS.jpg\" alt=\"\" width=\"307\" height=\"230\" srcset=\"https:\/\/agora.xtec.cat\/escgaspardeportola\/wp-content\/uploads\/usu555\/2025\/06\/FI-DE-CURS.jpg 448w, https:\/\/agora.xtec.cat\/escgaspardeportola\/wp-content\/uploads\/usu555\/2025\/06\/FI-DE-CURS-300x225.jpg 300w, https:\/\/agora.xtec.cat\/escgaspardeportola\/wp-content\/uploads\/usu555\/2025\/06\/FI-DE-CURS-200x150.jpg 200w\" sizes=\"auto, (max-width: 307px) 100vw, 307px\" \/><\/a><\/p>\n<p><span style=\"font-family: inherit;font-size: 1em\">L&#8217;alumnat de 4t ha finalitzat el cicle mitj\u00e0!<\/span><\/p>\n<p>Us volem compartir algunes fotografies del darrer dia. CLICA damunt la fotografia<\/p>\n<p>Tamb\u00e9 us volem compartir <span style=\"color: #000080\"><strong>UN C\u00d2MIC<\/strong><\/span> que hem realitzat amb les caricatures de l&#8217;alumnat! CLICA I ELS VEUR\u00c0S: <span style=\"color: #000080\"><strong><a style=\"color: #000080\" href=\"https:\/\/drive.google.com\/file\/d\/12z7WOuVxFPoCS_yQV7Pdq1EuyqyboV8V\/view?usp=sharing\">4T A<\/a>\u00a0 \u00a0 \u00a0 \u00a0&#8211;\u00a0 \u00a0 \u00a0 \u00a0 <a style=\"color: #000080\" href=\"https:\/\/drive.google.com\/file\/d\/1mDce8ZMyoQ6I55DXWgLWw0v82Z-_Zrps\/view?usp=sharing\">4T B<\/a><\/strong><\/span><\/p>\n<p>Endavant cap al cicle Superior!<\/p>\n","protected":false},"excerpt":{"rendered":"<p>L&#8217;alumnat de 4t ha finalitzat el cicle mitj\u00e0! Us volem compartir algunes fotografies del darrer dia. CLICA damunt la fotografia Tamb\u00e9 us volem compartir UN C\u00d2MIC que hem realitzat amb les caricatures de l&#8217;alumnat! CLICA I ELS VEUR\u00c0S: 4T A\u00a0 \u00a0 \u00a0 \u00a0&#8211;\u00a0 \u00a0 \u00a0 \u00a0 4T B Endavant cap al cicle Superior!<\/p>\n","protected":false},"author":12,"featured_media":0,"comment_status":"closed","ping_status":"open","sticky":false,"template":"","format":"standard","meta":{"_bbp_topic_count":0,"_bbp_reply_count":0,"_bbp_total_topic_count":0,"_bbp_total_reply_count":0,"_bbp_voice_count":0,"_bbp_anonymous_reply_count":0,"_bbp_topic_count_hidden":0,"_bbp_reply_count_hidden":0,"_bbp_forum_subforum_count":0,"site-sidebar-layout":"default","site-content-layout":"","ast-site-content-layout":"","site-content-style":"default","site-sidebar-style":"default","ast-global-header-display":"","ast-banner-title-visibility":"","ast-main-header-display":"","ast-hfb-above-header-display":"","ast-hfb-below-header-display":"","ast-hfb-mobile-header-display":"","site-post-title":"","ast-breadcrumbs-content":"","ast-featured-img":"","footer-sml-layout":"","theme-transparent-header-meta":"","adv-header-id-meta":"","stick-header-meta":"","header-above-stick-meta":"","header-main-stick-meta":"","header-below-stick-meta":"","astra-migrate-meta-layouts":"default","ast-page-background-enabled":"default","ast-page-background-meta":{"desktop":{"background-color":"var(--ast-global-color-4)","background-image":"","background-repeat":"repeat","background-position":"center center","background-size":"auto","background-attachment":"scroll","background-type":"","background-media":"","overlay-type":"","overlay-color":"","overlay-opacity":"","overlay-gradient":""},"tablet":{"background-color":"","background-image":"","background-repeat":"repeat","background-position":"center center","background-size":"auto","background-attachment":"scroll","background-type":"","background-media":"","overlay-type":"","overlay-color":"","overlay-opacity":"","overlay-gradient":""},"mobile":{"background-color":"","background-image":"","background-repeat":"repeat","background-position":"center center","background-size":"auto","background-attachment":"scroll","background-type":"","background-media":"","overlay-type":"","overlay-color":"","overlay-opacity":"","overlay-gradient":""}},"ast-content-background-meta":{"desktop":{"background-color":"var(--ast-global-color-5)","background-image":"","background-repeat":"repeat","background-position":"center center","background-size":"auto","background-attachment":"scroll","background-type":"","background-media":"","overlay-type":"","overlay-color":"","overlay-opacity":"","overlay-gradient":""},"tablet":{"background-color":"var(--ast-global-color-5)","background-image":"","background-repeat":"repeat","background-position":"center center","background-size":"auto","background-attachment":"scroll","background-type":"","background-media":"","overlay-type":"","overlay-color":"","overlay-opacity":"","overlay-gradient":""},"mobile":{"background-color":"var(--ast-global-color-5)","background-image":"","background-repeat":"repeat","background-position":"center center","background-size":"auto","background-attachment":"scroll","background-type":"","background-media":"","overlay-type":"","overlay-color":"","overlay-opacity":"","overlay-gradient":""}},"footnotes":""},"categories":[60],"tags":[61,512,511],"class_list":["post-10656","post","type-post","status-publish","format-standard","hentry","category-ciclemitja","tag-cicle-mitja","tag-comic","tag-darrer-dia-de-curs"],"post_mailing_queue_ids":[],"_links":{"self":[{"href":"https:\/\/agora.xtec.cat\/escgaspardeportola\/wp-json\/wp\/v2\/posts\/10656","targetHints":{"allow":["GET"]}}],"collection":[{"href":"https:\/\/agora.xtec.cat\/escgaspardeportola\/wp-json\/wp\/v2\/posts"}],"about":[{"href":"https:\/\/agora.xtec.cat\/escgaspardeportola\/wp-json\/wp\/v2\/types\/post"}],"author":[{"embeddable":true,"href":"https:\/\/agora.xtec.cat\/escgaspardeportola\/wp-json\/wp\/v2\/users\/12"}],"replies":[{"embeddable":true,"href":"https:\/\/agora.xtec.cat\/escgaspardeportola\/wp-json\/wp\/v2\/comments?post=10656"}],"version-history":[{"count":4,"href":"https:\/\/agora.xtec.cat\/escgaspardeportola\/wp-json\/wp\/v2\/posts\/10656\/revisions"}],"predecessor-version":[{"id":10663,"href":"https:\/\/agora.xtec.cat\/escgaspardeportola\/wp-json\/wp\/v2\/posts\/10656\/revisions\/10663"}],"wp:attachment":[{"href":"https:\/\/agora.xtec.cat\/escgaspardeportola\/wp-json\/wp\/v2\/media?parent=10656"}],"wp:term":[{"taxonomy":"category","embeddable":true,"href":"https:\/\/agora.xtec.cat\/escgaspardeportola\/wp-json\/wp\/v2\/categories?post=10656"},{"taxonomy":"post_tag","embeddable":true,"href":"https:\/\/agora.xtec.cat\/escgaspardeportola\/wp-json\/wp\/v2\/tags?post=10656"}],"curies":[{"name":"wp","href":"https:\/\/api.w.org\/{rel}","templated":true}]}}