{"id":10556,"date":"2025-06-04T22:13:19","date_gmt":"2025-06-04T20:13:19","guid":{"rendered":"https:\/\/agora.xtec.cat\/escgaspardeportola\/?p=10556"},"modified":"2025-06-04T22:18:31","modified_gmt":"2025-06-04T20:18:31","slug":"i5-projecte-de-la-prehistoria","status":"publish","type":"post","link":"https:\/\/agora.xtec.cat\/escgaspardeportola\/educacioinfantil\/i5-projecte-de-la-prehistoria\/","title":{"rendered":"I5- PROJECTE DE LA PREHIST\u00d2RIA"},"content":{"rendered":"<p>Al llarg d&#8217;aquest trimestre, dins del projecte d&#8217;escola &#8220;El pas del temps&#8221;, a I5 ens hem endinsat en el coneixement de la vida prehist\u00f2rica , descobrint com vivien (coves), com pintaven (pintures rupestres), la seva vestimenta , els animals prehist\u00f2rics, com menjaven (ca\u00e7aven, pescaven i recol\u00b7lectaven), quines descobertes van fer ( el foc i la roda)&#8230;.<\/p>\n<p>El projecte el vam iniciar amb una activitat molt motivadora, on els infants havien de buscar i descobrir el tresor a partir d&#8217;una s\u00e8rie de pistes ubicades per la classe i on a cada pista estava assignada una icona, donant el tret de sortida a la resta d&#8217;activitats que s&#8217;han anat realitzant als espais , a les sessions de projecte, complementar-lo amb la sortida a Espai Or\u00edgens (Camarasa), fins a fer la cloenda amb un recull (lapbook), un visionat de tot el que hem fet, i amb una tarda de cinema amb la pel\u00b7l\u00edcula prehist\u00f2rica: Els Croods.<\/p>\n<p>Us deixem un v\u00eddeo &#8211; resum del que hem fet i de com hem gaudit de valent d&#8217;aquest viatge en el temps.<\/p>\n<p><a href=\"https:\/\/drive.google.com\/file\/d\/1pUdPEtu9mDh6VwWAbd7pA6z1JCa7ot-1\/view?usp=drive_link\">VEURE V\u00cdDEO<\/a><\/p>\n","protected":false},"excerpt":{"rendered":"<p>Al llarg d&#8217;aquest trimestre, dins del projecte d&#8217;escola &#8220;El pas del temps&#8221;, a I5 ens hem endinsat en el coneixement de la vida prehist\u00f2rica , descobrint com vivien (coves), com pintaven (pintures rupestres), la seva vestimenta , els animals prehist\u00f2rics, com menjaven (ca\u00e7aven, pescaven i recol\u00b7lectaven), quines descobertes van fer ( el foc i la [&hellip;]<\/p>\n","protected":false},"author":59,"featured_media":10560,"comment_status":"closed","ping_status":"open","sticky":false,"template":"","format":"standard","meta":{"_bbp_topic_count":0,"_bbp_reply_count":0,"_bbp_total_topic_count":0,"_bbp_total_reply_count":0,"_bbp_voice_count":0,"_bbp_anonymous_reply_count":0,"_bbp_topic_count_hidden":0,"_bbp_reply_count_hidden":0,"_bbp_forum_subforum_count":0,"site-sidebar-layout":"default","site-content-layout":"","ast-site-content-layout":"","site-content-style":"default","site-sidebar-style":"default","ast-global-header-display":"","ast-banner-title-visibility":"","ast-main-header-display":"","ast-hfb-above-header-display":"","ast-hfb-below-header-display":"","ast-hfb-mobile-header-display":"","site-post-title":"","ast-breadcrumbs-content":"","ast-featured-img":"","footer-sml-layout":"","theme-transparent-header-meta":"","adv-header-id-meta":"","stick-header-meta":"","header-above-stick-meta":"","header-main-stick-meta":"","header-below-stick-meta":"","astra-migrate-meta-layouts":"default","ast-page-background-enabled":"default","ast-page-background-meta":{"desktop":{"background-color":"var(--ast-global-color-4)","background-image":"","background-repeat":"repeat","background-position":"center center","background-size":"auto","background-attachment":"scroll","background-type":"","background-media":"","overlay-type":"","overlay-color":"","overlay-opacity":"","overlay-gradient":""},"tablet":{"background-color":"","background-image":"","background-repeat":"repeat","background-position":"center center","background-size":"auto","background-attachment":"scroll","background-type":"","background-media":"","overlay-type":"","overlay-color":"","overlay-opacity":"","overlay-gradient":""},"mobile":{"background-color":"","background-image":"","background-repeat":"repeat","background-position":"center center","background-size":"auto","background-attachment":"scroll","background-type":"","background-media":"","overlay-type":"","overlay-color":"","overlay-opacity":"","overlay-gradient":""}},"ast-content-background-meta":{"desktop":{"background-color":"var(--ast-global-color-5)","background-image":"","background-repeat":"repeat","background-position":"center center","background-size":"auto","background-attachment":"scroll","background-type":"","background-media":"","overlay-type":"","overlay-color":"","overlay-opacity":"","overlay-gradient":""},"tablet":{"background-color":"var(--ast-global-color-5)","background-image":"","background-repeat":"repeat","background-position":"center center","background-size":"auto","background-attachment":"scroll","background-type":"","background-media":"","overlay-type":"","overlay-color":"","overlay-opacity":"","overlay-gradient":""},"mobile":{"background-color":"var(--ast-global-color-5)","background-image":"","background-repeat":"repeat","background-position":"center center","background-size":"auto","background-attachment":"scroll","background-type":"","background-media":"","overlay-type":"","overlay-color":"","overlay-opacity":"","overlay-gradient":""}},"footnotes":""},"categories":[64],"tags":[349,98,142],"class_list":["post-10556","post","type-post","status-publish","format-standard","has-post-thumbnail","hentry","category-educacioinfantil","tag-i5","tag-medi","tag-projecte"],"post_mailing_queue_ids":[],"_links":{"self":[{"href":"https:\/\/agora.xtec.cat\/escgaspardeportola\/wp-json\/wp\/v2\/posts\/10556","targetHints":{"allow":["GET"]}}],"collection":[{"href":"https:\/\/agora.xtec.cat\/escgaspardeportola\/wp-json\/wp\/v2\/posts"}],"about":[{"href":"https:\/\/agora.xtec.cat\/escgaspardeportola\/wp-json\/wp\/v2\/types\/post"}],"author":[{"embeddable":true,"href":"https:\/\/agora.xtec.cat\/escgaspardeportola\/wp-json\/wp\/v2\/users\/59"}],"replies":[{"embeddable":true,"href":"https:\/\/agora.xtec.cat\/escgaspardeportola\/wp-json\/wp\/v2\/comments?post=10556"}],"version-history":[{"count":2,"href":"https:\/\/agora.xtec.cat\/escgaspardeportola\/wp-json\/wp\/v2\/posts\/10556\/revisions"}],"predecessor-version":[{"id":10559,"href":"https:\/\/agora.xtec.cat\/escgaspardeportola\/wp-json\/wp\/v2\/posts\/10556\/revisions\/10559"}],"wp:featuredmedia":[{"embeddable":true,"href":"https:\/\/agora.xtec.cat\/escgaspardeportola\/wp-json\/wp\/v2\/media\/10560"}],"wp:attachment":[{"href":"https:\/\/agora.xtec.cat\/escgaspardeportola\/wp-json\/wp\/v2\/media?parent=10556"}],"wp:term":[{"taxonomy":"category","embeddable":true,"href":"https:\/\/agora.xtec.cat\/escgaspardeportola\/wp-json\/wp\/v2\/categories?post=10556"},{"taxonomy":"post_tag","embeddable":true,"href":"https:\/\/agora.xtec.cat\/escgaspardeportola\/wp-json\/wp\/v2\/tags?post=10556"}],"curies":[{"name":"wp","href":"https:\/\/api.w.org\/{rel}","templated":true}]}}