{"id":10547,"date":"2025-06-04T19:01:55","date_gmt":"2025-06-04T17:01:55","guid":{"rendered":"https:\/\/agora.xtec.cat\/escgaspardeportola\/?p=10547"},"modified":"2025-06-04T19:49:16","modified_gmt":"2025-06-04T17:49:16","slug":"hort-a-i4","status":"publish","type":"post","link":"https:\/\/agora.xtec.cat\/escgaspardeportola\/educacioinfantil\/hort-a-i4\/","title":{"rendered":"Hort a I4"},"content":{"rendered":"<p><span style=\"font-weight: 400;\">Bona tarda, fam\u00edlies d&#8217;I4.<\/span><\/p>\n<p><span style=\"font-weight: 400;\">Avui volem compartir amb vosaltres el treball anual de l&#8217;hort.<\/span><\/p>\n<p><span style=\"font-weight: 400;\">Els infants d&#8217;I4, aquest curs hem tornat a cultivar el nostre hort escolar, gr\u00e0cies a la senyoreta Carmina.\u00a0<\/span><\/p>\n<p><span style=\"font-weight: 400;\">La classe dels camions, pastanagues i la classe dels bombers i les bomberes, br\u00f2coli.<\/span><\/p>\n<p><span style=\"font-weight: 400;\">Primer vam sembrar les llavors, usant oueres, un cop van germinar ho vam passar a testos i quan ja eren ben grans vam trasplantar-ho a l&#8217;hort. Vam regar, cuidar i mimar molt el nostre cultiu, vam treure&#8217;n les males herbes i els vam alimentar amb closques d&#8217;ou.<\/span><\/p>\n<p><span style=\"font-weight: 400;\">A la classe dels camions, el divendres vam fer la collita de pastanagues i<a href=\"https:\/\/drive.google.com\/drive\/folders\/1RTQDszufxZh84B0IzIbNrFUwCPXxUJ7q?usp=sharing\"> avui hem elaborat un delici\u00f3s \u201cCarrot cake\u201d<\/a> amb l\u2019ajuda dels bomber i bomberes i la senyoreta Carmina.\u00a0<\/span><\/p>\n<p><span style=\"font-weight: 400;\">Als bombers i bomberes, malauradament el br\u00f2coli se&#8217;ns va espigar i no ens el vam poder endur a casa per menjar-lo, per\u00f2 en vam recol\u00b7lectar les llavors que en vam poder extreure de les flors i l&#8217;hem tornat a sembrar de nou. Avui els vostres fills i filles s&#8217;han endut un test amb el br\u00f2coli sembrat, esperem que tingueu m\u00e9s sort aquest cop i en pugueu gaudir. Segur que fareu unes receptes delicioses!<\/span><\/p>\n<p><span style=\"font-weight: 400;\">Per altra banda, durant el curs escolar, tant els camions com els bombers i les bomberes hem estat fent diferents experiments;<\/span><\/p>\n<p><span style=\"font-weight: 400;\">&#8211; Vam posar l&#8217;api amb colorant alimentari i vam poder-ne observar com el xuclava i a poc a poc l&#8217;api es tenyia de color.<\/span><\/p>\n<p><span style=\"font-weight: 400;\">&#8211; Vam fer un pluvi\u00f2metre per poder observar la quantitat de pluja caiguda al nostre hort.<\/span><\/p>\n<p><span style=\"font-weight: 400;\">&#8211; Vam sembrar mill en dues safates, una la vam tapar i l&#8217;altra no, i vam veure les grans difer\u00e8ncies de tots dos cultius, tant en color com en forma, aix\u00ed vam apreciar la import\u00e0ncia de la llum solar.<\/span><\/p>\n<p><span style=\"font-weight: 400;\">&#8211; Tamb\u00e9 vam sembrar mongeteres i els hi vam construir un laberint que ens va servir per poder observar com creixeria esquivant els obstacles i buscant la llum solar.<\/span><\/p>\n<p><span style=\"font-weight: 400;\">Podeu veure les fotos dels diferents experiments aqu\u00ed.<\/span><\/p>\n<p><a href=\"https:\/\/drive.google.com\/drive\/folders\/1yLZRCPvLmAO_3spbz1u_PpyRG7xyEhci?usp=sharing\">FOTOS I4 A<\/a><\/p>\n<p><a href=\"https:\/\/drive.google.com\/drive\/folders\/127d30nRxwCrHJQTurv1Rzn8kmwl6ySiC?usp=sharing\">FOTOS I4 B<\/a><\/p>\n","protected":false},"excerpt":{"rendered":"<p>Bona tarda, fam\u00edlies d&#8217;I4. Avui volem compartir amb vosaltres el treball anual de l&#8217;hort. Els infants d&#8217;I4, aquest curs hem tornat a cultivar el nostre hort escolar, gr\u00e0cies a la senyoreta Carmina.\u00a0 La classe dels camions, pastanagues i la classe dels bombers i les bomberes, br\u00f2coli. Primer vam sembrar les llavors, usant oueres, un cop [&hellip;]<\/p>\n","protected":false},"author":37,"featured_media":0,"comment_status":"closed","ping_status":"closed","sticky":false,"template":"","format":"standard","meta":{"_bbp_topic_count":0,"_bbp_reply_count":0,"_bbp_total_topic_count":0,"_bbp_total_reply_count":0,"_bbp_voice_count":0,"_bbp_anonymous_reply_count":0,"_bbp_topic_count_hidden":0,"_bbp_reply_count_hidden":0,"_bbp_forum_subforum_count":0,"site-sidebar-layout":"default","site-content-layout":"","ast-site-content-layout":"","site-content-style":"default","site-sidebar-style":"default","ast-global-header-display":"","ast-banner-title-visibility":"","ast-main-header-display":"","ast-hfb-above-header-display":"","ast-hfb-below-header-display":"","ast-hfb-mobile-header-display":"","site-post-title":"","ast-breadcrumbs-content":"","ast-featured-img":"","footer-sml-layout":"","theme-transparent-header-meta":"","adv-header-id-meta":"","stick-header-meta":"","header-above-stick-meta":"","header-main-stick-meta":"","header-below-stick-meta":"","astra-migrate-meta-layouts":"default","ast-page-background-enabled":"default","ast-page-background-meta":{"desktop":{"background-color":"var(--ast-global-color-4)","background-image":"","background-repeat":"repeat","background-position":"center center","background-size":"auto","background-attachment":"scroll","background-type":"","background-media":"","overlay-type":"","overlay-color":"","overlay-opacity":"","overlay-gradient":""},"tablet":{"background-color":"","background-image":"","background-repeat":"repeat","background-position":"center center","background-size":"auto","background-attachment":"scroll","background-type":"","background-media":"","overlay-type":"","overlay-color":"","overlay-opacity":"","overlay-gradient":""},"mobile":{"background-color":"","background-image":"","background-repeat":"repeat","background-position":"center center","background-size":"auto","background-attachment":"scroll","background-type":"","background-media":"","overlay-type":"","overlay-color":"","overlay-opacity":"","overlay-gradient":""}},"ast-content-background-meta":{"desktop":{"background-color":"var(--ast-global-color-5)","background-image":"","background-repeat":"repeat","background-position":"center center","background-size":"auto","background-attachment":"scroll","background-type":"","background-media":"","overlay-type":"","overlay-color":"","overlay-opacity":"","overlay-gradient":""},"tablet":{"background-color":"var(--ast-global-color-5)","background-image":"","background-repeat":"repeat","background-position":"center center","background-size":"auto","background-attachment":"scroll","background-type":"","background-media":"","overlay-type":"","overlay-color":"","overlay-opacity":"","overlay-gradient":""},"mobile":{"background-color":"var(--ast-global-color-5)","background-image":"","background-repeat":"repeat","background-position":"center center","background-size":"auto","background-attachment":"scroll","background-type":"","background-media":"","overlay-type":"","overlay-color":"","overlay-opacity":"","overlay-gradient":""}},"footnotes":""},"categories":[64,110],"tags":[114],"class_list":["post-10547","post","type-post","status-publish","format-standard","hentry","category-educacioinfantil","category-escola-verda","tag-hort-escolar"],"post_mailing_queue_ids":[],"_links":{"self":[{"href":"https:\/\/agora.xtec.cat\/escgaspardeportola\/wp-json\/wp\/v2\/posts\/10547","targetHints":{"allow":["GET"]}}],"collection":[{"href":"https:\/\/agora.xtec.cat\/escgaspardeportola\/wp-json\/wp\/v2\/posts"}],"about":[{"href":"https:\/\/agora.xtec.cat\/escgaspardeportola\/wp-json\/wp\/v2\/types\/post"}],"author":[{"embeddable":true,"href":"https:\/\/agora.xtec.cat\/escgaspardeportola\/wp-json\/wp\/v2\/users\/37"}],"replies":[{"embeddable":true,"href":"https:\/\/agora.xtec.cat\/escgaspardeportola\/wp-json\/wp\/v2\/comments?post=10547"}],"version-history":[{"count":6,"href":"https:\/\/agora.xtec.cat\/escgaspardeportola\/wp-json\/wp\/v2\/posts\/10547\/revisions"}],"predecessor-version":[{"id":10553,"href":"https:\/\/agora.xtec.cat\/escgaspardeportola\/wp-json\/wp\/v2\/posts\/10547\/revisions\/10553"}],"wp:attachment":[{"href":"https:\/\/agora.xtec.cat\/escgaspardeportola\/wp-json\/wp\/v2\/media?parent=10547"}],"wp:term":[{"taxonomy":"category","embeddable":true,"href":"https:\/\/agora.xtec.cat\/escgaspardeportola\/wp-json\/wp\/v2\/categories?post=10547"},{"taxonomy":"post_tag","embeddable":true,"href":"https:\/\/agora.xtec.cat\/escgaspardeportola\/wp-json\/wp\/v2\/tags?post=10547"}],"curies":[{"name":"wp","href":"https:\/\/api.w.org\/{rel}","templated":true}]}}