{"id":10522,"date":"2025-05-29T21:23:21","date_gmt":"2025-05-29T19:23:21","guid":{"rendered":"https:\/\/agora.xtec.cat\/escgaspardeportola\/?p=10522"},"modified":"2025-05-29T21:42:47","modified_gmt":"2025-05-29T19:42:47","slug":"i5-cultivem-maduixes","status":"publish","type":"post","link":"https:\/\/agora.xtec.cat\/escgaspardeportola\/educacioinfantil\/i5-cultivem-maduixes\/","title":{"rendered":"I5B- CULTIVEM MADUIXES"},"content":{"rendered":"<p>Despr\u00e9s de la gran collita que ens van donar els espinacs, a I5 vam fer el planter de les maduixeres. Un cop vam plantar, regar i tenir cura d&#8217;elles, van comen\u00e7ar a donar els primers fruits. Per tal de que les maduixes que anaven creixent no es podreixin , per evitar tamb\u00e9 fongs, vam cobrir la terra amb bosses de pl\u00e0stic, per a que no estiguessin en contacte amb el terra. Ara que ja arriba l&#8217;estiu i encara han de seguir creixent, cada nen i nena s&#8217;ha emportat una maduixera a casa , avui les hem trasplantat als testos.<br \/>\n<a href=\"https:\/\/drive.google.com\/drive\/folders\/1usKLeg5CXxHZ5h2-kwucBzc82LfFNv0R\">Mireu, mireu!<\/a><\/p>\n","protected":false},"excerpt":{"rendered":"<p>Despr\u00e9s de la gran collita que ens van donar els espinacs, a I5 vam fer el planter de les maduixeres. Un cop vam plantar, regar i tenir cura d&#8217;elles, van comen\u00e7ar a donar els primers fruits. Per tal de que les maduixes que anaven creixent no es podreixin , per evitar tamb\u00e9 fongs, vam cobrir [&hellip;]<\/p>\n","protected":false},"author":59,"featured_media":10523,"comment_status":"closed","ping_status":"closed","sticky":false,"template":"","format":"standard","meta":{"_bbp_topic_count":0,"_bbp_reply_count":0,"_bbp_total_topic_count":0,"_bbp_total_reply_count":0,"_bbp_voice_count":0,"_bbp_anonymous_reply_count":0,"_bbp_topic_count_hidden":0,"_bbp_reply_count_hidden":0,"_bbp_forum_subforum_count":0,"site-sidebar-layout":"default","site-content-layout":"","ast-site-content-layout":"","site-content-style":"default","site-sidebar-style":"default","ast-global-header-display":"","ast-banner-title-visibility":"","ast-main-header-display":"","ast-hfb-above-header-display":"","ast-hfb-below-header-display":"","ast-hfb-mobile-header-display":"","site-post-title":"","ast-breadcrumbs-content":"","ast-featured-img":"","footer-sml-layout":"","theme-transparent-header-meta":"","adv-header-id-meta":"","stick-header-meta":"","header-above-stick-meta":"","header-main-stick-meta":"","header-below-stick-meta":"","astra-migrate-meta-layouts":"default","ast-page-background-enabled":"default","ast-page-background-meta":{"desktop":{"background-color":"var(--ast-global-color-4)","background-image":"","background-repeat":"repeat","background-position":"center center","background-size":"auto","background-attachment":"scroll","background-type":"","background-media":"","overlay-type":"","overlay-color":"","overlay-opacity":"","overlay-gradient":""},"tablet":{"background-color":"","background-image":"","background-repeat":"repeat","background-position":"center center","background-size":"auto","background-attachment":"scroll","background-type":"","background-media":"","overlay-type":"","overlay-color":"","overlay-opacity":"","overlay-gradient":""},"mobile":{"background-color":"","background-image":"","background-repeat":"repeat","background-position":"center center","background-size":"auto","background-attachment":"scroll","background-type":"","background-media":"","overlay-type":"","overlay-color":"","overlay-opacity":"","overlay-gradient":""}},"ast-content-background-meta":{"desktop":{"background-color":"var(--ast-global-color-5)","background-image":"","background-repeat":"repeat","background-position":"center center","background-size":"auto","background-attachment":"scroll","background-type":"","background-media":"","overlay-type":"","overlay-color":"","overlay-opacity":"","overlay-gradient":""},"tablet":{"background-color":"var(--ast-global-color-5)","background-image":"","background-repeat":"repeat","background-position":"center center","background-size":"auto","background-attachment":"scroll","background-type":"","background-media":"","overlay-type":"","overlay-color":"","overlay-opacity":"","overlay-gradient":""},"mobile":{"background-color":"var(--ast-global-color-5)","background-image":"","background-repeat":"repeat","background-position":"center center","background-size":"auto","background-attachment":"scroll","background-type":"","background-media":"","overlay-type":"","overlay-color":"","overlay-opacity":"","overlay-gradient":""}},"footnotes":""},"categories":[64,110,85],"tags":[114,494,507],"class_list":["post-10522","post","type-post","status-publish","format-standard","has-post-thumbnail","hentry","category-educacioinfantil","category-escola-verda","category-hort-a-lescola","tag-hort-escolar","tag-i5b","tag-maduixes"],"post_mailing_queue_ids":[],"_links":{"self":[{"href":"https:\/\/agora.xtec.cat\/escgaspardeportola\/wp-json\/wp\/v2\/posts\/10522","targetHints":{"allow":["GET"]}}],"collection":[{"href":"https:\/\/agora.xtec.cat\/escgaspardeportola\/wp-json\/wp\/v2\/posts"}],"about":[{"href":"https:\/\/agora.xtec.cat\/escgaspardeportola\/wp-json\/wp\/v2\/types\/post"}],"author":[{"embeddable":true,"href":"https:\/\/agora.xtec.cat\/escgaspardeportola\/wp-json\/wp\/v2\/users\/59"}],"replies":[{"embeddable":true,"href":"https:\/\/agora.xtec.cat\/escgaspardeportola\/wp-json\/wp\/v2\/comments?post=10522"}],"version-history":[{"count":3,"href":"https:\/\/agora.xtec.cat\/escgaspardeportola\/wp-json\/wp\/v2\/posts\/10522\/revisions"}],"predecessor-version":[{"id":10526,"href":"https:\/\/agora.xtec.cat\/escgaspardeportola\/wp-json\/wp\/v2\/posts\/10522\/revisions\/10526"}],"wp:featuredmedia":[{"embeddable":true,"href":"https:\/\/agora.xtec.cat\/escgaspardeportola\/wp-json\/wp\/v2\/media\/10523"}],"wp:attachment":[{"href":"https:\/\/agora.xtec.cat\/escgaspardeportola\/wp-json\/wp\/v2\/media?parent=10522"}],"wp:term":[{"taxonomy":"category","embeddable":true,"href":"https:\/\/agora.xtec.cat\/escgaspardeportola\/wp-json\/wp\/v2\/categories?post=10522"},{"taxonomy":"post_tag","embeddable":true,"href":"https:\/\/agora.xtec.cat\/escgaspardeportola\/wp-json\/wp\/v2\/tags?post=10522"}],"curies":[{"name":"wp","href":"https:\/\/api.w.org\/{rel}","templated":true}]}}