{"id":10479,"date":"2025-05-19T13:17:53","date_gmt":"2025-05-19T11:17:53","guid":{"rendered":"https:\/\/agora.xtec.cat\/escgaspardeportola\/?p=10479"},"modified":"2025-05-21T16:09:39","modified_gmt":"2025-05-21T14:09:39","slug":"instal%c2%b7lacio-artistica-christian-boltanski","status":"publish","type":"post","link":"https:\/\/agora.xtec.cat\/escgaspardeportola\/cicleinicial\/instal%c2%b7lacio-artistica-christian-boltanski\/","title":{"rendered":"INSTAL\u00b7LACI\u00d3 ART\u00cdSTICA. CHRISTIAN BOLTANSKI"},"content":{"rendered":"<p class=\"\" data-start=\"96\" data-end=\"131\"><strong data-start=\"96\" data-end=\"131\">Jugant amb la llum i les ombres<\/strong><\/p>\n<p class=\"\" data-start=\"133\" data-end=\"409\">A l\u2019aula hem descobert l\u2019artista Christian Boltanski i ens hem inspirat en la seva obra per crear una instal\u00b7laci\u00f3 art\u00edstica molt especial. Amb materials de color negre i filferro, cada alumne ha fet una creaci\u00f3 lliure que hem penjat i ajuntat per formar una pe\u00e7a col\u00b7lectiva.<\/p>\n<p class=\"\" data-start=\"411\" data-end=\"668\">Quan hi entra la llum del dia, veiem totes les formes i detalls de les figures que hem constru\u00eft. Per\u00f2 en apagar els llums i projectar-hi la llum d\u2019una llanterna, la m\u00e0gia apareix: les ombres es fonen i es transformen, mostrant-nos una nova visi\u00f3 de l\u2019obra.<\/p>\n<p data-start=\"411\" data-end=\"668\">Llums i ombres que formen part de la vida, com tamb\u00e9 de la figura de Gaspar de Portol\u00e0 i el colonialisme. Hem aprofitat per fer un petit enc\u00eds en el tema. Christian Boltanski ens aporta instal\u00b7lacions que ens fan refleccionar i ens fan part\u00edceps mitjan\u00e7ant el joc.<\/p>\n<p class=\"\" data-start=\"670\" data-end=\"722\">Una experi\u00e8ncia per veure l\u2019art amb uns altres ulls.<\/p>\n<p data-start=\"670\" data-end=\"722\">A continuaci\u00f3 \u00fas deixem un <a href=\"https:\/\/youtube.com\/shorts\/LoEe7oJAfa0?feature=share\">v\u00eddeo<\/a> on podreu veure el proc\u00e8s creatiu.<\/p>\n<p data-start=\"670\" data-end=\"722\">Alumnes de 2n de prim\u00e0ria.<\/p>\n","protected":false},"excerpt":{"rendered":"<p>Jugant amb la llum i les ombres A l\u2019aula hem descobert l\u2019artista Christian Boltanski i ens hem inspirat en la seva obra per crear una instal\u00b7laci\u00f3 art\u00edstica molt especial. Amb materials de color negre i filferro, cada alumne ha fet una creaci\u00f3 lliure que hem penjat i ajuntat per formar una pe\u00e7a col\u00b7lectiva. Quan hi [&hellip;]<\/p>\n","protected":false},"author":32,"featured_media":0,"comment_status":"closed","ping_status":"closed","sticky":false,"template":"","format":"standard","meta":{"_bbp_topic_count":0,"_bbp_reply_count":0,"_bbp_total_topic_count":0,"_bbp_total_reply_count":0,"_bbp_voice_count":0,"_bbp_anonymous_reply_count":0,"_bbp_topic_count_hidden":0,"_bbp_reply_count_hidden":0,"_bbp_forum_subforum_count":0,"site-sidebar-layout":"default","site-content-layout":"","ast-site-content-layout":"","site-content-style":"default","site-sidebar-style":"default","ast-global-header-display":"","ast-banner-title-visibility":"","ast-main-header-display":"","ast-hfb-above-header-display":"","ast-hfb-below-header-display":"","ast-hfb-mobile-header-display":"","site-post-title":"","ast-breadcrumbs-content":"","ast-featured-img":"","footer-sml-layout":"","theme-transparent-header-meta":"","adv-header-id-meta":"","stick-header-meta":"","header-above-stick-meta":"","header-main-stick-meta":"","header-below-stick-meta":"","astra-migrate-meta-layouts":"default","ast-page-background-enabled":"default","ast-page-background-meta":{"desktop":{"background-color":"var(--ast-global-color-4)","background-image":"","background-repeat":"repeat","background-position":"center center","background-size":"auto","background-attachment":"scroll","background-type":"","background-media":"","overlay-type":"","overlay-color":"","overlay-opacity":"","overlay-gradient":""},"tablet":{"background-color":"","background-image":"","background-repeat":"repeat","background-position":"center center","background-size":"auto","background-attachment":"scroll","background-type":"","background-media":"","overlay-type":"","overlay-color":"","overlay-opacity":"","overlay-gradient":""},"mobile":{"background-color":"","background-image":"","background-repeat":"repeat","background-position":"center center","background-size":"auto","background-attachment":"scroll","background-type":"","background-media":"","overlay-type":"","overlay-color":"","overlay-opacity":"","overlay-gradient":""}},"ast-content-background-meta":{"desktop":{"background-color":"var(--ast-global-color-5)","background-image":"","background-repeat":"repeat","background-position":"center center","background-size":"auto","background-attachment":"scroll","background-type":"","background-media":"","overlay-type":"","overlay-color":"","overlay-opacity":"","overlay-gradient":""},"tablet":{"background-color":"var(--ast-global-color-5)","background-image":"","background-repeat":"repeat","background-position":"center center","background-size":"auto","background-attachment":"scroll","background-type":"","background-media":"","overlay-type":"","overlay-color":"","overlay-opacity":"","overlay-gradient":""},"mobile":{"background-color":"var(--ast-global-color-5)","background-image":"","background-repeat":"repeat","background-position":"center center","background-size":"auto","background-attachment":"scroll","background-type":"","background-media":"","overlay-type":"","overlay-color":"","overlay-opacity":"","overlay-gradient":""}},"footnotes":""},"categories":[63],"tags":[],"class_list":["post-10479","post","type-post","status-publish","format-standard","hentry","category-cicleinicial"],"post_mailing_queue_ids":[],"_links":{"self":[{"href":"https:\/\/agora.xtec.cat\/escgaspardeportola\/wp-json\/wp\/v2\/posts\/10479","targetHints":{"allow":["GET"]}}],"collection":[{"href":"https:\/\/agora.xtec.cat\/escgaspardeportola\/wp-json\/wp\/v2\/posts"}],"about":[{"href":"https:\/\/agora.xtec.cat\/escgaspardeportola\/wp-json\/wp\/v2\/types\/post"}],"author":[{"embeddable":true,"href":"https:\/\/agora.xtec.cat\/escgaspardeportola\/wp-json\/wp\/v2\/users\/32"}],"replies":[{"embeddable":true,"href":"https:\/\/agora.xtec.cat\/escgaspardeportola\/wp-json\/wp\/v2\/comments?post=10479"}],"version-history":[{"count":2,"href":"https:\/\/agora.xtec.cat\/escgaspardeportola\/wp-json\/wp\/v2\/posts\/10479\/revisions"}],"predecessor-version":[{"id":10496,"href":"https:\/\/agora.xtec.cat\/escgaspardeportola\/wp-json\/wp\/v2\/posts\/10479\/revisions\/10496"}],"wp:attachment":[{"href":"https:\/\/agora.xtec.cat\/escgaspardeportola\/wp-json\/wp\/v2\/media?parent=10479"}],"wp:term":[{"taxonomy":"category","embeddable":true,"href":"https:\/\/agora.xtec.cat\/escgaspardeportola\/wp-json\/wp\/v2\/categories?post=10479"},{"taxonomy":"post_tag","embeddable":true,"href":"https:\/\/agora.xtec.cat\/escgaspardeportola\/wp-json\/wp\/v2\/tags?post=10479"}],"curies":[{"name":"wp","href":"https:\/\/api.w.org\/{rel}","templated":true}]}}