{"id":10427,"date":"2025-05-01T15:02:42","date_gmt":"2025-05-01T13:02:42","guid":{"rendered":"https:\/\/agora.xtec.cat\/escgaspardeportola\/?p=10427"},"modified":"2025-05-01T15:03:06","modified_gmt":"2025-05-01T13:03:06","slug":"a-tercer-acabem-el-projecte-de-les-plantes%f0%9f%aa%b4","status":"publish","type":"post","link":"https:\/\/agora.xtec.cat\/escgaspardeportola\/general\/a-tercer-acabem-el-projecte-de-les-plantes%f0%9f%aa%b4\/","title":{"rendered":"A TERCER ACABEM EL PROJECTE DE LES PLANTES\ud83e\udeb4"},"content":{"rendered":"<p><!--more--><img loading=\"lazy\" decoding=\"async\" class=\"wp-image-10428 alignleft\" src=\"https:\/\/agora.xtec.cat\/escgaspardeportola\/wp-content\/uploads\/usu555\/2025\/04\/IMG_6820-1-2-768x1024.jpg\" alt=\"\" width=\"208\" height=\"277\" srcset=\"https:\/\/agora.xtec.cat\/escgaspardeportola\/wp-content\/uploads\/usu555\/2025\/04\/IMG_6820-1-2-768x1024.jpg 768w, https:\/\/agora.xtec.cat\/escgaspardeportola\/wp-content\/uploads\/usu555\/2025\/04\/IMG_6820-1-2-225x300.jpg 225w, https:\/\/agora.xtec.cat\/escgaspardeportola\/wp-content\/uploads\/usu555\/2025\/04\/IMG_6820-1-2-1152x1536.jpg 1152w, https:\/\/agora.xtec.cat\/escgaspardeportola\/wp-content\/uploads\/usu555\/2025\/04\/IMG_6820-1-2-1536x2048.jpg 1536w, https:\/\/agora.xtec.cat\/escgaspardeportola\/wp-content\/uploads\/usu555\/2025\/04\/IMG_6820-1-2-scaled.jpg 1920w\" sizes=\"auto, (max-width: 208px) 100vw, 208px\" \/>L&#8217;alumnat de tercer ha acabat el darrer projecte de medi d&#8217;aquest curs: <strong>les plantes<\/strong>\ud83e\udeb4.<\/p>\n<p style=\"text-align: justify;\">Aix\u00ed doncs, han apr\u00e8s, primer de tot, <strong>qu\u00e8 necessiten<\/strong> les plantes <strong>per viure<\/strong> \u2600\ufe0f\ud83d\udca7\ud83c\udf43\ud83c\udf31, i ho han fet mitjan\u00e7ant un experiment i una observaci\u00f3\ud83d\udc40 di\u00e0ria. Despr\u00e9s, han apr\u00e8s tamb\u00e9 com realitzen les seves <strong>funcions vitals<\/strong>: com s&#8217;alimenten, com es relacionen i com es reprodueixen.<\/p>\n<p style=\"text-align: center;\">Com a <strong>producte final<\/strong>, han fet unes <strong>presentacions<\/strong> digitals\ud83d\udcbbamb el <strong>classroom<\/strong> relacionades amb les <strong>plantes medicinals<\/strong> que van veure a la sortida del Parc de les Olors\ud83d\udc43de Linyola.\u00a0 Finalment, l&#8217;han presentada oralment a la resta de companys\/es. Han fet tots una gran feina!<\/p>\n<p style=\"text-align: justify;\">Podeu veure un recull d&#8217;imatges \ud83d\udcf8 i tamb\u00e9 les presentacions clicant <a href=\"https:\/\/drive.google.com\/drive\/folders\/1cM92d2aUSht46cWtYslPgzrQOq3DFOo4?usp=sharing\">aqu\u00ed<\/a>.<\/p>\n","protected":false},"excerpt":{"rendered":"","protected":false},"author":47,"featured_media":0,"comment_status":"open","ping_status":"closed","sticky":false,"template":"","format":"standard","meta":{"_bbp_topic_count":0,"_bbp_reply_count":0,"_bbp_total_topic_count":0,"_bbp_total_reply_count":0,"_bbp_voice_count":0,"_bbp_anonymous_reply_count":0,"_bbp_topic_count_hidden":0,"_bbp_reply_count_hidden":0,"_bbp_forum_subforum_count":0,"site-sidebar-layout":"default","site-content-layout":"","ast-site-content-layout":"","site-content-style":"default","site-sidebar-style":"default","ast-global-header-display":"","ast-banner-title-visibility":"","ast-main-header-display":"","ast-hfb-above-header-display":"","ast-hfb-below-header-display":"","ast-hfb-mobile-header-display":"","site-post-title":"","ast-breadcrumbs-content":"","ast-featured-img":"","footer-sml-layout":"","theme-transparent-header-meta":"","adv-header-id-meta":"","stick-header-meta":"","header-above-stick-meta":"","header-main-stick-meta":"","header-below-stick-meta":"","astra-migrate-meta-layouts":"default","ast-page-background-enabled":"default","ast-page-background-meta":{"desktop":{"background-color":"var(--ast-global-color-4)","background-image":"","background-repeat":"repeat","background-position":"center center","background-size":"auto","background-attachment":"scroll","background-type":"","background-media":"","overlay-type":"","overlay-color":"","overlay-opacity":"","overlay-gradient":""},"tablet":{"background-color":"","background-image":"","background-repeat":"repeat","background-position":"center center","background-size":"auto","background-attachment":"scroll","background-type":"","background-media":"","overlay-type":"","overlay-color":"","overlay-opacity":"","overlay-gradient":""},"mobile":{"background-color":"","background-image":"","background-repeat":"repeat","background-position":"center center","background-size":"auto","background-attachment":"scroll","background-type":"","background-media":"","overlay-type":"","overlay-color":"","overlay-opacity":"","overlay-gradient":""}},"ast-content-background-meta":{"desktop":{"background-color":"var(--ast-global-color-5)","background-image":"","background-repeat":"repeat","background-position":"center center","background-size":"auto","background-attachment":"scroll","background-type":"","background-media":"","overlay-type":"","overlay-color":"","overlay-opacity":"","overlay-gradient":""},"tablet":{"background-color":"var(--ast-global-color-5)","background-image":"","background-repeat":"repeat","background-position":"center center","background-size":"auto","background-attachment":"scroll","background-type":"","background-media":"","overlay-type":"","overlay-color":"","overlay-opacity":"","overlay-gradient":""},"mobile":{"background-color":"var(--ast-global-color-5)","background-image":"","background-repeat":"repeat","background-position":"center center","background-size":"auto","background-attachment":"scroll","background-type":"","background-media":"","overlay-type":"","overlay-color":"","overlay-opacity":"","overlay-gradient":""}},"footnotes":""},"categories":[60,1],"tags":[61,406,98,142,191],"class_list":["post-10427","post","type-post","status-publish","format-standard","hentry","category-ciclemitja","category-general","tag-cicle-mitja","tag-les-plantes","tag-medi","tag-projecte","tag-tercer"],"post_mailing_queue_ids":[],"_links":{"self":[{"href":"https:\/\/agora.xtec.cat\/escgaspardeportola\/wp-json\/wp\/v2\/posts\/10427","targetHints":{"allow":["GET"]}}],"collection":[{"href":"https:\/\/agora.xtec.cat\/escgaspardeportola\/wp-json\/wp\/v2\/posts"}],"about":[{"href":"https:\/\/agora.xtec.cat\/escgaspardeportola\/wp-json\/wp\/v2\/types\/post"}],"author":[{"embeddable":true,"href":"https:\/\/agora.xtec.cat\/escgaspardeportola\/wp-json\/wp\/v2\/users\/47"}],"replies":[{"embeddable":true,"href":"https:\/\/agora.xtec.cat\/escgaspardeportola\/wp-json\/wp\/v2\/comments?post=10427"}],"version-history":[{"count":6,"href":"https:\/\/agora.xtec.cat\/escgaspardeportola\/wp-json\/wp\/v2\/posts\/10427\/revisions"}],"predecessor-version":[{"id":10458,"href":"https:\/\/agora.xtec.cat\/escgaspardeportola\/wp-json\/wp\/v2\/posts\/10427\/revisions\/10458"}],"wp:attachment":[{"href":"https:\/\/agora.xtec.cat\/escgaspardeportola\/wp-json\/wp\/v2\/media?parent=10427"}],"wp:term":[{"taxonomy":"category","embeddable":true,"href":"https:\/\/agora.xtec.cat\/escgaspardeportola\/wp-json\/wp\/v2\/categories?post=10427"},{"taxonomy":"post_tag","embeddable":true,"href":"https:\/\/agora.xtec.cat\/escgaspardeportola\/wp-json\/wp\/v2\/tags?post=10427"}],"curies":[{"name":"wp","href":"https:\/\/api.w.org\/{rel}","templated":true}]}}