{"id":10423,"date":"2025-04-24T10:43:25","date_gmt":"2025-04-24T08:43:25","guid":{"rendered":"https:\/\/agora.xtec.cat\/escgaspardeportola\/?p=10423"},"modified":"2025-04-24T10:43:25","modified_gmt":"2025-04-24T08:43:25","slug":"ix-jocs-florals-escolars","status":"publish","type":"post","link":"https:\/\/agora.xtec.cat\/escgaspardeportola\/portada\/ix-jocs-florals-escolars\/","title":{"rendered":"IX Jocs Florals Escolars"},"content":{"rendered":"<p><img loading=\"lazy\" decoding=\"async\" class=\"wp-image-10424 alignleft\" src=\"https:\/\/agora.xtec.cat\/escgaspardeportola\/wp-content\/uploads\/usu555\/2025\/04\/jocs-florals.jpg\" alt=\"\" width=\"393\" height=\"295\" srcset=\"https:\/\/agora.xtec.cat\/escgaspardeportola\/wp-content\/uploads\/usu555\/2025\/04\/jocs-florals.jpg 448w, https:\/\/agora.xtec.cat\/escgaspardeportola\/wp-content\/uploads\/usu555\/2025\/04\/jocs-florals-300x225.jpg 300w, https:\/\/agora.xtec.cat\/escgaspardeportola\/wp-content\/uploads\/usu555\/2025\/04\/jocs-florals-200x150.jpg 200w\" sizes=\"auto, (max-width: 393px) 100vw, 393px\" \/><\/p>\n<p>Dimecres 23 d&#8217;abril vam celebrar els IXens Jocs Florals Escolars de Gaspar de Portol\u00e0.<\/p>\n<p>Aquest curs l&#8217;eix que guiava els dibuixos i escrits era EL PAS DEL TEMPS. Es donen dos premis per curs.<\/p>\n<p>&nbsp;<\/p>\n<p>L&#8217;alumnat d&#8217;I3 i I4 va realitzar un dibuix des de que van n\u00e9ixer fins ara. A I5 va dibuixar el Balaguer d&#8217;abans i l&#8217;actual.<\/p>\n<p>A prim\u00e0ria es van fer quatre categories:<\/p>\n<ul>\n<li>Cicle inicial va escriure una an\u00e8cdota (1r) i una petita hist\u00f2ria a partir de dues paraules (2n)<\/li>\n<li>Cicle mitj\u00e0, una hist\u00f2ria a partir d&#8217;uns personatges, llocs i objectes de diferents \u00e8poques<\/li>\n<li>Cicle superior: una hist\u00f2ria a partir d&#8217;una imatge (t\u00e8cnica de Finestres)<\/li>\n<li>Aula d&#8217;acollida: una hist\u00f2ria en grup a partir d&#8217;una imatge.<\/li>\n<\/ul>\n<p>V\u00e0rem anunciar que els escrits guanyadors de quart i sis\u00e8 es presentarien als XIIens Jocs Florals de Catalunya.<\/p>\n<p>A m\u00e9s a m\u00e9s tamb\u00e9 es va donar un premi a la portada de la revista escolar que realitza l&#8217;alumnat de cicle superior.<\/p>\n<p><a href=\"https:\/\/drive.google.com\/drive\/folders\/1XBK8qnnFgEqBbsBcqK-_mOyG0hatm5O6\">CLIQUEU AQU\u00cd PER VEURE ALTRES FOTOGRAFIES<\/a><\/p>\n","protected":false},"excerpt":{"rendered":"<p>Dimecres 23 d&#8217;abril vam celebrar els IXens Jocs Florals Escolars de Gaspar de Portol\u00e0. Aquest curs l&#8217;eix que guiava els dibuixos i escrits era EL PAS DEL TEMPS. Es donen dos premis per curs. &nbsp; L&#8217;alumnat d&#8217;I3 i I4 va realitzar un dibuix des de que van n\u00e9ixer fins ara. A I5 va dibuixar el [&hellip;]<\/p>\n","protected":false},"author":12,"featured_media":0,"comment_status":"open","ping_status":"closed","sticky":false,"template":"","format":"standard","meta":{"_bbp_topic_count":0,"_bbp_reply_count":0,"_bbp_total_topic_count":0,"_bbp_total_reply_count":0,"_bbp_voice_count":0,"_bbp_anonymous_reply_count":0,"_bbp_topic_count_hidden":0,"_bbp_reply_count_hidden":0,"_bbp_forum_subforum_count":0,"site-sidebar-layout":"default","site-content-layout":"","ast-site-content-layout":"","site-content-style":"default","site-sidebar-style":"default","ast-global-header-display":"","ast-banner-title-visibility":"","ast-main-header-display":"","ast-hfb-above-header-display":"","ast-hfb-below-header-display":"","ast-hfb-mobile-header-display":"","site-post-title":"","ast-breadcrumbs-content":"","ast-featured-img":"","footer-sml-layout":"","theme-transparent-header-meta":"","adv-header-id-meta":"","stick-header-meta":"","header-above-stick-meta":"","header-main-stick-meta":"","header-below-stick-meta":"","astra-migrate-meta-layouts":"default","ast-page-background-enabled":"default","ast-page-background-meta":{"desktop":{"background-color":"var(--ast-global-color-4)","background-image":"","background-repeat":"repeat","background-position":"center center","background-size":"auto","background-attachment":"scroll","background-type":"","background-media":"","overlay-type":"","overlay-color":"","overlay-opacity":"","overlay-gradient":""},"tablet":{"background-color":"","background-image":"","background-repeat":"repeat","background-position":"center center","background-size":"auto","background-attachment":"scroll","background-type":"","background-media":"","overlay-type":"","overlay-color":"","overlay-opacity":"","overlay-gradient":""},"mobile":{"background-color":"","background-image":"","background-repeat":"repeat","background-position":"center center","background-size":"auto","background-attachment":"scroll","background-type":"","background-media":"","overlay-type":"","overlay-color":"","overlay-opacity":"","overlay-gradient":""}},"ast-content-background-meta":{"desktop":{"background-color":"var(--ast-global-color-5)","background-image":"","background-repeat":"repeat","background-position":"center center","background-size":"auto","background-attachment":"scroll","background-type":"","background-media":"","overlay-type":"","overlay-color":"","overlay-opacity":"","overlay-gradient":""},"tablet":{"background-color":"var(--ast-global-color-5)","background-image":"","background-repeat":"repeat","background-position":"center center","background-size":"auto","background-attachment":"scroll","background-type":"","background-media":"","overlay-type":"","overlay-color":"","overlay-opacity":"","overlay-gradient":""},"mobile":{"background-color":"var(--ast-global-color-5)","background-image":"","background-repeat":"repeat","background-position":"center center","background-size":"auto","background-attachment":"scroll","background-type":"","background-media":"","overlay-type":"","overlay-color":"","overlay-opacity":"","overlay-gradient":""}},"footnotes":""},"categories":[4],"tags":[234,35],"class_list":["post-10423","post","type-post","status-publish","format-standard","hentry","category-portada","tag-jocs-florals","tag-sant-jordi"],"post_mailing_queue_ids":[],"_links":{"self":[{"href":"https:\/\/agora.xtec.cat\/escgaspardeportola\/wp-json\/wp\/v2\/posts\/10423","targetHints":{"allow":["GET"]}}],"collection":[{"href":"https:\/\/agora.xtec.cat\/escgaspardeportola\/wp-json\/wp\/v2\/posts"}],"about":[{"href":"https:\/\/agora.xtec.cat\/escgaspardeportola\/wp-json\/wp\/v2\/types\/post"}],"author":[{"embeddable":true,"href":"https:\/\/agora.xtec.cat\/escgaspardeportola\/wp-json\/wp\/v2\/users\/12"}],"replies":[{"embeddable":true,"href":"https:\/\/agora.xtec.cat\/escgaspardeportola\/wp-json\/wp\/v2\/comments?post=10423"}],"version-history":[{"count":2,"href":"https:\/\/agora.xtec.cat\/escgaspardeportola\/wp-json\/wp\/v2\/posts\/10423\/revisions"}],"predecessor-version":[{"id":10426,"href":"https:\/\/agora.xtec.cat\/escgaspardeportola\/wp-json\/wp\/v2\/posts\/10423\/revisions\/10426"}],"wp:attachment":[{"href":"https:\/\/agora.xtec.cat\/escgaspardeportola\/wp-json\/wp\/v2\/media?parent=10423"}],"wp:term":[{"taxonomy":"category","embeddable":true,"href":"https:\/\/agora.xtec.cat\/escgaspardeportola\/wp-json\/wp\/v2\/categories?post=10423"},{"taxonomy":"post_tag","embeddable":true,"href":"https:\/\/agora.xtec.cat\/escgaspardeportola\/wp-json\/wp\/v2\/tags?post=10423"}],"curies":[{"name":"wp","href":"https:\/\/api.w.org\/{rel}","templated":true}]}}